{"id":107023,"date":"2024-04-23T19:18:23","date_gmt":"2024-04-24T00:18:23","guid":{"rendered":"https:\/\/www.noticiasperfil.com\/index\/?p=107023"},"modified":"2026-02-06T21:14:58","modified_gmt":"2026-02-07T03:14:58","slug":"tiempo-de-definiciones","status":"publish","type":"post","link":"https:\/\/www.noticiasperfil.com\/index\/2024\/04\/23\/tiempo-de-definiciones\/","title":{"rendered":"Tiempo de definiciones"},"content":{"rendered":"<p><img loading=\"lazy\" decoding=\"async\" data-attachment-id=\"107024\" data-permalink=\"https:\/\/www.noticiasperfil.com\/index\/2024\/04\/23\/tiempo-de-definiciones\/javier-gomez-cazarin-60\/\" data-orig-file=\"https:\/\/i1.wp.com\/www.noticiasperfil.com\/index\/wp-content\/uploads\/2024\/04\/javier-gomez-cazarin.jpg?fit=811%2C540&amp;ssl=1\" data-orig-size=\"811,540\" data-comments-opened=\"1\" data-image-meta=\"{&quot;aperture&quot;:&quot;0&quot;,&quot;credit&quot;:&quot;&quot;,&quot;camera&quot;:&quot;&quot;,&quot;caption&quot;:&quot;&quot;,&quot;created_timestamp&quot;:&quot;0&quot;,&quot;copyright&quot;:&quot;&quot;,&quot;focal_length&quot;:&quot;0&quot;,&quot;iso&quot;:&quot;0&quot;,&quot;shutter_speed&quot;:&quot;0&quot;,&quot;title&quot;:&quot;&quot;,&quot;orientation&quot;:&quot;0&quot;}\" data-image-title=\"javier-gomez-cazarin\" data-image-description=\"\" data-medium-file=\"https:\/\/i1.wp.com\/www.noticiasperfil.com\/index\/wp-content\/uploads\/2024\/04\/javier-gomez-cazarin.jpg?fit=660%2C365&amp;ssl=1\" data-large-file=\"https:\/\/i1.wp.com\/www.noticiasperfil.com\/index\/wp-content\/uploads\/2024\/04\/javier-gomez-cazarin.jpg?fit=640%2C379&amp;ssl=1\" class=\"aligncenter size-full wp-image-107024\" src=\"https:\/\/i1.wp.com\/www.noticiasperfil.com\/index\/wp-content\/uploads\/2024\/04\/javier-gomez-cazarin.jpg?resize=640%2C426&#038;ssl=1\" alt=\"\" width=\"640\" height=\"426\" data-recalc-dims=\"1\" \/><\/p>\n<p><strong>Parlamento Veracruz\/Por Juan Javier G\u00f3mez Cazar\u00edn*.<\/strong><\/p>\n<p>Siempre he dicho que me gusta hacer las cosas con pasi\u00f3n. No me gustan los vol\u00famenes bajos, ni la simpat\u00eda medio a escondidas, ni los respaldos discretos, timoratos o indecisos. Tampoco soy un amigo tibio. Si estoy en una causa o en un proyecto, estoy al 100 por ciento y me vuelco de todo coraz\u00f3n a chambear por completo y a defenderla contra todo.<\/p>\n<p>Aplica a mi partido, Morena; aplica a mi equipo de futbol, el Am\u00e9rica; y aplica en mis compromisos personales, porque es parte de mi naturaleza humana.<\/p>\n<p>Por eso, estoy convencido de que la neutralidad no es una opci\u00f3n digna para quienes nos dedicamos a la pol\u00edtica. Esconderse bajo una piedra para salir de ella el 3 de junio, buscando la indigna comodidad de haber sido ambiguos, esperando quedar bien con Chana y con Juana, representa una vergonzosa falta de seriedad personal y una ausencia total de compromiso con el pueblo.<\/p>\n<p>En este 2024 crucial para el futuro de M\u00e9xico y de Veracruz. Lo cierto es que no hay m\u00e1s que dos opciones. Eso ya lo sabemos. Vivimos el enfrentamiento electoral entre dos proyectos opuestos: continuar la transformaci\u00f3n de la vida p\u00fablica nacional; o la indeseable vuelta al pasado de corrupci\u00f3n y represi\u00f3n que padecimos bajo el r\u00e9gimen neoliberal del PRIAN.<\/p>\n<p>Quien pretenda argumentar a favor de una tercera v\u00eda est\u00e1 mintiendo y su mentira s\u00f3lo beneficia al PRIAN. Quienes as\u00ed se presentan a la sociedad, son ensarapados aliados del r\u00e9gimen pasado, encarnado en Veracruz en la impresentable familia Yunes.<\/p>\n<p>Espec\u00edficamente, Movimiento Ciudadano tuvo m\u00faltiples oportunidades de definirse a favor de la causa justa de la 4T. En cambio, prefirieron servir de rival a modo \u2013paleros, pues- para apuntalar la muy deteriorada oferta electoral de los Yunes.<\/p>\n<p>Abanderados por MC y con el voto del pueblo que confi\u00f3 en ellos, llegaron a sus respectivos Ayuntamientos los presidentes municipales de Cazones, Miguel \u00c1ngel Uribe Toral; de Coyutla, Jos\u00e9 Benito Picazo P\u00e9rez; de Oluta, Mauricio Alarc\u00f3n Castillo; y de Juan Rodr\u00edguez Clara, Eric Rodr\u00edguez B\u00e1rcenas.<\/p>\n<p>Y ayer domingo tras un examen de conciencia y de un reconocimiento honesto de lo que el pa\u00eds y nuestro Estado esperan de nosotros, todos ellos se han pronunciado p\u00fablicamente por la opci\u00f3n de la pr\u00f3xima gobernadora, Roc\u00edo Nahle Garc\u00eda. Expresaron su repudio al PRIAN y firmaron el compromiso pol\u00edtico de apoyar a la candidata de Morena.<br \/>\nMis respetos para ellos, que tuvieron el coraje de dar un paso al frente y alinearse con el lado correcto de la historia y con el mejor inter\u00e9s de los pueblos que representan.<\/p>\n<p><em>*Diputado local. Presidente de la Junta de Coordinaci\u00f3n Pol\u00edtica del Congreso del Estado.<\/em><\/p>\n","protected":false},"excerpt":{"rendered":"<p>Parlamento Veracruz\/Por Juan Javier G\u00f3mez Cazar\u00edn*. Siempre he dicho que me gusta hacer las cosas con pasi\u00f3n. No me gustan los vol\u00famenes bajos, ni la simpat\u00eda medio a escondidas, ni los respaldos discretos, timoratos o indecisos. Tampoco soy un amigo tibio. Si estoy en una causa o en un proyecto, estoy al 100 por ciento y me vuelco de todo coraz\u00f3n a chambear por completo y a defenderla contra todo. Aplica a mi partido, Morena; aplica a mi equipo de futbol, el Am\u00e9rica; y aplica en mis compromisos personales, porque&hellip;<\/p>\n","protected":false},"author":1,"featured_media":107024,"comment_status":"open","ping_status":"closed","sticky":false,"template":"","format":"standard","meta":{"footnotes":""},"categories":[8],"tags":[4842],"class_list":["post-107023","post","type-post","status-publish","format-standard","has-post-thumbnail","hentry","category-opinion","tag-juan-javier-gomez-cazarin"],"jetpack-related-posts":[],"_links":{"self":[{"href":"https:\/\/www.noticiasperfil.com\/index\/wp-json\/wp\/v2\/posts\/107023","targetHints":{"allow":["GET"]}}],"collection":[{"href":"https:\/\/www.noticiasperfil.com\/index\/wp-json\/wp\/v2\/posts"}],"about":[{"href":"https:\/\/www.noticiasperfil.com\/index\/wp-json\/wp\/v2\/types\/post"}],"author":[{"embeddable":true,"href":"https:\/\/www.noticiasperfil.com\/index\/wp-json\/wp\/v2\/users\/1"}],"replies":[{"embeddable":true,"href":"https:\/\/www.noticiasperfil.com\/index\/wp-json\/wp\/v2\/comments?post=107023"}],"version-history":[{"count":1,"href":"https:\/\/www.noticiasperfil.com\/index\/wp-json\/wp\/v2\/posts\/107023\/revisions"}],"predecessor-version":[{"id":107025,"href":"https:\/\/www.noticiasperfil.com\/index\/wp-json\/wp\/v2\/posts\/107023\/revisions\/107025"}],"wp:featuredmedia":[{"embeddable":true,"href":"https:\/\/www.noticiasperfil.com\/index\/wp-json\/wp\/v2\/media\/107024"}],"wp:attachment":[{"href":"https:\/\/www.noticiasperfil.com\/index\/wp-json\/wp\/v2\/media?parent=107023"}],"wp:term":[{"taxonomy":"category","embeddable":true,"href":"https:\/\/www.noticiasperfil.com\/index\/wp-json\/wp\/v2\/categories?post=107023"},{"taxonomy":"post_tag","embeddable":true,"href":"https:\/\/www.noticiasperfil.com\/index\/wp-json\/wp\/v2\/tags?post=107023"}],"curies":[{"name":"wp","href":"https:\/\/api.w.org\/{rel}","templated":true}]}}