{"id":107189,"date":"2024-05-04T16:00:08","date_gmt":"2024-05-04T21:00:08","guid":{"rendered":"https:\/\/www.noticiasperfil.com\/index\/?p=107189"},"modified":"2024-05-04T16:00:08","modified_gmt":"2024-05-04T21:00:08","slug":"desbandada-de-alcaldes-perredistas-se-suman-publicamente-al-proyecto-de-rocio-nahle","status":"publish","type":"post","link":"https:\/\/www.noticiasperfil.com\/index\/2024\/05\/04\/desbandada-de-alcaldes-perredistas-se-suman-publicamente-al-proyecto-de-rocio-nahle\/","title":{"rendered":"Desbandada de alcaldes perredistas; se suman p\u00fablicamente al proyecto de Roc\u00edo Nahle"},"content":{"rendered":"<p><img loading=\"lazy\" decoding=\"async\" data-attachment-id=\"107192\" data-permalink=\"https:\/\/www.noticiasperfil.com\/index\/2024\/05\/04\/desbandada-de-alcaldes-perredistas-se-suman-publicamente-al-proyecto-de-rocio-nahle\/alcaldes-03\/\" data-orig-file=\"https:\/\/i2.wp.com\/www.noticiasperfil.com\/index\/wp-content\/uploads\/2024\/05\/alcaldes-03.jpeg?fit=1600%2C1066&amp;ssl=1\" data-orig-size=\"1600,1066\" data-comments-opened=\"1\" data-image-meta=\"{&quot;aperture&quot;:&quot;0&quot;,&quot;credit&quot;:&quot;&quot;,&quot;camera&quot;:&quot;&quot;,&quot;caption&quot;:&quot;&quot;,&quot;created_timestamp&quot;:&quot;0&quot;,&quot;copyright&quot;:&quot;&quot;,&quot;focal_length&quot;:&quot;0&quot;,&quot;iso&quot;:&quot;0&quot;,&quot;shutter_speed&quot;:&quot;0&quot;,&quot;title&quot;:&quot;&quot;,&quot;orientation&quot;:&quot;0&quot;}\" data-image-title=\"alcaldes-03\" data-image-description=\"\" data-medium-file=\"https:\/\/i2.wp.com\/www.noticiasperfil.com\/index\/wp-content\/uploads\/2024\/05\/alcaldes-03.jpeg?fit=660%2C365&amp;ssl=1\" data-large-file=\"https:\/\/i2.wp.com\/www.noticiasperfil.com\/index\/wp-content\/uploads\/2024\/05\/alcaldes-03.jpeg?fit=640%2C366&amp;ssl=1\" class=\"aligncenter size-full wp-image-107192\" src=\"https:\/\/i2.wp.com\/www.noticiasperfil.com\/index\/wp-content\/uploads\/2024\/05\/alcaldes-03.jpeg?resize=640%2C426&#038;ssl=1\" alt=\"\" width=\"640\" height=\"426\" srcset=\"https:\/\/i2.wp.com\/www.noticiasperfil.com\/index\/wp-content\/uploads\/2024\/05\/alcaldes-03.jpeg?w=1600&amp;ssl=1 1600w, https:\/\/i2.wp.com\/www.noticiasperfil.com\/index\/wp-content\/uploads\/2024\/05\/alcaldes-03.jpeg?resize=1536%2C1023&amp;ssl=1 1536w, https:\/\/i2.wp.com\/www.noticiasperfil.com\/index\/wp-content\/uploads\/2024\/05\/alcaldes-03.jpeg?w=1280&amp;ssl=1 1280w\" sizes=\"auto, (max-width: 640px) 100vw, 640px\" data-recalc-dims=\"1\" \/><\/p>\n<ul>\n<li><em><strong>Diez alcaldes veracruzanos -siete del PRD, dos de RSP y uno de Todos por Veracruz-, manifestaron su respaldo a la candidata de Morena a la gubernatura de Veracruz.<\/strong><\/em><\/li>\n<li><em><strong>Estos presidentes municipales se suman a los seis de Movimiento Ciudadano que en d\u00edas pasados hicieron p\u00fablico su apoyo a Nahle.<\/strong><\/em><\/li>\n<\/ul>\n<p>Boca del R\u00edo, Ver. 04 de mayo de 2024.- Al grito de \u201cgobernadora, gobernadora, gobernadora\u201d, diez alcaldes veracruzanos -del PRD y de RSP- firmaron el compromiso de sumarse al proyecto de la Cuarta Transformaci\u00f3n con Roc\u00edo Nahle Garc\u00eda en el estado de Veracruz y Claudia Sheinbaum Pardo en todo M\u00e9xico.<\/p>\n<p>En un ambiente festivo y sin precedentes, siete alcaldes del PRD y tres de Redes Sociales Progresistas (RSP), hicieron p\u00fablica su adhesi\u00f3n a Nahle Garc\u00eda, dejando en claro que ella es el rumbo correcto para consolidar la Cuarta Transformaci\u00f3n de Veracruz.<\/p>\n<p><img loading=\"lazy\" decoding=\"async\" data-attachment-id=\"107190\" data-permalink=\"https:\/\/www.noticiasperfil.com\/index\/2024\/05\/04\/desbandada-de-alcaldes-perredistas-se-suman-publicamente-al-proyecto-de-rocio-nahle\/alcaldes-01\/\" data-orig-file=\"https:\/\/i1.wp.com\/www.noticiasperfil.com\/index\/wp-content\/uploads\/2024\/05\/alcaldes-01.jpeg?fit=1600%2C1066&amp;ssl=1\" data-orig-size=\"1600,1066\" data-comments-opened=\"1\" data-image-meta=\"{&quot;aperture&quot;:&quot;0&quot;,&quot;credit&quot;:&quot;&quot;,&quot;camera&quot;:&quot;&quot;,&quot;caption&quot;:&quot;&quot;,&quot;created_timestamp&quot;:&quot;0&quot;,&quot;copyright&quot;:&quot;&quot;,&quot;focal_length&quot;:&quot;0&quot;,&quot;iso&quot;:&quot;0&quot;,&quot;shutter_speed&quot;:&quot;0&quot;,&quot;title&quot;:&quot;&quot;,&quot;orientation&quot;:&quot;0&quot;}\" data-image-title=\"alcaldes-01\" data-image-description=\"\" data-medium-file=\"https:\/\/i1.wp.com\/www.noticiasperfil.com\/index\/wp-content\/uploads\/2024\/05\/alcaldes-01.jpeg?fit=660%2C365&amp;ssl=1\" data-large-file=\"https:\/\/i1.wp.com\/www.noticiasperfil.com\/index\/wp-content\/uploads\/2024\/05\/alcaldes-01.jpeg?fit=640%2C366&amp;ssl=1\" class=\"aligncenter size-full wp-image-107190\" src=\"https:\/\/i1.wp.com\/www.noticiasperfil.com\/index\/wp-content\/uploads\/2024\/05\/alcaldes-01.jpeg?resize=640%2C426&#038;ssl=1\" alt=\"\" width=\"640\" height=\"426\" srcset=\"https:\/\/i1.wp.com\/www.noticiasperfil.com\/index\/wp-content\/uploads\/2024\/05\/alcaldes-01.jpeg?w=1600&amp;ssl=1 1600w, https:\/\/i1.wp.com\/www.noticiasperfil.com\/index\/wp-content\/uploads\/2024\/05\/alcaldes-01.jpeg?resize=1536%2C1023&amp;ssl=1 1536w, https:\/\/i1.wp.com\/www.noticiasperfil.com\/index\/wp-content\/uploads\/2024\/05\/alcaldes-01.jpeg?w=1280&amp;ssl=1 1280w\" sizes=\"auto, (max-width: 640px) 100vw, 640px\" data-recalc-dims=\"1\" \/><\/p>\n<p>De esta forma, Gabriela Alejandra Ortega Molina, de Colipa -PRD-; Armando Fern\u00e1ndez de la Cruz, de Chicontepec -PRD-; David Sangabriel Bonilla, de Banderilla -PRD-; Fernando Luna Solis, de Zacualpan -PRD-; Abraham Landa Candanedo, de Tenochtitl\u00e1n -PRD-; Leobardo G\u00f3mez Gonz\u00e1lez, de Tihuatl\u00e1n -PRD-; Andr\u00e9s Chac\u00f3n Hern\u00e1ndez, de Ignacio de la Llave -Todos por Veracruz-, as\u00ed como Ra\u00fal Velasco Hern\u00e1ndez, de Tlacolulan -RSP-; Dami\u00e1n Hern\u00e1ndez Hern\u00e1ndez, de Rafael Lucio -RSP- y Salvador Hern\u00e1ndez Hern\u00e1ndez, de Acajete -RSP-, se suman a los seis alcaldes del partido Movimiento Ciudadano (MC) que en d\u00edas pasados tambi\u00e9n manifestaron su respaldo a la candidata morenista a la gubernatura del estado.<\/p>\n<p>Cabe mencionar que los municipios de Zacualpan, Banderilla y Tihuatl\u00e1n eran bastiones del PRD y hoy su suman de manera firme y decidida a Roc\u00edo Nahle.<\/p>\n<p>Ante la burbuja de aire, encuestas manipuladas y campa\u00f1as de odio lanzadas por los opositores representados por la Mafia de los Yunes, las cuales no permean en la poblaci\u00f3n, el diputado Juan Javier G\u00f3mez Cazar\u00edn, manifest\u00f3 su benepl\u00e1cito por la adhesi\u00f3n de dichos alcaldes convencidos de que Roc\u00edo Nahle Garc\u00eda es quien ganar\u00e1 la elecci\u00f3n del pr\u00f3ximo 2 de junio.<\/p>\n<p><img loading=\"lazy\" decoding=\"async\" data-attachment-id=\"107191\" data-permalink=\"https:\/\/www.noticiasperfil.com\/index\/2024\/05\/04\/desbandada-de-alcaldes-perredistas-se-suman-publicamente-al-proyecto-de-rocio-nahle\/alcaldes-02\/\" data-orig-file=\"https:\/\/i0.wp.com\/www.noticiasperfil.com\/index\/wp-content\/uploads\/2024\/05\/alcaldes-02.jpeg?fit=1600%2C1066&amp;ssl=1\" data-orig-size=\"1600,1066\" data-comments-opened=\"1\" data-image-meta=\"{&quot;aperture&quot;:&quot;0&quot;,&quot;credit&quot;:&quot;&quot;,&quot;camera&quot;:&quot;&quot;,&quot;caption&quot;:&quot;&quot;,&quot;created_timestamp&quot;:&quot;0&quot;,&quot;copyright&quot;:&quot;&quot;,&quot;focal_length&quot;:&quot;0&quot;,&quot;iso&quot;:&quot;0&quot;,&quot;shutter_speed&quot;:&quot;0&quot;,&quot;title&quot;:&quot;&quot;,&quot;orientation&quot;:&quot;0&quot;}\" data-image-title=\"alcaldes-02\" data-image-description=\"\" data-medium-file=\"https:\/\/i0.wp.com\/www.noticiasperfil.com\/index\/wp-content\/uploads\/2024\/05\/alcaldes-02.jpeg?fit=660%2C365&amp;ssl=1\" data-large-file=\"https:\/\/i0.wp.com\/www.noticiasperfil.com\/index\/wp-content\/uploads\/2024\/05\/alcaldes-02.jpeg?fit=640%2C366&amp;ssl=1\" class=\"aligncenter size-full wp-image-107191\" src=\"https:\/\/i0.wp.com\/www.noticiasperfil.com\/index\/wp-content\/uploads\/2024\/05\/alcaldes-02.jpeg?resize=640%2C426&#038;ssl=1\" alt=\"\" width=\"640\" height=\"426\" srcset=\"https:\/\/i0.wp.com\/www.noticiasperfil.com\/index\/wp-content\/uploads\/2024\/05\/alcaldes-02.jpeg?w=1600&amp;ssl=1 1600w, https:\/\/i0.wp.com\/www.noticiasperfil.com\/index\/wp-content\/uploads\/2024\/05\/alcaldes-02.jpeg?resize=1536%2C1023&amp;ssl=1 1536w, https:\/\/i0.wp.com\/www.noticiasperfil.com\/index\/wp-content\/uploads\/2024\/05\/alcaldes-02.jpeg?w=1280&amp;ssl=1 1280w\" sizes=\"auto, (max-width: 640px) 100vw, 640px\" data-recalc-dims=\"1\" \/><\/p>\n<p>\u201cEsto no es ninguna simulaci\u00f3n, son los alcaldes quienes tienen el contacto directo con el pueblo. Nosotros, a diferencia del PRD, estamos en un movimiento que lo que ha hecho siempre es sumar y escuchar la voz del pueblo\u201d.<\/p>\n<p>En ese sentido agreg\u00f3: \u201cEsa es la diferencia de nosotros con la mafia de los Yunes, porque aqu\u00ed tomamos en cuenta siempre al pueblo. Ellos est\u00e1n viviendo en una burbuja porque se enga\u00f1an ellos mismos a trav\u00e9s de encuestas falsas. Pero no, ah\u00ed est\u00e1n las reales. Aqu\u00ed no hay simulaci\u00f3n, aqu\u00ed tenemos al pueblo, y el pueblo est\u00e1 siendo representado por Morena. Y el pueblo quiere y se va a manifestar el 2 de junio, porque no les vamos a ganar ni por 20 puntos, le vamos a ganar por m\u00e1s de 30 puntos, les vamos a ganar tres a uno a la mafia de los Yunes\u201d.<\/p>\n<p>G\u00f3mez Cazar\u00edn dej\u00f3 en claro que los opositores -encabezados por los Yunes- est\u00e1n acostumbrados a jugar sucio y a encabezar gobiernos lejanos a la gente.<\/p>\n<p>\u201cSe llevaron al \u00c1guila de Veracruz, se llevaron a los Tiburones, desaparecieron a los Halcones, y estaban as\u00ed, tantito as\u00ed, de desaparecer el acuario. Tuvo que venir el Gobierno de la Cuarta Transformaci\u00f3n a recuperar todo, y esto les duele. Pero no les duele porque est\u00e9n a favor del pueblo. A la mafia de los Yunes les duele porque les duele la bolsa. Quieren seguir viviendo del erario p\u00fablico, y eso el pueblo de Veracruz no lo va a permitir\u201d, dijo.<\/p>\n<p><img loading=\"lazy\" decoding=\"async\" data-attachment-id=\"107193\" data-permalink=\"https:\/\/www.noticiasperfil.com\/index\/2024\/05\/04\/desbandada-de-alcaldes-perredistas-se-suman-publicamente-al-proyecto-de-rocio-nahle\/alcaldes-04\/\" data-orig-file=\"https:\/\/i2.wp.com\/www.noticiasperfil.com\/index\/wp-content\/uploads\/2024\/05\/alcaldes-04.jpeg?fit=1600%2C900&amp;ssl=1\" data-orig-size=\"1600,900\" data-comments-opened=\"1\" data-image-meta=\"{&quot;aperture&quot;:&quot;0&quot;,&quot;credit&quot;:&quot;&quot;,&quot;camera&quot;:&quot;&quot;,&quot;caption&quot;:&quot;&quot;,&quot;created_timestamp&quot;:&quot;0&quot;,&quot;copyright&quot;:&quot;&quot;,&quot;focal_length&quot;:&quot;0&quot;,&quot;iso&quot;:&quot;0&quot;,&quot;shutter_speed&quot;:&quot;0&quot;,&quot;title&quot;:&quot;&quot;,&quot;orientation&quot;:&quot;0&quot;}\" data-image-title=\"alcaldes-04\" data-image-description=\"\" data-medium-file=\"https:\/\/i2.wp.com\/www.noticiasperfil.com\/index\/wp-content\/uploads\/2024\/05\/alcaldes-04.jpeg?fit=660%2C365&amp;ssl=1\" data-large-file=\"https:\/\/i2.wp.com\/www.noticiasperfil.com\/index\/wp-content\/uploads\/2024\/05\/alcaldes-04.jpeg?fit=640%2C366&amp;ssl=1\" class=\"aligncenter size-full wp-image-107193\" src=\"https:\/\/i2.wp.com\/www.noticiasperfil.com\/index\/wp-content\/uploads\/2024\/05\/alcaldes-04.jpeg?resize=640%2C360&#038;ssl=1\" alt=\"\" width=\"640\" height=\"360\" srcset=\"https:\/\/i2.wp.com\/www.noticiasperfil.com\/index\/wp-content\/uploads\/2024\/05\/alcaldes-04.jpeg?w=1600&amp;ssl=1 1600w, https:\/\/i2.wp.com\/www.noticiasperfil.com\/index\/wp-content\/uploads\/2024\/05\/alcaldes-04.jpeg?resize=500%2C280&amp;ssl=1 500w, https:\/\/i2.wp.com\/www.noticiasperfil.com\/index\/wp-content\/uploads\/2024\/05\/alcaldes-04.jpeg?resize=1536%2C864&amp;ssl=1 1536w, https:\/\/i2.wp.com\/www.noticiasperfil.com\/index\/wp-content\/uploads\/2024\/05\/alcaldes-04.jpeg?w=1280&amp;ssl=1 1280w\" sizes=\"auto, (max-width: 640px) 100vw, 640px\" data-recalc-dims=\"1\" \/><\/p>\n<p>A cada arenga del legislador cuando se refer\u00eda al candidato opositor Jos\u00e9 Yunes y sus familiares del mismo apellido, los asistentes gritaban: \u201cfuera, fuera, fuera\u201d.<\/p>\n<p>En su intervenci\u00f3n, como encargada de dar la bienvenida a los alcaldes veracruzanos que se suman al movimiento de la 4T, Rosa Mar\u00eda Hern\u00e1ndez Espejo, candidata a diputada federal por el distrito 12 del puerto de Veracruz, se dijo honrada por ser testigo del respaldo de diez alcaldes m\u00e1s al proyecto de Roc\u00edo Nahle Garc\u00eda.<\/p>\n<p>\u201cDoy la bienvenida a todos estos alcaldes que han trabajado mucho en sus municipios y que ahora se suman a este movimiento, este gran movimiento que representa la lucha social de millones de mexicanos que durante muchos a\u00f1os, al igual que ustedes, hemos trabajado por un M\u00e9xico mejor, por acabar con los privilegios de unos cuantos que est\u00e1n empecinados en no perderlos, y acabar con la desigualdad social\u201d.<\/p>\n<p>Finalmente, el alcalde Chicontepec, Armando Fern\u00e1ndez de la Cruz, habl\u00f3 en nombre de sus hom\u00f3logos all\u00ed presentes, manifestando la importancia de que m\u00e1s presidentes municipales se sumen a la abanderada de la coalici\u00f3n Sigamos Haciendo Historia.<\/p>\n<p><img loading=\"lazy\" decoding=\"async\" data-attachment-id=\"107194\" data-permalink=\"https:\/\/www.noticiasperfil.com\/index\/2024\/05\/04\/desbandada-de-alcaldes-perredistas-se-suman-publicamente-al-proyecto-de-rocio-nahle\/alcaldes-05\/\" data-orig-file=\"https:\/\/i0.wp.com\/www.noticiasperfil.com\/index\/wp-content\/uploads\/2024\/05\/alcaldes-05.jpeg?fit=1600%2C1066&amp;ssl=1\" data-orig-size=\"1600,1066\" data-comments-opened=\"1\" data-image-meta=\"{&quot;aperture&quot;:&quot;0&quot;,&quot;credit&quot;:&quot;&quot;,&quot;camera&quot;:&quot;&quot;,&quot;caption&quot;:&quot;&quot;,&quot;created_timestamp&quot;:&quot;0&quot;,&quot;copyright&quot;:&quot;&quot;,&quot;focal_length&quot;:&quot;0&quot;,&quot;iso&quot;:&quot;0&quot;,&quot;shutter_speed&quot;:&quot;0&quot;,&quot;title&quot;:&quot;&quot;,&quot;orientation&quot;:&quot;0&quot;}\" data-image-title=\"alcaldes-05\" data-image-description=\"\" data-medium-file=\"https:\/\/i0.wp.com\/www.noticiasperfil.com\/index\/wp-content\/uploads\/2024\/05\/alcaldes-05.jpeg?fit=660%2C365&amp;ssl=1\" data-large-file=\"https:\/\/i0.wp.com\/www.noticiasperfil.com\/index\/wp-content\/uploads\/2024\/05\/alcaldes-05.jpeg?fit=640%2C366&amp;ssl=1\" class=\"aligncenter size-full wp-image-107194\" src=\"https:\/\/i0.wp.com\/www.noticiasperfil.com\/index\/wp-content\/uploads\/2024\/05\/alcaldes-05.jpeg?resize=640%2C426&#038;ssl=1\" alt=\"\" width=\"640\" height=\"426\" srcset=\"https:\/\/i0.wp.com\/www.noticiasperfil.com\/index\/wp-content\/uploads\/2024\/05\/alcaldes-05.jpeg?w=1600&amp;ssl=1 1600w, https:\/\/i0.wp.com\/www.noticiasperfil.com\/index\/wp-content\/uploads\/2024\/05\/alcaldes-05.jpeg?resize=1536%2C1023&amp;ssl=1 1536w, https:\/\/i0.wp.com\/www.noticiasperfil.com\/index\/wp-content\/uploads\/2024\/05\/alcaldes-05.jpeg?w=1280&amp;ssl=1 1280w\" sizes=\"auto, (max-width: 640px) 100vw, 640px\" data-recalc-dims=\"1\" \/><\/p>\n<p>\u201cYo creo lo importante es que muchos alcaldes que no hemos ganado por Morena nos estamos sumando. Yo gan\u00e9 por el PRD, llevaba m\u00e1s de 10 a\u00f1os visitando, tocando puertas, convenciendo a la gente. \u00bfY por qu\u00e9 estoy aqu\u00ed? Porque el gobierno de Morena ha apoyado bastante a mi municipio. En Chicontepec somos alrededor de 50 mil habitantes, el 87 por ciento hablamos n\u00e1huatl. Y muchas comunidades y carreteras estaban abandonadas. Sin embargo, con este gobierno, nos han autorizado m\u00e1s caminos a cosechas, m\u00e1s tramos carreteros. Estas son las razones del por qu\u00e9 yo me sumo a este proyecto\u201d.<\/p>\n<p>Finalmente, como parte del programa, cada uno de los alcaldes firm\u00f3 una carta-compromiso de apoyo y adhesi\u00f3n a la candidata Roc\u00edo Nahle Garc\u00eda.<\/p>\n","protected":false},"excerpt":{"rendered":"<p>Diez alcaldes veracruzanos -siete del PRD, dos de RSP y uno de Todos por Veracruz-, manifestaron su respaldo a la candidata de Morena a la gubernatura de Veracruz. Estos presidentes municipales se suman a los seis de Movimiento Ciudadano que en d\u00edas pasados hicieron p\u00fablico su apoyo a Nahle. Boca del R\u00edo, Ver. 04 de mayo de 2024.- Al grito de \u201cgobernadora, gobernadora, gobernadora\u201d, diez alcaldes veracruzanos -del PRD y de RSP- firmaron el compromiso de sumarse al proyecto de la Cuarta Transformaci\u00f3n con Roc\u00edo Nahle Garc\u00eda en el estado&hellip;<\/p>\n","protected":false},"author":1,"featured_media":107192,"comment_status":"open","ping_status":"closed","sticky":false,"template":"","format":"standard","meta":{"footnotes":""},"categories":[3,4],"tags":[4842,3387],"class_list":["post-107189","post","type-post","status-publish","format-standard","has-post-thumbnail","hentry","category-destacadas","category-estatal","tag-juan-javier-gomez-cazarin","tag-rocio-nahle-garcia"],"jetpack-related-posts":[],"_links":{"self":[{"href":"https:\/\/www.noticiasperfil.com\/index\/wp-json\/wp\/v2\/posts\/107189","targetHints":{"allow":["GET"]}}],"collection":[{"href":"https:\/\/www.noticiasperfil.com\/index\/wp-json\/wp\/v2\/posts"}],"about":[{"href":"https:\/\/www.noticiasperfil.com\/index\/wp-json\/wp\/v2\/types\/post"}],"author":[{"embeddable":true,"href":"https:\/\/www.noticiasperfil.com\/index\/wp-json\/wp\/v2\/users\/1"}],"replies":[{"embeddable":true,"href":"https:\/\/www.noticiasperfil.com\/index\/wp-json\/wp\/v2\/comments?post=107189"}],"version-history":[{"count":1,"href":"https:\/\/www.noticiasperfil.com\/index\/wp-json\/wp\/v2\/posts\/107189\/revisions"}],"predecessor-version":[{"id":107195,"href":"https:\/\/www.noticiasperfil.com\/index\/wp-json\/wp\/v2\/posts\/107189\/revisions\/107195"}],"wp:featuredmedia":[{"embeddable":true,"href":"https:\/\/www.noticiasperfil.com\/index\/wp-json\/wp\/v2\/media\/107192"}],"wp:attachment":[{"href":"https:\/\/www.noticiasperfil.com\/index\/wp-json\/wp\/v2\/media?parent=107189"}],"wp:term":[{"taxonomy":"category","embeddable":true,"href":"https:\/\/www.noticiasperfil.com\/index\/wp-json\/wp\/v2\/categories?post=107189"},{"taxonomy":"post_tag","embeddable":true,"href":"https:\/\/www.noticiasperfil.com\/index\/wp-json\/wp\/v2\/tags?post=107189"}],"curies":[{"name":"wp","href":"https:\/\/api.w.org\/{rel}","templated":true}]}}