{"id":107196,"date":"2024-05-04T20:56:07","date_gmt":"2024-05-05T01:56:07","guid":{"rendered":"https:\/\/www.noticiasperfil.com\/index\/?p=107196"},"modified":"2024-05-04T20:56:07","modified_gmt":"2024-05-05T01:56:07","slug":"la-mafia-de-los-yunes-se-queda-sola-cazarin-le-suma-10-alcaldes-del-prd-y-rsp-a-rocio-nahle","status":"publish","type":"post","link":"https:\/\/www.noticiasperfil.com\/index\/2024\/05\/04\/la-mafia-de-los-yunes-se-queda-sola-cazarin-le-suma-10-alcaldes-del-prd-y-rsp-a-rocio-nahle\/","title":{"rendered":"La mafia de los Yunes se queda sola; Cazar\u00edn le suma 10 alcaldes del PRD y RSP a Roc\u00edo Nahle"},"content":{"rendered":"<p><img loading=\"lazy\" decoding=\"async\" data-attachment-id=\"107199\" data-permalink=\"https:\/\/www.noticiasperfil.com\/index\/2024\/05\/04\/la-mafia-de-los-yunes-se-queda-sola-cazarin-le-suma-10-alcaldes-del-prd-y-rsp-a-rocio-nahle\/cazarin-03-30\/\" data-orig-file=\"https:\/\/i0.wp.com\/www.noticiasperfil.com\/index\/wp-content\/uploads\/2024\/05\/cazarin-03.jpeg?fit=1600%2C1066&amp;ssl=1\" data-orig-size=\"1600,1066\" data-comments-opened=\"1\" data-image-meta=\"{&quot;aperture&quot;:&quot;0&quot;,&quot;credit&quot;:&quot;&quot;,&quot;camera&quot;:&quot;&quot;,&quot;caption&quot;:&quot;&quot;,&quot;created_timestamp&quot;:&quot;0&quot;,&quot;copyright&quot;:&quot;&quot;,&quot;focal_length&quot;:&quot;0&quot;,&quot;iso&quot;:&quot;0&quot;,&quot;shutter_speed&quot;:&quot;0&quot;,&quot;title&quot;:&quot;&quot;,&quot;orientation&quot;:&quot;0&quot;}\" data-image-title=\"cazarin-03\" data-image-description=\"\" data-medium-file=\"https:\/\/i0.wp.com\/www.noticiasperfil.com\/index\/wp-content\/uploads\/2024\/05\/cazarin-03.jpeg?fit=660%2C365&amp;ssl=1\" data-large-file=\"https:\/\/i0.wp.com\/www.noticiasperfil.com\/index\/wp-content\/uploads\/2024\/05\/cazarin-03.jpeg?fit=640%2C366&amp;ssl=1\" class=\"aligncenter size-full wp-image-107199\" src=\"https:\/\/i0.wp.com\/www.noticiasperfil.com\/index\/wp-content\/uploads\/2024\/05\/cazarin-03.jpeg?resize=640%2C426&#038;ssl=1\" alt=\"\" width=\"640\" height=\"426\" srcset=\"https:\/\/i0.wp.com\/www.noticiasperfil.com\/index\/wp-content\/uploads\/2024\/05\/cazarin-03.jpeg?w=1600&amp;ssl=1 1600w, https:\/\/i0.wp.com\/www.noticiasperfil.com\/index\/wp-content\/uploads\/2024\/05\/cazarin-03.jpeg?resize=1536%2C1023&amp;ssl=1 1536w, https:\/\/i0.wp.com\/www.noticiasperfil.com\/index\/wp-content\/uploads\/2024\/05\/cazarin-03.jpeg?w=1280&amp;ssl=1 1280w\" sizes=\"auto, (max-width: 640px) 100vw, 640px\" data-recalc-dims=\"1\" \/><\/p>\n<ul>\n<li><em><strong>Veracruz no debe volver a caer en sus manos; este 2 de junio, con el voto del pueblo, les ganaremos 3 a 1 en las urnas, dijo.<\/strong><\/em><\/li>\n<\/ul>\n<p>Veracruz, Ver.- \u00a1Lo volvi\u00f3 a hacer! El diputado local Juan Javier G\u00f3mez Cazar\u00edn sigue desarticulando a la mafia de los Yunes y los va dejando solos en el estado; ahora le quit\u00f3 a 10 presidentes municipales, emanados del PRD y Redes Sociales Progresistas (RSP), para sumarlos al proyecto pol\u00edtico de Roc\u00edo Nahle Garc\u00eda, candidata a la gubernatura de Veracruz por la alianza \u201cSigamos Haciendo Historia\u201d, al ser la mejor opci\u00f3n para continuar con el progreso y bienestar del pueblo.<\/p>\n<p>El morenista, presidente de la Junta de Coordinaci\u00f3n Pol\u00edtica del Congreso local, resalt\u00f3 que quienes ahora se suman lo hacen convencidos de que Veracruz no necesita volver al r\u00e9gimen pol\u00edtico del pasado y, por convicci\u00f3n, comparten que el estado no debe volver a caer en las manos de los Yunes azules y rojos.<\/p>\n<p><img loading=\"lazy\" decoding=\"async\" data-attachment-id=\"107198\" data-permalink=\"https:\/\/www.noticiasperfil.com\/index\/2024\/05\/04\/la-mafia-de-los-yunes-se-queda-sola-cazarin-le-suma-10-alcaldes-del-prd-y-rsp-a-rocio-nahle\/cazarin-02-37\/\" data-orig-file=\"https:\/\/i1.wp.com\/www.noticiasperfil.com\/index\/wp-content\/uploads\/2024\/05\/cazarin-02.jpeg?fit=1600%2C1066&amp;ssl=1\" data-orig-size=\"1600,1066\" data-comments-opened=\"1\" data-image-meta=\"{&quot;aperture&quot;:&quot;0&quot;,&quot;credit&quot;:&quot;&quot;,&quot;camera&quot;:&quot;&quot;,&quot;caption&quot;:&quot;&quot;,&quot;created_timestamp&quot;:&quot;0&quot;,&quot;copyright&quot;:&quot;&quot;,&quot;focal_length&quot;:&quot;0&quot;,&quot;iso&quot;:&quot;0&quot;,&quot;shutter_speed&quot;:&quot;0&quot;,&quot;title&quot;:&quot;&quot;,&quot;orientation&quot;:&quot;0&quot;}\" data-image-title=\"cazarin-02\" data-image-description=\"\" data-medium-file=\"https:\/\/i1.wp.com\/www.noticiasperfil.com\/index\/wp-content\/uploads\/2024\/05\/cazarin-02.jpeg?fit=660%2C365&amp;ssl=1\" data-large-file=\"https:\/\/i1.wp.com\/www.noticiasperfil.com\/index\/wp-content\/uploads\/2024\/05\/cazarin-02.jpeg?fit=640%2C366&amp;ssl=1\" class=\"aligncenter size-full wp-image-107198\" src=\"https:\/\/i1.wp.com\/www.noticiasperfil.com\/index\/wp-content\/uploads\/2024\/05\/cazarin-02.jpeg?resize=640%2C426&#038;ssl=1\" alt=\"\" width=\"640\" height=\"426\" srcset=\"https:\/\/i1.wp.com\/www.noticiasperfil.com\/index\/wp-content\/uploads\/2024\/05\/cazarin-02.jpeg?w=1600&amp;ssl=1 1600w, https:\/\/i1.wp.com\/www.noticiasperfil.com\/index\/wp-content\/uploads\/2024\/05\/cazarin-02.jpeg?resize=1536%2C1023&amp;ssl=1 1536w, https:\/\/i1.wp.com\/www.noticiasperfil.com\/index\/wp-content\/uploads\/2024\/05\/cazarin-02.jpeg?w=1280&amp;ssl=1 1280w\" sizes=\"auto, (max-width: 640px) 100vw, 640px\" data-recalc-dims=\"1\" \/><\/p>\n<p>\u201cEstamos en un movimiento que lo que ha hecho siempre es sumar y escuchar la voz del pueblo; esa es la diferencia de nosotros con la mafia de los Yunes, porque aqu\u00ed tomamos en cuenta siempre al pueblo. Ellos est\u00e1n viviendo en una burbuja, porque se enga\u00f1an ellos mismos a trav\u00e9s de encuestas falsas. Pero no, ah\u00ed est\u00e1n las reales\u201d, expres\u00f3, al darle la bienvenida a las autoridades municipales.<\/p>\n<p>E indic\u00f3 que aqu\u00ed no hay simulaci\u00f3n, porque de este lado est\u00e1 el pueblo y con su voto este 2 de junio, a la mafia de los Yunes no les vamos a ganar por 20 puntos, sino por 30, es decir, en las urnas Roc\u00edo Nahle se impondr\u00e1 3 a 1.<\/p>\n<p>G\u00f3mez Cazar\u00edn les record\u00f3 a los presidentes municipales del PRD y RSP que los Yunes est\u00e1n acostumbrados a jugar sucio, a traicionarlos, no s\u00f3lo a ellos, sino al pueblo, porque siempre han encabezado o participado en gobiernos alejados de la gente, porque lo \u00fanico que persiguen es seguir viviendo del presupuesto.<\/p>\n<p>El diputado Juan Javier G\u00f3mez Cazar\u00edn sigue tejiendo fino, desarticulando bastiones del PAN, Movimiento Ciudadano y ahora del PRD, para sumar esos liderazgos pol\u00edticos al proyecto que Roc\u00edo Nahle tiene para todo Veracruz, porque es una mujer inteligente, capaz, honesta de convicciones firmes, compromiso y, sobre todo, de resultados para el pueblo.<\/p>\n<p><img loading=\"lazy\" decoding=\"async\" data-attachment-id=\"107197\" data-permalink=\"https:\/\/www.noticiasperfil.com\/index\/2024\/05\/04\/la-mafia-de-los-yunes-se-queda-sola-cazarin-le-suma-10-alcaldes-del-prd-y-rsp-a-rocio-nahle\/cazarin-01-38\/\" data-orig-file=\"https:\/\/i2.wp.com\/www.noticiasperfil.com\/index\/wp-content\/uploads\/2024\/05\/cazarin-01.jpeg?fit=1600%2C1066&amp;ssl=1\" data-orig-size=\"1600,1066\" data-comments-opened=\"1\" data-image-meta=\"{&quot;aperture&quot;:&quot;0&quot;,&quot;credit&quot;:&quot;&quot;,&quot;camera&quot;:&quot;&quot;,&quot;caption&quot;:&quot;&quot;,&quot;created_timestamp&quot;:&quot;0&quot;,&quot;copyright&quot;:&quot;&quot;,&quot;focal_length&quot;:&quot;0&quot;,&quot;iso&quot;:&quot;0&quot;,&quot;shutter_speed&quot;:&quot;0&quot;,&quot;title&quot;:&quot;&quot;,&quot;orientation&quot;:&quot;0&quot;}\" data-image-title=\"cazarin-01\" data-image-description=\"\" data-medium-file=\"https:\/\/i2.wp.com\/www.noticiasperfil.com\/index\/wp-content\/uploads\/2024\/05\/cazarin-01.jpeg?fit=660%2C365&amp;ssl=1\" data-large-file=\"https:\/\/i2.wp.com\/www.noticiasperfil.com\/index\/wp-content\/uploads\/2024\/05\/cazarin-01.jpeg?fit=640%2C366&amp;ssl=1\" class=\"aligncenter size-full wp-image-107197\" src=\"https:\/\/i2.wp.com\/www.noticiasperfil.com\/index\/wp-content\/uploads\/2024\/05\/cazarin-01.jpeg?resize=640%2C426&#038;ssl=1\" alt=\"\" width=\"640\" height=\"426\" srcset=\"https:\/\/i2.wp.com\/www.noticiasperfil.com\/index\/wp-content\/uploads\/2024\/05\/cazarin-01.jpeg?w=1600&amp;ssl=1 1600w, https:\/\/i2.wp.com\/www.noticiasperfil.com\/index\/wp-content\/uploads\/2024\/05\/cazarin-01.jpeg?resize=1536%2C1023&amp;ssl=1 1536w, https:\/\/i2.wp.com\/www.noticiasperfil.com\/index\/wp-content\/uploads\/2024\/05\/cazarin-01.jpeg?w=1280&amp;ssl=1 1280w\" sizes=\"auto, (max-width: 640px) 100vw, 640px\" data-recalc-dims=\"1\" \/><\/p>\n<p>Junto con la candidata a la diputaci\u00f3n federal por Veracruz, Rosa Mar\u00eda Hern\u00e1ndez Espejo, Juan Javier G\u00f3mez Cazar\u00edn atestigu\u00f3 la firma del compromiso para respaldar a las candidatas a la presidencia de la Rep\u00fablica y Gobierno de Veracruz, Claudia Sheinbaum y Roc\u00edo Nahle, respectivamente, de la presidenta municipal Gabriela Alejandra Ortega Molina, Colipa (PRD); Armando Fern\u00e1ndez de la Cruz, Chicontepec (PRD); David Sangabriel Bonilla, Banderilla (PRD); Fernando Luna Sol\u00eds, Zacualpan (PRD); Abraham Landa Candanedo, Tenochtitl\u00e1n (PRD); Leobardo G\u00f3mez Gonz\u00e1lez, Tihuatl\u00e1n (PRD); Andr\u00e9s Chac\u00f3n Hern\u00e1ndez, Ignacio de la Llave (Todos por Veracruz); Ra\u00fal Velasco Hern\u00e1ndez, Tlacolulan (RSP); Dami\u00e1n Hern\u00e1ndez Hern\u00e1ndez, Rafael Lucio (RSP), y Salvador Hern\u00e1ndez Hern\u00e1ndez, Acajete (RSP).<\/p>\n<p>Cabe destacar que en d\u00edas pasados Juan Javier G\u00f3mez Cazar\u00edn anunci\u00f3 tambi\u00e9n la suma de seis presidentes municipales emanados del Movimiento Ciudadano (MC), consolid\u00e1ndose como uno de los principales operadores pol\u00edticos de Roc\u00edo Nahle rumbo al 2 de junio.<\/p>\n","protected":false},"excerpt":{"rendered":"<p>Veracruz no debe volver a caer en sus manos; este 2 de junio, con el voto del pueblo, les ganaremos 3 a 1 en las urnas, dijo. Veracruz, Ver.- \u00a1Lo volvi\u00f3 a hacer! El diputado local Juan Javier G\u00f3mez Cazar\u00edn sigue desarticulando a la mafia de los Yunes y los va dejando solos en el estado; ahora le quit\u00f3 a 10 presidentes municipales, emanados del PRD y Redes Sociales Progresistas (RSP), para sumarlos al proyecto pol\u00edtico de Roc\u00edo Nahle Garc\u00eda, candidata a la gubernatura de Veracruz por la alianza \u201cSigamos&hellip;<\/p>\n","protected":false},"author":1,"featured_media":107199,"comment_status":"open","ping_status":"closed","sticky":false,"template":"","format":"standard","meta":{"footnotes":""},"categories":[3,4],"tags":[],"class_list":["post-107196","post","type-post","status-publish","format-standard","has-post-thumbnail","hentry","category-destacadas","category-estatal"],"jetpack-related-posts":[],"_links":{"self":[{"href":"https:\/\/www.noticiasperfil.com\/index\/wp-json\/wp\/v2\/posts\/107196","targetHints":{"allow":["GET"]}}],"collection":[{"href":"https:\/\/www.noticiasperfil.com\/index\/wp-json\/wp\/v2\/posts"}],"about":[{"href":"https:\/\/www.noticiasperfil.com\/index\/wp-json\/wp\/v2\/types\/post"}],"author":[{"embeddable":true,"href":"https:\/\/www.noticiasperfil.com\/index\/wp-json\/wp\/v2\/users\/1"}],"replies":[{"embeddable":true,"href":"https:\/\/www.noticiasperfil.com\/index\/wp-json\/wp\/v2\/comments?post=107196"}],"version-history":[{"count":1,"href":"https:\/\/www.noticiasperfil.com\/index\/wp-json\/wp\/v2\/posts\/107196\/revisions"}],"predecessor-version":[{"id":107200,"href":"https:\/\/www.noticiasperfil.com\/index\/wp-json\/wp\/v2\/posts\/107196\/revisions\/107200"}],"wp:featuredmedia":[{"embeddable":true,"href":"https:\/\/www.noticiasperfil.com\/index\/wp-json\/wp\/v2\/media\/107199"}],"wp:attachment":[{"href":"https:\/\/www.noticiasperfil.com\/index\/wp-json\/wp\/v2\/media?parent=107196"}],"wp:term":[{"taxonomy":"category","embeddable":true,"href":"https:\/\/www.noticiasperfil.com\/index\/wp-json\/wp\/v2\/categories?post=107196"},{"taxonomy":"post_tag","embeddable":true,"href":"https:\/\/www.noticiasperfil.com\/index\/wp-json\/wp\/v2\/tags?post=107196"}],"curies":[{"name":"wp","href":"https:\/\/api.w.org\/{rel}","templated":true}]}}