{"id":107564,"date":"2024-06-06T15:34:30","date_gmt":"2024-06-06T20:34:30","guid":{"rendered":"https:\/\/www.noticiasperfil.com\/index\/?p=107564"},"modified":"2024-06-06T15:34:30","modified_gmt":"2024-06-06T20:34:30","slug":"en-la-celebracion-del-dia-mundial-del-medio-ambiente-destacan-impulso-historico-de-cuitlahuac-garcia-a-las-acciones-medioambientales-en-veracruz","status":"publish","type":"post","link":"https:\/\/www.noticiasperfil.com\/index\/2024\/06\/06\/en-la-celebracion-del-dia-mundial-del-medio-ambiente-destacan-impulso-historico-de-cuitlahuac-garcia-a-las-acciones-medioambientales-en-veracruz\/","title":{"rendered":"En la celebraci\u00f3n del D\u00eda Mundial del Medio Ambiente, destacan impulso hist\u00f3rico de Cuitl\u00e1huac Garc\u00eda a las acciones medioambientales en Veracruz"},"content":{"rendered":"<p><img loading=\"lazy\" decoding=\"async\" data-attachment-id=\"107565\" data-permalink=\"https:\/\/www.noticiasperfil.com\/index\/2024\/06\/06\/en-la-celebracion-del-dia-mundial-del-medio-ambiente-destacan-impulso-historico-de-cuitlahuac-garcia-a-las-acciones-medioambientales-en-veracruz\/sergio-lima\/\" data-orig-file=\"https:\/\/i1.wp.com\/www.noticiasperfil.com\/index\/wp-content\/uploads\/2024\/06\/sergio-lima.jpg?fit=900%2C600&amp;ssl=1\" data-orig-size=\"900,600\" data-comments-opened=\"1\" data-image-meta=\"{&quot;aperture&quot;:&quot;0&quot;,&quot;credit&quot;:&quot;&quot;,&quot;camera&quot;:&quot;&quot;,&quot;caption&quot;:&quot;&quot;,&quot;created_timestamp&quot;:&quot;0&quot;,&quot;copyright&quot;:&quot;&quot;,&quot;focal_length&quot;:&quot;0&quot;,&quot;iso&quot;:&quot;0&quot;,&quot;shutter_speed&quot;:&quot;0&quot;,&quot;title&quot;:&quot;&quot;,&quot;orientation&quot;:&quot;0&quot;}\" data-image-title=\"sergio-lima\" data-image-description=\"\" data-medium-file=\"https:\/\/i1.wp.com\/www.noticiasperfil.com\/index\/wp-content\/uploads\/2024\/06\/sergio-lima.jpg?fit=660%2C365&amp;ssl=1\" data-large-file=\"https:\/\/i1.wp.com\/www.noticiasperfil.com\/index\/wp-content\/uploads\/2024\/06\/sergio-lima.jpg?fit=640%2C366&amp;ssl=1\" class=\"aligncenter size-full wp-image-107565\" src=\"https:\/\/i1.wp.com\/www.noticiasperfil.com\/index\/wp-content\/uploads\/2024\/06\/sergio-lima.jpg?resize=640%2C427&#038;ssl=1\" alt=\"\" width=\"640\" height=\"427\" data-recalc-dims=\"1\" \/><\/p>\n<ul>\n<li><em><strong>En toda la historia de Veracruz ha sido el gobernador que m\u00e1s impulso ha dado a las acciones en pro del medio ambiente, sostuvieron Sergio Rodr\u00edguez Cort\u00e9s y Jos\u00e9 Luis Lima Franco, al encabezar la celebraci\u00f3n del D\u00eda Mundial del Medio Ambiente en el Parque Ecol\u00f3gico Ciudad de los Ahuehuetes.<\/strong><\/em><\/li>\n<\/ul>\n<p>Camerino Z. Mendoza, Ver.- Cuitl\u00e1huac Garc\u00eda Jim\u00e9nez ha sido el gobernador en toda la historia de Veracruz que m\u00e1s ha invertido en la preservaci\u00f3n del medio ambiente, consolidando a los veracruzanos como la Generaci\u00f3n de la Restauraci\u00f3n.<\/p>\n<p>Lo anterior fue manifestado en el emblem\u00e1tico Parque Ecol\u00f3gico Ciudad de los Ahuehuetes, en donde el Procurador Estatal de Protecci\u00f3n al Medio Ambiente, Sergio Rodr\u00edguez Cort\u00e9s, y el titular de la Sefiplan, Jos\u00e9 Luis Lima Franco, encabezaron una emotiva ceremonia para celebrar el D\u00eda Mundial del Medio Ambiente.<\/p>\n<p>Acompa\u00f1ados de los alcaldes H\u00e9ctor Rodr\u00edguez Cort\u00e9s, Ernesto Torres Navarro, Inocencio Ram\u00edrez Lim\u00f3n y Guadalupe Dur\u00e1n Alc\u00e1ntara, de Ciudad Mendoza, Nogales, Aquila y Mariano Escobedo, respectivamente, ambos funcionarios destacaron el impulso que el gobierno de Cuitl\u00e1huac Garc\u00eda ha realizado en materia de cuidado y conservaci\u00f3n de la naturaleza.<\/p>\n<p>\u201cEs muy importante esta convocatoria en este lugar que escogimos, que es la zona del bosque de galer\u00eda de ahuehuetes, entre Ciudad Mendoza y Nogales, como un s\u00edmbolo de lo que representa la naturaleza en nuestra vida y a lo largo de nuestra historia. Hoy afortunadamente Veracruz tiene suelos ricos, pero si no hacemos acciones para cuidar la tierra, vamos degradando estos ecosistemas, mermando su capacidad natural que tienen y generando estos desequilibrios que generan grandes impactos al medio ambiente y a la humanidad\u201d, explic\u00f3 el titular de la PMA durante su intervenci\u00f3n.<\/p>\n<p>En ese sentido record\u00f3 que el D\u00eda Mundial del Medio Ambiente se celebra desde 1973 y se eligi\u00f3 el 5 de junio porque en esa misma fecha, en 1972, se desarroll\u00f3 en Estocolmo, Suecia, la primera gran conferencia sobre temas relativos al medio ambiente, conocida como la Cumbre de Estocolmo.<\/p>\n<p>Cada 5 de junio, dijo, se celebra este d\u00eda tan relevante para que los habitantes de este planeta recuerden lo importante que es cuidar el \u00fanico hogar que tenemos y, adem\u00e1s, para realizar acciones concretas y urgentes que ayuden a mitigar la contaminaci\u00f3n y remediar los da\u00f1os que ya se han generado.<\/p>\n<p>En el 2024, comento, esta fecha se centrar\u00e1 en la urgente necesidad de restaurar las tierras, detener la desertificaci\u00f3n y fortalecer la resiliencia a la sequ\u00eda bajo el lema \u201cNuestras tierras. Nuestro futuro. Somos la #Generaci\u00f3nRestauraci\u00f3n\u201d.<\/p>\n<p>Sergio Rodr\u00edguez Cort\u00e9s justific\u00f3 la ausencia del gobernador Cuitl\u00e1huac Garc\u00eda Jim\u00e9nez, debido a que se encuentra atendiendo oportunamente la emergencia generada por los incendios en la zona centro y las altas monta\u00f1as del estado de Veracruz.<\/p>\n<p>\u201cEl d\u00eda de ayer habl\u00e9 con gobernador y se disculpa con todos, pero es m\u00e1s importante hoy atender el tema de los incendios forestales que en toda esta regi\u00f3n tienen un impacto severo. Lamentablemente, la deforestaci\u00f3n que ha tenido pues no permite tener un control, no existe una contenci\u00f3n natural ante estas agresiones por las severas temperaturas y cualquier cosa, por muy peque\u00f1a o simple que sea, levanta un incendio y si no se atiende a tiempo se vuelve incontrolable. Esas son las consecuencias que se viven\u201d, dijo.<\/p>\n<p>En ese sentido mencion\u00f3 que nuestros ancestros consideraban a la madre tierra como la diosa, como la gran naturaleza, la veneraban, la respetaban, hab\u00eda caza moderada, no se acababan a los animalitos, hab\u00eda reproducci\u00f3n.<br \/>\n\u201cEntonces esas generaciones ancestrales que nos dieron origen a nuestra cultura mexicana, debemos rescatarlas. Nosotros no somos la Generaci\u00f3n del Facebook, el Twitter, esas est\u00e1 bien, nos sirven, pero nosotros somos mexicas, otom\u00edes, olmecas, eso somos y debi\u00e9ramos estar aprendiendo de nuestra cultura para respetar a nuestra naturaleza y al medio ambiente\u201d.<\/p>\n<p>Al referirse al Parque Ecol\u00f3gico Ciudad de los Ahuehuetes, el funcionario estatal anunci\u00f3 la instalaci\u00f3n de una Unidad de Manejo Ambiental (UMA) en dicha reserva natural, cuya inversi\u00f3n correr\u00e1 a cargo de la dependencia a su cargo.<\/p>\n<p>\u201cY el d\u00eda de hoy quiero dar a conocer que vamos a establecer una Uma en esta zona. \u00bfQu\u00e9 es una Uma? Pues es una unidad de manejo ambiental, la estamos trabajando con nuestra gente, porque ya tenemos un listado de fauna nativa de esta zona, aves, reptiles, mam\u00edferos. Vamos a reproducir los animales nativos end\u00e9micos de esta tierra, para volver a restaurar. Vamos a trabajar sobre toda la cadena alimenticia para poner alimento y reproducir las plantas que comen y lograr esta cadena alimenticia\u201d.<\/p>\n<p>Explic\u00f3 que esta reserva natural es una zona privilegiada que cuenta con 600 \u00e1rboles ahuehuetes majestuosos, muchos de m\u00e1s de 60 metros de altura, en donde la PMA est\u00e1 trabajando en su embellecimiento y conservaci\u00f3n.<\/p>\n<p>En su intervenci\u00f3n, el titular de la Secretar\u00eda de Finanzas y Planeaci\u00f3n del gobierno del estado, Jos\u00e9 Luis Lima Franco, agradeci\u00f3 al titular de la PMA la invitaci\u00f3n a esta importante celebraci\u00f3n, destacando el impulso dado por el gobernador Cuitl\u00e1huac Garc\u00eda Jim\u00e9nez a las acciones en pro del medio ambiente.<\/p>\n<p>\u201cMe da mucho gusto poder estar en este marco del D\u00eda Mundial del Medio Ambiente, refrendando el compromiso que ha hecho el gobernador del estado con el medio ambiente. Refrendar que esta obra es parte de ese compromiso que hizo el gobernador por atender los temas medioambientales en Veracruz. Y quisiera darles un dato importante: no ha habido otro gobernador en la historia de Veracruz que haya destinado m\u00e1s recursos para la atenci\u00f3n del Medio Ambiente. El ingeniero Cuitl\u00e1huac ha dado todo el impulso para la atenci\u00f3n de todas las obras en Veracruz, desde rellenos sanitarios, centros de transferencia, rescates de r\u00edos, de lagunas y obras como esta tan importante en el paseo de Ahuehuetes son muestra de ese compromiso que ha hecho el gobernador con los veracruzanos\u201d, remarc\u00f3 finalmente.<\/p>\n<p>Al t\u00e9rmino del evento, Sergio Rodr\u00edguez Cort\u00e9s, Jos\u00e9 Luis Lima Franco y el alcalde H\u00e9ctor Rodr\u00edguez Cort\u00e9s sembraron \u00e1rboles y liberaron algunas especies animales en la reserva natural.<\/p>\n","protected":false},"excerpt":{"rendered":"<p>En toda la historia de Veracruz ha sido el gobernador que m\u00e1s impulso ha dado a las acciones en pro del medio ambiente, sostuvieron Sergio Rodr\u00edguez Cort\u00e9s y Jos\u00e9 Luis Lima Franco, al encabezar la celebraci\u00f3n del D\u00eda Mundial del Medio Ambiente en el Parque Ecol\u00f3gico Ciudad de los Ahuehuetes. Camerino Z. Mendoza, Ver.- Cuitl\u00e1huac Garc\u00eda Jim\u00e9nez ha sido el gobernador en toda la historia de Veracruz que m\u00e1s ha invertido en la preservaci\u00f3n del medio ambiente, consolidando a los veracruzanos como la Generaci\u00f3n de la Restauraci\u00f3n. Lo anterior fue&hellip;<\/p>\n","protected":false},"author":1,"featured_media":107565,"comment_status":"open","ping_status":"closed","sticky":false,"template":"","format":"standard","meta":{"footnotes":""},"categories":[3,4],"tags":[5470,1335],"class_list":["post-107564","post","type-post","status-publish","format-standard","has-post-thumbnail","hentry","category-destacadas","category-estatal","tag-jose-luis-lima-franco","tag-sergio-rodriguez-cortes"],"jetpack-related-posts":[],"_links":{"self":[{"href":"https:\/\/www.noticiasperfil.com\/index\/wp-json\/wp\/v2\/posts\/107564","targetHints":{"allow":["GET"]}}],"collection":[{"href":"https:\/\/www.noticiasperfil.com\/index\/wp-json\/wp\/v2\/posts"}],"about":[{"href":"https:\/\/www.noticiasperfil.com\/index\/wp-json\/wp\/v2\/types\/post"}],"author":[{"embeddable":true,"href":"https:\/\/www.noticiasperfil.com\/index\/wp-json\/wp\/v2\/users\/1"}],"replies":[{"embeddable":true,"href":"https:\/\/www.noticiasperfil.com\/index\/wp-json\/wp\/v2\/comments?post=107564"}],"version-history":[{"count":1,"href":"https:\/\/www.noticiasperfil.com\/index\/wp-json\/wp\/v2\/posts\/107564\/revisions"}],"predecessor-version":[{"id":107566,"href":"https:\/\/www.noticiasperfil.com\/index\/wp-json\/wp\/v2\/posts\/107564\/revisions\/107566"}],"wp:featuredmedia":[{"embeddable":true,"href":"https:\/\/www.noticiasperfil.com\/index\/wp-json\/wp\/v2\/media\/107565"}],"wp:attachment":[{"href":"https:\/\/www.noticiasperfil.com\/index\/wp-json\/wp\/v2\/media?parent=107564"}],"wp:term":[{"taxonomy":"category","embeddable":true,"href":"https:\/\/www.noticiasperfil.com\/index\/wp-json\/wp\/v2\/categories?post=107564"},{"taxonomy":"post_tag","embeddable":true,"href":"https:\/\/www.noticiasperfil.com\/index\/wp-json\/wp\/v2\/tags?post=107564"}],"curies":[{"name":"wp","href":"https:\/\/api.w.org\/{rel}","templated":true}]}}