{"id":107574,"date":"2024-06-06T18:41:19","date_gmt":"2024-06-06T23:41:19","guid":{"rendered":"https:\/\/www.noticiasperfil.com\/index\/?p=107574"},"modified":"2024-06-06T18:41:19","modified_gmt":"2024-06-06T23:41:19","slug":"instalan-en-el-congreso-un-centro-de-acopio-para-afectados-por-incendios","status":"publish","type":"post","link":"https:\/\/www.noticiasperfil.com\/index\/2024\/06\/06\/instalan-en-el-congreso-un-centro-de-acopio-para-afectados-por-incendios\/","title":{"rendered":"Instalan en el Congreso un centro de acopio para afectados por incendios"},"content":{"rendered":"<p><img loading=\"lazy\" decoding=\"async\" data-attachment-id=\"107575\" data-permalink=\"https:\/\/www.noticiasperfil.com\/index\/2024\/06\/06\/instalan-en-el-congreso-un-centro-de-acopio-para-afectados-por-incendios\/congreso-veracruz-95\/\" data-orig-file=\"https:\/\/i0.wp.com\/www.noticiasperfil.com\/index\/wp-content\/uploads\/2024\/06\/congreso-veracruz.jpeg?fit=900%2C601&amp;ssl=1\" data-orig-size=\"900,601\" data-comments-opened=\"1\" data-image-meta=\"{&quot;aperture&quot;:&quot;0&quot;,&quot;credit&quot;:&quot;&quot;,&quot;camera&quot;:&quot;&quot;,&quot;caption&quot;:&quot;&quot;,&quot;created_timestamp&quot;:&quot;0&quot;,&quot;copyright&quot;:&quot;&quot;,&quot;focal_length&quot;:&quot;0&quot;,&quot;iso&quot;:&quot;0&quot;,&quot;shutter_speed&quot;:&quot;0&quot;,&quot;title&quot;:&quot;&quot;,&quot;orientation&quot;:&quot;0&quot;}\" data-image-title=\"congreso-veracruz\" data-image-description=\"\" data-medium-file=\"https:\/\/i0.wp.com\/www.noticiasperfil.com\/index\/wp-content\/uploads\/2024\/06\/congreso-veracruz.jpeg?fit=660%2C365&amp;ssl=1\" data-large-file=\"https:\/\/i0.wp.com\/www.noticiasperfil.com\/index\/wp-content\/uploads\/2024\/06\/congreso-veracruz.jpeg?fit=640%2C366&amp;ssl=1\" class=\"aligncenter size-full wp-image-107575\" src=\"https:\/\/i0.wp.com\/www.noticiasperfil.com\/index\/wp-content\/uploads\/2024\/06\/congreso-veracruz.jpeg?resize=640%2C427&#038;ssl=1\" alt=\"\" width=\"640\" height=\"427\" data-recalc-dims=\"1\" \/><\/p>\n<p>Xalapa, Ver.- A convocatoria del presidente de la Junta de Coordinaci\u00f3n Pol\u00edtica, diputado Juan Javier G\u00f3mez Cazar\u00edn, en el Palacio Legislativo fue instalado un centro de acopio para reunir apoyos en especie que ser\u00e1n entregados a las personas damnificadas por los incendios que se registran en diversos puntos de la entidad.<\/p>\n<p>Con esta acci\u00f3n, el Congreso local se suma y exhorta a la solidaridad de las y los trabajadores y poblaci\u00f3n en general para que participen en estos momentos cr\u00edticos en que las autoridades y voluntarios est\u00e1n combatiendo los siniestros, como los que ocurren en la regi\u00f3n de los municipios de Xico, Ixhuac\u00e1n de los Reyes, Cosautl\u00e1n y Tlacolulan.<\/p>\n<p>Entre los productos que pueden ser donados, preferentemente, se solicita agua embotellada, alimentos no perecederos, sueros, cubrebocas, guantes, art\u00edculos de higiene personal, papel higi\u00e9nico, toallas sanitarias, l\u00e1mparas, azadones, palas, picos, cuerdas y material de curaci\u00f3n, para atender tanto a personas como a animales.<\/p>\n<p>El legislador Juan Javier G\u00f3mez Cazar\u00edn reconoci\u00f3 la pronta atenci\u00f3n de las autoridades para combatir los incendios y apel\u00f3 a la buena voluntad de todas las personas que pueden sumarse y apoyar en las labores para la completa extinci\u00f3n del fuego y salvar la flora y fauna.<\/p>\n<p>No dej\u00f3 de reconocer la solidaridad que tanto ha caracterizado a la sociedad veracruzana que, dijo, siempre apoya a quien m\u00e1s lo necesita en momentos de tragedia, como en este caso los incendios, cuyo nivel de gravedad y efecto devastador se elevan con las altas temperaturas que se registran en la mayor parte del pa\u00eds.<\/p>\n<p>Este m\u00f3dulo, ubicado en el Palacio Legislativo, en avenida Encanto esquina con avenida L\u00e1zaro C\u00e1rdenas en esta ciudad capital, estar\u00e1 abierto al p\u00fablico en general de lunes a viernes, de 09:00 a 18:00 horas.<\/p>\n","protected":false},"excerpt":{"rendered":"<p>Xalapa, Ver.- A convocatoria del presidente de la Junta de Coordinaci\u00f3n Pol\u00edtica, diputado Juan Javier G\u00f3mez Cazar\u00edn, en el Palacio Legislativo fue instalado un centro de acopio para reunir apoyos en especie que ser\u00e1n entregados a las personas damnificadas por los incendios que se registran en diversos puntos de la entidad. Con esta acci\u00f3n, el Congreso local se suma y exhorta a la solidaridad de las y los trabajadores y poblaci\u00f3n en general para que participen en estos momentos cr\u00edticos en que las autoridades y voluntarios est\u00e1n combatiendo los siniestros,&hellip;<\/p>\n","protected":false},"author":1,"featured_media":107575,"comment_status":"open","ping_status":"closed","sticky":false,"template":"","format":"standard","meta":{"footnotes":""},"categories":[3,4],"tags":[305,4842],"class_list":["post-107574","post","type-post","status-publish","format-standard","has-post-thumbnail","hentry","category-destacadas","category-estatal","tag-congreso-veracruz","tag-juan-javier-gomez-cazarin"],"jetpack-related-posts":[],"_links":{"self":[{"href":"https:\/\/www.noticiasperfil.com\/index\/wp-json\/wp\/v2\/posts\/107574","targetHints":{"allow":["GET"]}}],"collection":[{"href":"https:\/\/www.noticiasperfil.com\/index\/wp-json\/wp\/v2\/posts"}],"about":[{"href":"https:\/\/www.noticiasperfil.com\/index\/wp-json\/wp\/v2\/types\/post"}],"author":[{"embeddable":true,"href":"https:\/\/www.noticiasperfil.com\/index\/wp-json\/wp\/v2\/users\/1"}],"replies":[{"embeddable":true,"href":"https:\/\/www.noticiasperfil.com\/index\/wp-json\/wp\/v2\/comments?post=107574"}],"version-history":[{"count":1,"href":"https:\/\/www.noticiasperfil.com\/index\/wp-json\/wp\/v2\/posts\/107574\/revisions"}],"predecessor-version":[{"id":107576,"href":"https:\/\/www.noticiasperfil.com\/index\/wp-json\/wp\/v2\/posts\/107574\/revisions\/107576"}],"wp:featuredmedia":[{"embeddable":true,"href":"https:\/\/www.noticiasperfil.com\/index\/wp-json\/wp\/v2\/media\/107575"}],"wp:attachment":[{"href":"https:\/\/www.noticiasperfil.com\/index\/wp-json\/wp\/v2\/media?parent=107574"}],"wp:term":[{"taxonomy":"category","embeddable":true,"href":"https:\/\/www.noticiasperfil.com\/index\/wp-json\/wp\/v2\/categories?post=107574"},{"taxonomy":"post_tag","embeddable":true,"href":"https:\/\/www.noticiasperfil.com\/index\/wp-json\/wp\/v2\/tags?post=107574"}],"curies":[{"name":"wp","href":"https:\/\/api.w.org\/{rel}","templated":true}]}}