{"id":107579,"date":"2024-06-07T14:32:46","date_gmt":"2024-06-07T19:32:46","guid":{"rendered":"https:\/\/www.noticiasperfil.com\/index\/?p=107579"},"modified":"2024-06-07T14:32:46","modified_gmt":"2024-06-07T19:32:46","slug":"a-favor-manuel-huerta-de-que-magistrados-sean-electos-por-el-voto-popular","status":"publish","type":"post","link":"https:\/\/www.noticiasperfil.com\/index\/2024\/06\/07\/a-favor-manuel-huerta-de-que-magistrados-sean-electos-por-el-voto-popular\/","title":{"rendered":"A favor Manuel Huerta de que magistrados sean electos por el voto popular"},"content":{"rendered":"<p><img loading=\"lazy\" decoding=\"async\" data-attachment-id=\"107580\" data-permalink=\"https:\/\/www.noticiasperfil.com\/index\/2024\/06\/07\/a-favor-manuel-huerta-de-que-magistrados-sean-electos-por-el-voto-popular\/manuel-huerta-39\/\" data-orig-file=\"https:\/\/i0.wp.com\/www.noticiasperfil.com\/index\/wp-content\/uploads\/2024\/06\/manuel-huerta.jpg?fit=720%2C480&amp;ssl=1\" data-orig-size=\"720,480\" data-comments-opened=\"1\" data-image-meta=\"{&quot;aperture&quot;:&quot;0&quot;,&quot;credit&quot;:&quot;&quot;,&quot;camera&quot;:&quot;&quot;,&quot;caption&quot;:&quot;&quot;,&quot;created_timestamp&quot;:&quot;0&quot;,&quot;copyright&quot;:&quot;&quot;,&quot;focal_length&quot;:&quot;0&quot;,&quot;iso&quot;:&quot;0&quot;,&quot;shutter_speed&quot;:&quot;0&quot;,&quot;title&quot;:&quot;&quot;,&quot;orientation&quot;:&quot;0&quot;}\" data-image-title=\"manuel-huerta\" data-image-description=\"\" data-medium-file=\"https:\/\/i0.wp.com\/www.noticiasperfil.com\/index\/wp-content\/uploads\/2024\/06\/manuel-huerta.jpg?fit=660%2C365&amp;ssl=1\" data-large-file=\"https:\/\/i0.wp.com\/www.noticiasperfil.com\/index\/wp-content\/uploads\/2024\/06\/manuel-huerta.jpg?fit=640%2C427&amp;ssl=1\" class=\"aligncenter size-full wp-image-107580\" src=\"https:\/\/i0.wp.com\/www.noticiasperfil.com\/index\/wp-content\/uploads\/2024\/06\/manuel-huerta.jpg?resize=640%2C427&#038;ssl=1\" alt=\"\" width=\"640\" height=\"427\" data-recalc-dims=\"1\" \/><\/p>\n<p>Xalapa, Ver.- El senador electo, Manuel Huerta Ladr\u00f3n de Guevara, advirti\u00f3 que MORENA va por las 18 reformas constitucionales que plantea, entre otras m\u00e1s, que magistrados, consejeros electorales, jueces y ministros de la Suprema Corte sean elegidos por voto popular, adem\u00e1s de la desaparici\u00f3n del Instituto Nacional Electoral (INE) y los Organismo P\u00fablico Local Electoral (OPLE), en el pa\u00eds.<\/p>\n<p>\u00abA nosotros nos eligi\u00f3 el pueblo con un mandato y llevamos una plataforma que llamamos Plan C y ah\u00ed llevamos en la plataforma 18 reformas constitucionales donde una de ellas es que el Poder Judicial se democratice\u00bb.<\/p>\n<p>El morenista, aclar\u00f3 que esas reformas no afectan los derechos de ning\u00fan trabajador, al contrario es opara una justicia pronta y expedita en el pa\u00eds\u00bb.<\/p>\n<p>Asimismo, se plantea reducir el gasto electoral \u00abno es la desaparici\u00f3n del INE sino que queremos que se reduzca el gasto, porque ahorita hay dos \u00f3rganos el INE y el ople y nosotros esperamos que haya uno nom\u00e1s\u00bb.<\/p>\n<p>Hay que resaltar que MORENA, pretende Impulsar las 18 reformas constitucionales propuestas por el presidente Andr\u00e9s Manuel L\u00f3pez Obrador (AMLO), para que sean votadas en septiembre, \u00faltimo mes en el cargo del actual mandatario y cuando su alianza tenga una nueva mayor\u00eda en el Legislativo\u00bb.<\/p>\n<p>Al respecto, Manuel Huerta destac\u00f3 su respaldo \u00bb porque el pueblo no voto nada m\u00e1s por Manuel Huerta, voto por un plan de reformas a la Constituci\u00f3n\u00bb.<\/p>\n","protected":false},"excerpt":{"rendered":"<p>Xalapa, Ver.- El senador electo, Manuel Huerta Ladr\u00f3n de Guevara, advirti\u00f3 que MORENA va por las 18 reformas constitucionales que plantea, entre otras m\u00e1s, que magistrados, consejeros electorales, jueces y ministros de la Suprema Corte sean elegidos por voto popular, adem\u00e1s de la desaparici\u00f3n del Instituto Nacional Electoral (INE) y los Organismo P\u00fablico Local Electoral (OPLE), en el pa\u00eds. \u00abA nosotros nos eligi\u00f3 el pueblo con un mandato y llevamos una plataforma que llamamos Plan C y ah\u00ed llevamos en la plataforma 18 reformas constitucionales donde una de ellas es&hellip;<\/p>\n","protected":false},"author":1,"featured_media":107580,"comment_status":"open","ping_status":"closed","sticky":false,"template":"","format":"standard","meta":{"footnotes":""},"categories":[3,4],"tags":[3075],"class_list":["post-107579","post","type-post","status-publish","format-standard","has-post-thumbnail","hentry","category-destacadas","category-estatal","tag-manuel-huerta-ladron-de-guevara"],"jetpack-related-posts":[],"_links":{"self":[{"href":"https:\/\/www.noticiasperfil.com\/index\/wp-json\/wp\/v2\/posts\/107579","targetHints":{"allow":["GET"]}}],"collection":[{"href":"https:\/\/www.noticiasperfil.com\/index\/wp-json\/wp\/v2\/posts"}],"about":[{"href":"https:\/\/www.noticiasperfil.com\/index\/wp-json\/wp\/v2\/types\/post"}],"author":[{"embeddable":true,"href":"https:\/\/www.noticiasperfil.com\/index\/wp-json\/wp\/v2\/users\/1"}],"replies":[{"embeddable":true,"href":"https:\/\/www.noticiasperfil.com\/index\/wp-json\/wp\/v2\/comments?post=107579"}],"version-history":[{"count":1,"href":"https:\/\/www.noticiasperfil.com\/index\/wp-json\/wp\/v2\/posts\/107579\/revisions"}],"predecessor-version":[{"id":107581,"href":"https:\/\/www.noticiasperfil.com\/index\/wp-json\/wp\/v2\/posts\/107579\/revisions\/107581"}],"wp:featuredmedia":[{"embeddable":true,"href":"https:\/\/www.noticiasperfil.com\/index\/wp-json\/wp\/v2\/media\/107580"}],"wp:attachment":[{"href":"https:\/\/www.noticiasperfil.com\/index\/wp-json\/wp\/v2\/media?parent=107579"}],"wp:term":[{"taxonomy":"category","embeddable":true,"href":"https:\/\/www.noticiasperfil.com\/index\/wp-json\/wp\/v2\/categories?post=107579"},{"taxonomy":"post_tag","embeddable":true,"href":"https:\/\/www.noticiasperfil.com\/index\/wp-json\/wp\/v2\/tags?post=107579"}],"curies":[{"name":"wp","href":"https:\/\/api.w.org\/{rel}","templated":true}]}}