{"id":107589,"date":"2024-06-07T16:04:08","date_gmt":"2024-06-07T21:04:08","guid":{"rendered":"https:\/\/www.noticiasperfil.com\/index\/?p=107589"},"modified":"2026-02-06T21:14:11","modified_gmt":"2026-02-07T03:14:11","slug":"anuar-mafud-no-fue-gobernador-por-falta-de-alianzas-nacionales","status":"publish","type":"post","link":"https:\/\/www.noticiasperfil.com\/index\/2024\/06\/07\/anuar-mafud-no-fue-gobernador-por-falta-de-alianzas-nacionales\/","title":{"rendered":"Anuar Mafud no fue gobernador por falta de alianzas nacionales"},"content":{"rendered":"<p><img loading=\"lazy\" decoding=\"async\" data-attachment-id=\"107590\" data-permalink=\"https:\/\/www.noticiasperfil.com\/index\/2024\/06\/07\/anuar-mafud-no-fue-gobernador-por-falta-de-alianzas-nacionales\/mafud\/\" data-orig-file=\"https:\/\/i2.wp.com\/www.noticiasperfil.com\/index\/wp-content\/uploads\/2024\/06\/mafud.jpeg?fit=641%2C641&amp;ssl=1\" data-orig-size=\"641,641\" data-comments-opened=\"1\" data-image-meta=\"{&quot;aperture&quot;:&quot;0&quot;,&quot;credit&quot;:&quot;&quot;,&quot;camera&quot;:&quot;&quot;,&quot;caption&quot;:&quot;&quot;,&quot;created_timestamp&quot;:&quot;0&quot;,&quot;copyright&quot;:&quot;&quot;,&quot;focal_length&quot;:&quot;0&quot;,&quot;iso&quot;:&quot;0&quot;,&quot;shutter_speed&quot;:&quot;0&quot;,&quot;title&quot;:&quot;&quot;,&quot;orientation&quot;:&quot;0&quot;}\" data-image-title=\"mafud\" data-image-description=\"\" data-medium-file=\"https:\/\/i2.wp.com\/www.noticiasperfil.com\/index\/wp-content\/uploads\/2024\/06\/mafud.jpeg?fit=641%2C365&amp;ssl=1\" data-large-file=\"https:\/\/i2.wp.com\/www.noticiasperfil.com\/index\/wp-content\/uploads\/2024\/06\/mafud.jpeg?fit=640%2C479&amp;ssl=1\" class=\"aligncenter size-full wp-image-107590\" src=\"https:\/\/i2.wp.com\/www.noticiasperfil.com\/index\/wp-content\/uploads\/2024\/06\/mafud.jpeg?resize=640%2C640&#038;ssl=1\" alt=\"\" width=\"640\" height=\"640\" data-recalc-dims=\"1\" \/><\/p>\n<p><strong>Detr\u00e1s de la Noticia\/Por Alfredo Mart\u00ednez de Aguilar.<\/strong><\/p>\n<ul>\n<li><strong><em>A pesar de estudiar derecho en la UNAM, al igual que otros istme\u00f1os descendientes de migrantes del Medio Oriente, Mafud decidi\u00f3 no quedarse a vivir y hacer pol\u00edtica en la Ciudad de M\u00e9xico.<\/em><\/strong><\/li>\n<li><em><strong>Mafud deja una gran lecci\u00f3n de vida a la clase pol\u00edtica: Sin alianzas y complicidades nacionales, dif\u00edcilmente ser\u00e1n gobernadores, a pesar de su amplia trayectoria y experiencia pol\u00edtico-administrativa.<\/strong><\/em><\/li>\n<\/ul>\n<p>La coincidencia de que el 6 de junio de 1528 Hern\u00e1n Cortes recibi\u00f3 el t\u00edtulo de \u201cMarqu\u00e9s del Valle\u201d con la muerte de H\u00e9ctor Anuar Mafud a los 79 a\u00f1os resalta su grandeza como ser humano.<\/p>\n<p>El rey de Espa\u00f1a Carlos V cedi\u00f3 las tierras conquistadas por Cort\u00e9s desde Cuernavaca hasta el Istmo de Tehuantepec, con el puerto instalado en la Ventosa, conocido como \u201cPuerto Cort\u00e9s\u201d.<\/p>\n<p>La vida y muerte de H\u00e9ctor Anuar Mafud es una ir\u00f3nica paradoja. Titular de los Poderes Judicial y Legislativo, y ocho a\u00f1os consecutivos de las tres veces que fue Secretario General de Gobierno.<\/p>\n<p>Procurador de Justicia impulsor de los Juicios Orales y l\u00edder estatal del PRI. No obstante su capacidad, nunca se desempe\u00f1\u00f3 como diputado federal ni senador, mucho menos gobernador.<\/p>\n<p>Deja una gran lecci\u00f3n de vida a la clase pol\u00edtica: Sin alianzas y complicidades nacionales, dif\u00edcilmente ser\u00e1n gobernadores, a pesar de su trayectoria y experiencia pol\u00edtico-administrativa.<\/p>\n<p>A pesar de estudiar derecho en la UNAM, al igual que otros istme\u00f1os descendientes de migrantes del Medio Oriente, Mafud decidi\u00f3 no quedarse a vivir y hacer pol\u00edtica en la Ciudad de M\u00e9xico.<\/p>\n<p>Con los a\u00f1os, esa decisi\u00f3n fue el mayor obst\u00e1culo para alcanzar cargos de representaci\u00f3n popular a nivel nacional, sumado a la mezquindad humana que siempre le neg\u00f3 esas posiciones pol\u00edticas.<\/p>\n<p>N\u00f3madas del Medio Oriente, sus padres sirios migraron a Oaxaca, al igual que libaneses, iraqu\u00eds y egipcios. Enterraron el ombligo de Anuar en Salina Cruz. Colabor\u00f3 con seis gobernadores.<\/p>\n<p>Entrevistado el 17 de marzo de 2022 en Detr\u00e1s de la Noticia TV por Regeneraci\u00f3n Pluralidad, el ex presidente municipal de Salina Cruz y Santo Domingo Tehuantepec, Mafud rompi\u00f3 el autosilencio.<\/p>\n<p>Nobleza obliga a rendir homenaje a su memoria. Anuar Mafud motiv\u00f3 la creaci\u00f3n de la revista Quartopoder. A continuaci\u00f3n reproducimos la entrevista que le hiciera al lado de mi hija Alexa.<\/p>\n<p>Oaxaca, afirm\u00f3, tiene un gran valor en el sistema consuetudinario de usos y costumbres de sus pueblos ind\u00edgenas en la participaci\u00f3n comunitaria solidaria del tequio y la Guelaguetza.<\/p>\n<p>Tienen, dijo, una concepci\u00f3n muy clara de la organizaci\u00f3n ancestral, pero tambi\u00e9n la pobreza es ancestral. As\u00ed que es m\u00e1s f\u00e1cil movilizar a la gente en el reclamo en Oaxaca que en otros estados.<\/p>\n<p>Se moviliza la gente en demanda de recursos, primero, pac\u00edficamente y, despu\u00e9s con exigencias y aun cuando algunas veces haya respuesta gubernamental, sigue la protesta y toma otros niveles.<\/p>\n<p>Interesa que sea as\u00ed a los dirigentes porque generan m\u00e1s agenda de gesti\u00f3n y de desmanda con otros grupos en la capital del estado, sede de los tres poderes y de las dependencias federales.<\/p>\n<p>\u201cNo esperemos que marchen y protesten en la punta de un cerro en el que nadie les oiga, aqu\u00ed est\u00e1n los medios de comunicaci\u00f3n locales y corresponsales nacionales\u201d, aclar\u00f3 Anuar Mafud.<\/p>\n<p>Equivocadamente muchas veces se piensa que toda la responsabilidad es de la Secretar\u00eda General de Gobierno y no es as\u00ed, muchas veces las demandas son federales y esta no tiene competencia.<\/p>\n<p>Otras veces no hay respuesta al interior del gabinete aunque se atiendan responsabilidades del Gobierno del Estado. No hay que cargar todo a la Secretar\u00eda de Gobierno y a quien est\u00e9 al frente.<\/p>\n<p>Atribuy\u00f3 el aumento de las marchas, plantones y bloqueo de calles y carreteras al final de un gobierno, ya que las organizaciones temen que no se cumplan los compromisos contra\u00eddos.<\/p>\n<p>Se ha pensado en prohibir las marchas y acciones que a veces no se deben de hacer, hay otras ocasiones con tanta violencia que tiene que intervenir la autoridad preventiva o judicialmente.<\/p>\n<p>En la capital oaxaque\u00f1a hay irritaci\u00f3n social y reclamos, pero tambi\u00e9n la hay hacia quienes dicen una cosa y hacen otra. Quienes protestan porque hay marchas, tampoco cuidan la ciudad.<\/p>\n<p>El Notario P\u00fablico N\u00famero 80 da fe que en el Centro Hist\u00f3rico y las colonias hay contaminaci\u00f3n visual, auditiva, ambiental, desorden en las calles y las banquetas son ocupadas por los negocios.<\/p>\n<p>Rescatar el Centro Hist\u00f3rico debe ser prioridad del Gobierno Municipal y Estatal, construir con visi\u00f3n mercados, y brindar espacios dignos a los ambulantes y no permitir su acceso al Z\u00f3calo.<\/p>\n<p>Nadie sabe cu\u00e1ntos comerciantes informales hay, 8 mil o 10 mil, a los que buscan regularizar de manera irregular en los diversos giros en competencia desleal con los comerciantes establecidos.<\/p>\n<p>Se\u00f1ala que estos \u00faltimos complican el desorden al sacar a vender sus productos en las banquetas, que no barren ni limpian y, por si fuera poco, llenan de letreros las paredes de sus negocios.<\/p>\n<p>Lament\u00f3 que en la ciudad de Oaxaca, declarada Patrimonio Cultural de la Humanidad en 1987 por la UNESCO, los profesionales, como los abogados, llenan de letreros las paredes de sus bufetes.<\/p>\n<p>Eso no sucede en Guanajuato ni en Quer\u00e9taro. Es la poblaci\u00f3n la que tiene que defender y proteger la ciudad para exigir a las autoridades, como ocurri\u00f3 en el saneamiento del R\u00edo Atoyac.<\/p>\n<p>Se pronuncia porque los oaxaque\u00f1os tengan la voluntad y el valor civil de respetar y hacer respetar la Ley, ejerciendo sus derechos, pero cumpliendo al mismo tiempo sus obligaciones.<\/p>\n<p>Hay que hacerlo pac\u00edficamente por la v\u00eda legal, recomienda. No todas las demandas ni protestas deben realizarse con marchas, porque es pat\u00e9tico e irrita vivir en una ciudad invadida por estas.<\/p>\n<p>Se perdi\u00f3 en mucho la ense\u00f1anza a ni\u00f1as y ni\u00f1os de principios y valores, y la historia de Oaxaca. Hay que retomar una serie de acciones para hacer conciencia y no alterar la arquitectura colonial.<\/p>\n<p>Critic\u00f3 que el director del Centro del INAH en Oaxaca permita que se destruyan casas coloniales e hist\u00f3ricas o que se construyan obras que rompen con el entorno como el hotel frente al Llano.<\/p>\n<p>Las marchas y bloqueos agravian a la sociedad y causan perjuicios, pero se van o las podemos retirar como autoridad, mientras queda la destrucci\u00f3n del patrimonio cultural de la humanidad.<\/p>\n<p>Pidi\u00f3 al Cronista de la Ciudad y a distinguidos maestros de Derecho y urbanistas para concientizar de casa en casa y preservar la ciudad de Oaxaca como patrimonio cultural de la humanidad.<\/p>\n<p>alfredo_daguilar@hotmail.com<br \/>\ndirector@revista-mujeres.com<br \/>\n@efektoaguila<\/p>\n<p>&nbsp;<\/p>\n","protected":false},"excerpt":{"rendered":"<p>Detr\u00e1s de la Noticia\/Por Alfredo Mart\u00ednez de Aguilar. A pesar de estudiar derecho en la UNAM, al igual que otros istme\u00f1os descendientes de migrantes del Medio Oriente, Mafud decidi\u00f3 no quedarse a vivir y hacer pol\u00edtica en la Ciudad de M\u00e9xico. Mafud deja una gran lecci\u00f3n de vida a la clase pol\u00edtica: Sin alianzas y complicidades nacionales, dif\u00edcilmente ser\u00e1n gobernadores, a pesar de su amplia trayectoria y experiencia pol\u00edtico-administrativa. La coincidencia de que el 6 de junio de 1528 Hern\u00e1n Cortes recibi\u00f3 el t\u00edtulo de \u201cMarqu\u00e9s del Valle\u201d con la&hellip;<\/p>\n","protected":false},"author":1,"featured_media":107590,"comment_status":"open","ping_status":"closed","sticky":false,"template":"","format":"standard","meta":{"footnotes":""},"categories":[8],"tags":[6939],"class_list":["post-107589","post","type-post","status-publish","format-standard","has-post-thumbnail","hentry","category-opinion","tag-alfredo-martinez-de-aguilar"],"jetpack-related-posts":[],"_links":{"self":[{"href":"https:\/\/www.noticiasperfil.com\/index\/wp-json\/wp\/v2\/posts\/107589","targetHints":{"allow":["GET"]}}],"collection":[{"href":"https:\/\/www.noticiasperfil.com\/index\/wp-json\/wp\/v2\/posts"}],"about":[{"href":"https:\/\/www.noticiasperfil.com\/index\/wp-json\/wp\/v2\/types\/post"}],"author":[{"embeddable":true,"href":"https:\/\/www.noticiasperfil.com\/index\/wp-json\/wp\/v2\/users\/1"}],"replies":[{"embeddable":true,"href":"https:\/\/www.noticiasperfil.com\/index\/wp-json\/wp\/v2\/comments?post=107589"}],"version-history":[{"count":1,"href":"https:\/\/www.noticiasperfil.com\/index\/wp-json\/wp\/v2\/posts\/107589\/revisions"}],"predecessor-version":[{"id":107591,"href":"https:\/\/www.noticiasperfil.com\/index\/wp-json\/wp\/v2\/posts\/107589\/revisions\/107591"}],"wp:featuredmedia":[{"embeddable":true,"href":"https:\/\/www.noticiasperfil.com\/index\/wp-json\/wp\/v2\/media\/107590"}],"wp:attachment":[{"href":"https:\/\/www.noticiasperfil.com\/index\/wp-json\/wp\/v2\/media?parent=107589"}],"wp:term":[{"taxonomy":"category","embeddable":true,"href":"https:\/\/www.noticiasperfil.com\/index\/wp-json\/wp\/v2\/categories?post=107589"},{"taxonomy":"post_tag","embeddable":true,"href":"https:\/\/www.noticiasperfil.com\/index\/wp-json\/wp\/v2\/tags?post=107589"}],"curies":[{"name":"wp","href":"https:\/\/api.w.org\/{rel}","templated":true}]}}