{"id":107592,"date":"2024-06-08T12:36:29","date_gmt":"2024-06-08T17:36:29","guid":{"rendered":"https:\/\/www.noticiasperfil.com\/index\/?p=107592"},"modified":"2024-06-08T12:36:29","modified_gmt":"2024-06-08T17:36:29","slug":"brinda-ssp-apoyo-humanitario-a-32-personas-de-origen-extranjero-en-tres-municipios","status":"publish","type":"post","link":"https:\/\/www.noticiasperfil.com\/index\/2024\/06\/08\/brinda-ssp-apoyo-humanitario-a-32-personas-de-origen-extranjero-en-tres-municipios\/","title":{"rendered":"Brinda SSP apoyo humanitario a 32 personas de origen extranjero en tres municipios"},"content":{"rendered":"<p><img loading=\"lazy\" decoding=\"async\" data-attachment-id=\"107593\" data-permalink=\"https:\/\/www.noticiasperfil.com\/index\/2024\/06\/08\/brinda-ssp-apoyo-humanitario-a-32-personas-de-origen-extranjero-en-tres-municipios\/ssp-migrantes\/\" data-orig-file=\"https:\/\/i2.wp.com\/www.noticiasperfil.com\/index\/wp-content\/uploads\/2024\/06\/ssp-migrantes.jpg?fit=900%2C563&amp;ssl=1\" data-orig-size=\"900,563\" data-comments-opened=\"1\" data-image-meta=\"{&quot;aperture&quot;:&quot;0&quot;,&quot;credit&quot;:&quot;&quot;,&quot;camera&quot;:&quot;&quot;,&quot;caption&quot;:&quot;&quot;,&quot;created_timestamp&quot;:&quot;0&quot;,&quot;copyright&quot;:&quot;&quot;,&quot;focal_length&quot;:&quot;0&quot;,&quot;iso&quot;:&quot;0&quot;,&quot;shutter_speed&quot;:&quot;0&quot;,&quot;title&quot;:&quot;&quot;,&quot;orientation&quot;:&quot;0&quot;}\" data-image-title=\"ssp-migrantes\" data-image-description=\"\" data-medium-file=\"https:\/\/i2.wp.com\/www.noticiasperfil.com\/index\/wp-content\/uploads\/2024\/06\/ssp-migrantes.jpg?fit=660%2C365&amp;ssl=1\" data-large-file=\"https:\/\/i2.wp.com\/www.noticiasperfil.com\/index\/wp-content\/uploads\/2024\/06\/ssp-migrantes.jpg?fit=640%2C366&amp;ssl=1\" class=\"aligncenter size-full wp-image-107593\" src=\"https:\/\/i2.wp.com\/www.noticiasperfil.com\/index\/wp-content\/uploads\/2024\/06\/ssp-migrantes.jpg?resize=640%2C400&#038;ssl=1\" alt=\"\" width=\"640\" height=\"400\" data-recalc-dims=\"1\" \/><\/p>\n<p>Xalapa, Ver.- Del 1 al 4 de junio, efectivos de la Secretar\u00eda de Seguridad P\u00fablica (SSP), a trav\u00e9s de Polic\u00eda Estatal y Fuerza Civil resguardaron en diferentes operativos a 32 personas de origen extranjero que viajan de manera irregular, durante acciones realizadas en Cuitl\u00e1huac, Alvarado y Acayucan.<\/p>\n<p>En la carretera C\u00f3rdoba \u2013 Minatitl\u00e1n de Cuitl\u00e1huac, elementos estatales resguardaron a 13 guatemaltecos, dos venezolanos, dos colombianos, dos ecuatorianos y un paname\u00f1o.<\/p>\n<p>Asimismo, en la localidad El Tecomate en Alvarado, los oficiales brindaron apoyo humanitario a cinco venezolanos, dos nicarag\u00fcenses y dos colombianos.<\/p>\n<p>Finalmente, en Acayucan elementos de Polic\u00eda Estatal localizaron a dos colombianos y un peruano. Los 32 migrantes fueron canalizados al Instituto Nacional de Migraci\u00f3n (INM), para determinar su situaci\u00f3n en el pa\u00eds.<\/p>\n","protected":false},"excerpt":{"rendered":"<p>Xalapa, Ver.- Del 1 al 4 de junio, efectivos de la Secretar\u00eda de Seguridad P\u00fablica (SSP), a trav\u00e9s de Polic\u00eda Estatal y Fuerza Civil resguardaron en diferentes operativos a 32 personas de origen extranjero que viajan de manera irregular, durante acciones realizadas en Cuitl\u00e1huac, Alvarado y Acayucan. En la carretera C\u00f3rdoba \u2013 Minatitl\u00e1n de Cuitl\u00e1huac, elementos estatales resguardaron a 13 guatemaltecos, dos venezolanos, dos colombianos, dos ecuatorianos y un paname\u00f1o. Asimismo, en la localidad El Tecomate en Alvarado, los oficiales brindaron apoyo humanitario a cinco venezolanos, dos nicarag\u00fcenses y dos&hellip;<\/p>\n","protected":false},"author":1,"featured_media":107593,"comment_status":"open","ping_status":"closed","sticky":false,"template":"","format":"standard","meta":{"footnotes":""},"categories":[3,13],"tags":[1370],"class_list":["post-107592","post","type-post","status-publish","format-standard","has-post-thumbnail","hentry","category-destacadas","category-seguridad","tag-ssp-veracruz"],"jetpack-related-posts":[],"_links":{"self":[{"href":"https:\/\/www.noticiasperfil.com\/index\/wp-json\/wp\/v2\/posts\/107592","targetHints":{"allow":["GET"]}}],"collection":[{"href":"https:\/\/www.noticiasperfil.com\/index\/wp-json\/wp\/v2\/posts"}],"about":[{"href":"https:\/\/www.noticiasperfil.com\/index\/wp-json\/wp\/v2\/types\/post"}],"author":[{"embeddable":true,"href":"https:\/\/www.noticiasperfil.com\/index\/wp-json\/wp\/v2\/users\/1"}],"replies":[{"embeddable":true,"href":"https:\/\/www.noticiasperfil.com\/index\/wp-json\/wp\/v2\/comments?post=107592"}],"version-history":[{"count":1,"href":"https:\/\/www.noticiasperfil.com\/index\/wp-json\/wp\/v2\/posts\/107592\/revisions"}],"predecessor-version":[{"id":107594,"href":"https:\/\/www.noticiasperfil.com\/index\/wp-json\/wp\/v2\/posts\/107592\/revisions\/107594"}],"wp:featuredmedia":[{"embeddable":true,"href":"https:\/\/www.noticiasperfil.com\/index\/wp-json\/wp\/v2\/media\/107593"}],"wp:attachment":[{"href":"https:\/\/www.noticiasperfil.com\/index\/wp-json\/wp\/v2\/media?parent=107592"}],"wp:term":[{"taxonomy":"category","embeddable":true,"href":"https:\/\/www.noticiasperfil.com\/index\/wp-json\/wp\/v2\/categories?post=107592"},{"taxonomy":"post_tag","embeddable":true,"href":"https:\/\/www.noticiasperfil.com\/index\/wp-json\/wp\/v2\/tags?post=107592"}],"curies":[{"name":"wp","href":"https:\/\/api.w.org\/{rel}","templated":true}]}}