{"id":107727,"date":"2024-06-20T20:32:30","date_gmt":"2024-06-21T01:32:30","guid":{"rendered":"https:\/\/www.noticiasperfil.com\/index\/?p=107727"},"modified":"2024-06-20T20:32:30","modified_gmt":"2024-06-21T01:32:30","slug":"catemaco-presente-en-proyectos-del-tec-de-san-andres-tuxtla","status":"publish","type":"post","link":"https:\/\/www.noticiasperfil.com\/index\/2024\/06\/20\/catemaco-presente-en-proyectos-del-tec-de-san-andres-tuxtla\/","title":{"rendered":"Catemaco presente en proyectos del Tec de San Andr\u00e9s Tuxtla"},"content":{"rendered":"<p><img loading=\"lazy\" decoding=\"async\" data-attachment-id=\"107728\" data-permalink=\"https:\/\/www.noticiasperfil.com\/index\/2024\/06\/20\/catemaco-presente-en-proyectos-del-tec-de-san-andres-tuxtla\/catemaco-tec-01\/\" data-orig-file=\"https:\/\/i2.wp.com\/www.noticiasperfil.com\/index\/wp-content\/uploads\/2024\/06\/catemaco-tec-01.jpg?fit=2048%2C1538&amp;ssl=1\" data-orig-size=\"2048,1538\" data-comments-opened=\"1\" data-image-meta=\"{&quot;aperture&quot;:&quot;0&quot;,&quot;credit&quot;:&quot;&quot;,&quot;camera&quot;:&quot;&quot;,&quot;caption&quot;:&quot;&quot;,&quot;created_timestamp&quot;:&quot;0&quot;,&quot;copyright&quot;:&quot;&quot;,&quot;focal_length&quot;:&quot;0&quot;,&quot;iso&quot;:&quot;0&quot;,&quot;shutter_speed&quot;:&quot;0&quot;,&quot;title&quot;:&quot;&quot;,&quot;orientation&quot;:&quot;0&quot;}\" data-image-title=\"catemaco-tec-01\" data-image-description=\"\" data-medium-file=\"https:\/\/i2.wp.com\/www.noticiasperfil.com\/index\/wp-content\/uploads\/2024\/06\/catemaco-tec-01.jpg?fit=660%2C365&amp;ssl=1\" data-large-file=\"https:\/\/i2.wp.com\/www.noticiasperfil.com\/index\/wp-content\/uploads\/2024\/06\/catemaco-tec-01.jpg?fit=640%2C366&amp;ssl=1\" class=\"aligncenter size-full wp-image-107728\" src=\"https:\/\/i2.wp.com\/www.noticiasperfil.com\/index\/wp-content\/uploads\/2024\/06\/catemaco-tec-01.jpg?resize=640%2C481&#038;ssl=1\" alt=\"\" width=\"640\" height=\"481\" srcset=\"https:\/\/i2.wp.com\/www.noticiasperfil.com\/index\/wp-content\/uploads\/2024\/06\/catemaco-tec-01.jpg?w=2048&amp;ssl=1 2048w, https:\/\/i2.wp.com\/www.noticiasperfil.com\/index\/wp-content\/uploads\/2024\/06\/catemaco-tec-01.jpg?resize=1536%2C1154&amp;ssl=1 1536w, https:\/\/i2.wp.com\/www.noticiasperfil.com\/index\/wp-content\/uploads\/2024\/06\/catemaco-tec-01.jpg?w=1280&amp;ssl=1 1280w, https:\/\/i2.wp.com\/www.noticiasperfil.com\/index\/wp-content\/uploads\/2024\/06\/catemaco-tec-01.jpg?w=1920&amp;ssl=1 1920w\" sizes=\"auto, (max-width: 640px) 100vw, 640px\" data-recalc-dims=\"1\" \/><\/p>\n<ul>\n<li><em><strong>Este proyecto realizado por alumnos de esta instituci\u00f3n con el apoyo de docentes nace debido al constante y gran inter\u00e9s que genera Catemaco como destino tur\u00edstico a nivel estatal, nacional e internacional.<\/strong><\/em><\/li>\n<\/ul>\n<p>Catemaco, Ver.- Continuando con los esfuerzos de difusi\u00f3n tur\u00edstica para Catemaco asiste el presidente municipal Lic. Juan Jos\u00e9 Rosario Morales, acompa\u00f1ado del Regidor 3ero Mtro. Marco Antonio Brizuela Alcocer y el Coordinador de Turismo Municipal Lic. Ignacio Torres Charmin, al Instituto Tecnol\u00f3gico Superior de San Andr\u00e9s Tuxtla a cargo del Mtro. Luis Miguel C\u00f3rdoba Ferman para la presentaci\u00f3n del proyecto de una gu\u00eda virtual que recorre los puntos m\u00e1s ic\u00f3nicos de nuestro municipio en materia tur\u00edstica, y el cual hace uso de las nuevas tecnolog\u00edas para su difusi\u00f3n a trav\u00e9s de un c\u00f3digo QR que ser\u00e1 escaneado permitiendo el acceso a esta gu\u00eda virtual. Este proyecto realizado por alumnos de esta instituci\u00f3n con el apoyo de docentes nace debido al constante y gran inter\u00e9s que genera Catemaco como destino tur\u00edstico a nivel estatal, nacional e internacional.<\/p>\n<p><img loading=\"lazy\" decoding=\"async\" data-attachment-id=\"107729\" data-permalink=\"https:\/\/www.noticiasperfil.com\/index\/2024\/06\/20\/catemaco-presente-en-proyectos-del-tec-de-san-andres-tuxtla\/catemaco-tec-02\/\" data-orig-file=\"https:\/\/i2.wp.com\/www.noticiasperfil.com\/index\/wp-content\/uploads\/2024\/06\/catemaco-tec-02.jpg?fit=2048%2C1536&amp;ssl=1\" data-orig-size=\"2048,1536\" data-comments-opened=\"1\" data-image-meta=\"{&quot;aperture&quot;:&quot;0&quot;,&quot;credit&quot;:&quot;&quot;,&quot;camera&quot;:&quot;&quot;,&quot;caption&quot;:&quot;&quot;,&quot;created_timestamp&quot;:&quot;0&quot;,&quot;copyright&quot;:&quot;&quot;,&quot;focal_length&quot;:&quot;0&quot;,&quot;iso&quot;:&quot;0&quot;,&quot;shutter_speed&quot;:&quot;0&quot;,&quot;title&quot;:&quot;&quot;,&quot;orientation&quot;:&quot;0&quot;}\" data-image-title=\"catemaco-tec-02\" data-image-description=\"\" data-medium-file=\"https:\/\/i2.wp.com\/www.noticiasperfil.com\/index\/wp-content\/uploads\/2024\/06\/catemaco-tec-02.jpg?fit=660%2C365&amp;ssl=1\" data-large-file=\"https:\/\/i2.wp.com\/www.noticiasperfil.com\/index\/wp-content\/uploads\/2024\/06\/catemaco-tec-02.jpg?fit=640%2C366&amp;ssl=1\" class=\"aligncenter size-full wp-image-107729\" src=\"https:\/\/i2.wp.com\/www.noticiasperfil.com\/index\/wp-content\/uploads\/2024\/06\/catemaco-tec-02.jpg?resize=640%2C480&#038;ssl=1\" alt=\"\" width=\"640\" height=\"480\" srcset=\"https:\/\/i2.wp.com\/www.noticiasperfil.com\/index\/wp-content\/uploads\/2024\/06\/catemaco-tec-02.jpg?w=2048&amp;ssl=1 2048w, https:\/\/i2.wp.com\/www.noticiasperfil.com\/index\/wp-content\/uploads\/2024\/06\/catemaco-tec-02.jpg?resize=1536%2C1152&amp;ssl=1 1536w, https:\/\/i2.wp.com\/www.noticiasperfil.com\/index\/wp-content\/uploads\/2024\/06\/catemaco-tec-02.jpg?w=1280&amp;ssl=1 1280w, https:\/\/i2.wp.com\/www.noticiasperfil.com\/index\/wp-content\/uploads\/2024\/06\/catemaco-tec-02.jpg?w=1920&amp;ssl=1 1920w\" sizes=\"auto, (max-width: 640px) 100vw, 640px\" data-recalc-dims=\"1\" \/><\/p>\n<p>En palabras del director de la Instituci\u00f3n Mtro. Luis Miguel C\u00f3rdoba Ferman, el Gobierno Municipal que preside el Lic. Juan Jos\u00e9 Rosario Morales siempre ha demostrado su inter\u00e9s de apoyar todo tipo de proyectos que generen un impacto positivo en materia tur\u00edstica, siendo este uno de los rubros sociales m\u00e1s importantes para el desarrollo, por su parte el Alcalde Rosario Morales destac\u00f3 que agradece a los involucrados la realizaci\u00f3n de este proyecto y su inter\u00e9s por difundir todos los atractivos con los que cuenta Catemaco, y que desde el inicio de su Gobierno a trav\u00e9s de la Coordinaci\u00f3n de Turismo Municipal se ha impulsado la realizaci\u00f3n de diversos eventos que han posicionado a nuestro municipio como uno de los destinos tur\u00edsticos m\u00e1s importantes del Estado.<\/p>\n<p><img loading=\"lazy\" decoding=\"async\" data-attachment-id=\"107730\" data-permalink=\"https:\/\/www.noticiasperfil.com\/index\/2024\/06\/20\/catemaco-presente-en-proyectos-del-tec-de-san-andres-tuxtla\/catemaco-tec-03\/\" data-orig-file=\"https:\/\/i0.wp.com\/www.noticiasperfil.com\/index\/wp-content\/uploads\/2024\/06\/catemaco-tec-03.jpg?fit=2048%2C1536&amp;ssl=1\" data-orig-size=\"2048,1536\" data-comments-opened=\"1\" data-image-meta=\"{&quot;aperture&quot;:&quot;0&quot;,&quot;credit&quot;:&quot;&quot;,&quot;camera&quot;:&quot;&quot;,&quot;caption&quot;:&quot;&quot;,&quot;created_timestamp&quot;:&quot;0&quot;,&quot;copyright&quot;:&quot;&quot;,&quot;focal_length&quot;:&quot;0&quot;,&quot;iso&quot;:&quot;0&quot;,&quot;shutter_speed&quot;:&quot;0&quot;,&quot;title&quot;:&quot;&quot;,&quot;orientation&quot;:&quot;0&quot;}\" data-image-title=\"catemaco-tec-03\" data-image-description=\"\" data-medium-file=\"https:\/\/i0.wp.com\/www.noticiasperfil.com\/index\/wp-content\/uploads\/2024\/06\/catemaco-tec-03.jpg?fit=660%2C365&amp;ssl=1\" data-large-file=\"https:\/\/i0.wp.com\/www.noticiasperfil.com\/index\/wp-content\/uploads\/2024\/06\/catemaco-tec-03.jpg?fit=640%2C366&amp;ssl=1\" class=\"aligncenter size-full wp-image-107730\" src=\"https:\/\/i0.wp.com\/www.noticiasperfil.com\/index\/wp-content\/uploads\/2024\/06\/catemaco-tec-03.jpg?resize=640%2C480&#038;ssl=1\" alt=\"\" width=\"640\" height=\"480\" srcset=\"https:\/\/i0.wp.com\/www.noticiasperfil.com\/index\/wp-content\/uploads\/2024\/06\/catemaco-tec-03.jpg?w=2048&amp;ssl=1 2048w, https:\/\/i0.wp.com\/www.noticiasperfil.com\/index\/wp-content\/uploads\/2024\/06\/catemaco-tec-03.jpg?resize=1536%2C1152&amp;ssl=1 1536w, https:\/\/i0.wp.com\/www.noticiasperfil.com\/index\/wp-content\/uploads\/2024\/06\/catemaco-tec-03.jpg?w=1280&amp;ssl=1 1280w, https:\/\/i0.wp.com\/www.noticiasperfil.com\/index\/wp-content\/uploads\/2024\/06\/catemaco-tec-03.jpg?w=1920&amp;ssl=1 1920w\" sizes=\"auto, (max-width: 640px) 100vw, 640px\" data-recalc-dims=\"1\" \/><\/p>\n<p>En este evento el director C\u00f3rdoba Ferman y docentes hicieron entrega del Proyecto al Presidente Municipal, mientras que la primera autoridad de nuestro municipio hizo entrega de 5 lonas que ser\u00e1n colocadas en diversos puntos de la regi\u00f3n y que contienen un c\u00f3digo QR que redirige a esta gu\u00eda tur\u00edstica virtual, adem\u00e1s, tambi\u00e9n se entregaron reconocimientos a los involucrados en este proyecto.<\/p>\n","protected":false},"excerpt":{"rendered":"<p>Este proyecto realizado por alumnos de esta instituci\u00f3n con el apoyo de docentes nace debido al constante y gran inter\u00e9s que genera Catemaco como destino tur\u00edstico a nivel estatal, nacional e internacional. Catemaco, Ver.- Continuando con los esfuerzos de difusi\u00f3n tur\u00edstica para Catemaco asiste el presidente municipal Lic. Juan Jos\u00e9 Rosario Morales, acompa\u00f1ado del Regidor 3ero Mtro. Marco Antonio Brizuela Alcocer y el Coordinador de Turismo Municipal Lic. Ignacio Torres Charmin, al Instituto Tecnol\u00f3gico Superior de San Andr\u00e9s Tuxtla a cargo del Mtro. Luis Miguel C\u00f3rdoba Ferman para la presentaci\u00f3n&hellip;<\/p>\n","protected":false},"author":1,"featured_media":107728,"comment_status":"open","ping_status":"closed","sticky":false,"template":"","format":"standard","meta":{"footnotes":""},"categories":[3,6],"tags":[6009,10375],"class_list":["post-107727","post","type-post","status-publish","format-standard","has-post-thumbnail","hentry","category-destacadas","category-zona-tuxtlas","tag-juan-rosario-morales","tag-tecnologico-san-andres-tuxtla"],"jetpack-related-posts":[],"_links":{"self":[{"href":"https:\/\/www.noticiasperfil.com\/index\/wp-json\/wp\/v2\/posts\/107727","targetHints":{"allow":["GET"]}}],"collection":[{"href":"https:\/\/www.noticiasperfil.com\/index\/wp-json\/wp\/v2\/posts"}],"about":[{"href":"https:\/\/www.noticiasperfil.com\/index\/wp-json\/wp\/v2\/types\/post"}],"author":[{"embeddable":true,"href":"https:\/\/www.noticiasperfil.com\/index\/wp-json\/wp\/v2\/users\/1"}],"replies":[{"embeddable":true,"href":"https:\/\/www.noticiasperfil.com\/index\/wp-json\/wp\/v2\/comments?post=107727"}],"version-history":[{"count":1,"href":"https:\/\/www.noticiasperfil.com\/index\/wp-json\/wp\/v2\/posts\/107727\/revisions"}],"predecessor-version":[{"id":107731,"href":"https:\/\/www.noticiasperfil.com\/index\/wp-json\/wp\/v2\/posts\/107727\/revisions\/107731"}],"wp:featuredmedia":[{"embeddable":true,"href":"https:\/\/www.noticiasperfil.com\/index\/wp-json\/wp\/v2\/media\/107728"}],"wp:attachment":[{"href":"https:\/\/www.noticiasperfil.com\/index\/wp-json\/wp\/v2\/media?parent=107727"}],"wp:term":[{"taxonomy":"category","embeddable":true,"href":"https:\/\/www.noticiasperfil.com\/index\/wp-json\/wp\/v2\/categories?post=107727"},{"taxonomy":"post_tag","embeddable":true,"href":"https:\/\/www.noticiasperfil.com\/index\/wp-json\/wp\/v2\/tags?post=107727"}],"curies":[{"name":"wp","href":"https:\/\/api.w.org\/{rel}","templated":true}]}}