{"id":107732,"date":"2024-06-21T13:12:49","date_gmt":"2024-06-21T18:12:49","guid":{"rendered":"https:\/\/www.noticiasperfil.com\/index\/?p=107732"},"modified":"2024-06-21T13:12:49","modified_gmt":"2024-06-21T18:12:49","slug":"no-se-presenta-a-audiencia-chiquiyunes-alega-persecucion-politica","status":"publish","type":"post","link":"https:\/\/www.noticiasperfil.com\/index\/2024\/06\/21\/no-se-presenta-a-audiencia-chiquiyunes-alega-persecucion-politica\/","title":{"rendered":"No se presenta a audiencia &#8216;Chiquiyunes&#8217;; alega \u00abpersecuci\u00f3n pol\u00edtica\u00bb"},"content":{"rendered":"<p><img loading=\"lazy\" decoding=\"async\" data-attachment-id=\"107733\" data-permalink=\"https:\/\/www.noticiasperfil.com\/index\/2024\/06\/21\/no-se-presenta-a-audiencia-chiquiyunes-alega-persecucion-politica\/audiencia\/\" data-orig-file=\"https:\/\/i1.wp.com\/www.noticiasperfil.com\/index\/wp-content\/uploads\/2024\/06\/audiencia.jpg?fit=893%2C785&amp;ssl=1\" data-orig-size=\"893,785\" data-comments-opened=\"1\" data-image-meta=\"{&quot;aperture&quot;:&quot;0&quot;,&quot;credit&quot;:&quot;&quot;,&quot;camera&quot;:&quot;&quot;,&quot;caption&quot;:&quot;&quot;,&quot;created_timestamp&quot;:&quot;0&quot;,&quot;copyright&quot;:&quot;&quot;,&quot;focal_length&quot;:&quot;0&quot;,&quot;iso&quot;:&quot;0&quot;,&quot;shutter_speed&quot;:&quot;0&quot;,&quot;title&quot;:&quot;&quot;,&quot;orientation&quot;:&quot;0&quot;}\" data-image-title=\"audiencia\" data-image-description=\"\" data-medium-file=\"https:\/\/i1.wp.com\/www.noticiasperfil.com\/index\/wp-content\/uploads\/2024\/06\/audiencia.jpg?fit=660%2C365&amp;ssl=1\" data-large-file=\"https:\/\/i1.wp.com\/www.noticiasperfil.com\/index\/wp-content\/uploads\/2024\/06\/audiencia.jpg?fit=640%2C366&amp;ssl=1\" class=\"aligncenter size-full wp-image-107733\" src=\"https:\/\/i1.wp.com\/www.noticiasperfil.com\/index\/wp-content\/uploads\/2024\/06\/audiencia.jpg?resize=640%2C563&#038;ssl=1\" alt=\"\" width=\"640\" height=\"563\" data-recalc-dims=\"1\" \/><\/p>\n<p>Xalapa, Ver.- El senador electo, el panista Miguel \u00c1ngel Yunes M\u00e1rquez, se dijo \u00abperseguido pol\u00edtico\u00bb y por lo tanto no se present\u00f3 a la audiencia de imputaci\u00f3n en el penal de Pacho Viejo en Coatepec.<\/p>\n<p>Acudieron sus abogados.<\/p>\n<p>A trav\u00e9s de sus redes sociales, poste\u00f3 que el citatorio es persecuci\u00f3n pol\u00edtica.<\/p>\n<p>\u00abSoy un opositor, no un delincuente; la cobarde persecuci\u00f3n pol\u00edtica es para intimidarnos: \u00a1No lo van a lograr!\u00bb<br \/>\nLa Fiscal\u00eda General del Estado (FGE) acusa a Miguel \u00c1ngel Yunes M\u00e1rquez, de haber falseado su residencia efectiva en la ciudad de Veracruz para poder competir en la elecci\u00f3n de 2021 por la presidencia municipal.<\/p>\n<p>El Tribunal Electoral del Estado de Veracruz (TEEV) determin\u00f3 revocar a Yunes M\u00e1rquez la candidatura por la alianza \u201cVeracruz Va\u201d al concluir que no acredit\u00f3 el requisito de su residencia efectiva.<\/p>\n<p>El lugar fue ocupado por su esposa, Patricia Lobeira, quien finalmente gan\u00f3 las elecciones.<\/p>\n","protected":false},"excerpt":{"rendered":"<p>Xalapa, Ver.- El senador electo, el panista Miguel \u00c1ngel Yunes M\u00e1rquez, se dijo \u00abperseguido pol\u00edtico\u00bb y por lo tanto no se present\u00f3 a la audiencia de imputaci\u00f3n en el penal de Pacho Viejo en Coatepec. Acudieron sus abogados. A trav\u00e9s de sus redes sociales, poste\u00f3 que el citatorio es persecuci\u00f3n pol\u00edtica. \u00abSoy un opositor, no un delincuente; la cobarde persecuci\u00f3n pol\u00edtica es para intimidarnos: \u00a1No lo van a lograr!\u00bb La Fiscal\u00eda General del Estado (FGE) acusa a Miguel \u00c1ngel Yunes M\u00e1rquez, de haber falseado su residencia efectiva en la ciudad&hellip;<\/p>\n","protected":false},"author":1,"featured_media":107733,"comment_status":"open","ping_status":"closed","sticky":false,"template":"","format":"standard","meta":{"footnotes":""},"categories":[3,4],"tags":[],"class_list":["post-107732","post","type-post","status-publish","format-standard","has-post-thumbnail","hentry","category-destacadas","category-estatal"],"jetpack-related-posts":[],"_links":{"self":[{"href":"https:\/\/www.noticiasperfil.com\/index\/wp-json\/wp\/v2\/posts\/107732","targetHints":{"allow":["GET"]}}],"collection":[{"href":"https:\/\/www.noticiasperfil.com\/index\/wp-json\/wp\/v2\/posts"}],"about":[{"href":"https:\/\/www.noticiasperfil.com\/index\/wp-json\/wp\/v2\/types\/post"}],"author":[{"embeddable":true,"href":"https:\/\/www.noticiasperfil.com\/index\/wp-json\/wp\/v2\/users\/1"}],"replies":[{"embeddable":true,"href":"https:\/\/www.noticiasperfil.com\/index\/wp-json\/wp\/v2\/comments?post=107732"}],"version-history":[{"count":1,"href":"https:\/\/www.noticiasperfil.com\/index\/wp-json\/wp\/v2\/posts\/107732\/revisions"}],"predecessor-version":[{"id":107734,"href":"https:\/\/www.noticiasperfil.com\/index\/wp-json\/wp\/v2\/posts\/107732\/revisions\/107734"}],"wp:featuredmedia":[{"embeddable":true,"href":"https:\/\/www.noticiasperfil.com\/index\/wp-json\/wp\/v2\/media\/107733"}],"wp:attachment":[{"href":"https:\/\/www.noticiasperfil.com\/index\/wp-json\/wp\/v2\/media?parent=107732"}],"wp:term":[{"taxonomy":"category","embeddable":true,"href":"https:\/\/www.noticiasperfil.com\/index\/wp-json\/wp\/v2\/categories?post=107732"},{"taxonomy":"post_tag","embeddable":true,"href":"https:\/\/www.noticiasperfil.com\/index\/wp-json\/wp\/v2\/tags?post=107732"}],"curies":[{"name":"wp","href":"https:\/\/api.w.org\/{rel}","templated":true}]}}