{"id":107735,"date":"2024-06-21T14:21:13","date_gmt":"2024-06-21T19:21:13","guid":{"rendered":"https:\/\/www.noticiasperfil.com\/index\/?p=107735"},"modified":"2024-06-21T14:21:13","modified_gmt":"2024-06-21T19:21:13","slug":"gobierno-federal-atiende-a-la-poblacion-por-efectos-de-tormenta-tropical-alberto-en-el-golfo-de-mexico-amlo","status":"publish","type":"post","link":"https:\/\/www.noticiasperfil.com\/index\/2024\/06\/21\/gobierno-federal-atiende-a-la-poblacion-por-efectos-de-tormenta-tropical-alberto-en-el-golfo-de-mexico-amlo\/","title":{"rendered":"Gobierno federal atiende a la poblaci\u00f3n por efectos de tormenta tropical Alberto en el Golfo de M\u00e9xico: AMLO"},"content":{"rendered":"<p><img loading=\"lazy\" decoding=\"async\" data-attachment-id=\"107736\" data-permalink=\"https:\/\/www.noticiasperfil.com\/index\/2024\/06\/21\/gobierno-federal-atiende-a-la-poblacion-por-efectos-de-tormenta-tropical-alberto-en-el-golfo-de-mexico-amlo\/amlo-273\/\" data-orig-file=\"https:\/\/i1.wp.com\/www.noticiasperfil.com\/index\/wp-content\/uploads\/2024\/06\/amlo-1.jpg?fit=745%2C450&amp;ssl=1\" data-orig-size=\"745,450\" data-comments-opened=\"1\" data-image-meta=\"{&quot;aperture&quot;:&quot;0&quot;,&quot;credit&quot;:&quot;&quot;,&quot;camera&quot;:&quot;&quot;,&quot;caption&quot;:&quot;&quot;,&quot;created_timestamp&quot;:&quot;0&quot;,&quot;copyright&quot;:&quot;&quot;,&quot;focal_length&quot;:&quot;0&quot;,&quot;iso&quot;:&quot;0&quot;,&quot;shutter_speed&quot;:&quot;0&quot;,&quot;title&quot;:&quot;&quot;,&quot;orientation&quot;:&quot;0&quot;}\" data-image-title=\"amlo\" data-image-description=\"\" data-medium-file=\"https:\/\/i1.wp.com\/www.noticiasperfil.com\/index\/wp-content\/uploads\/2024\/06\/amlo-1.jpg?fit=660%2C365&amp;ssl=1\" data-large-file=\"https:\/\/i1.wp.com\/www.noticiasperfil.com\/index\/wp-content\/uploads\/2024\/06\/amlo-1.jpg?fit=640%2C387&amp;ssl=1\" class=\"aligncenter size-full wp-image-107736\" src=\"https:\/\/i1.wp.com\/www.noticiasperfil.com\/index\/wp-content\/uploads\/2024\/06\/amlo-1.jpg?resize=640%2C387&#038;ssl=1\" alt=\"\" width=\"640\" height=\"387\" data-recalc-dims=\"1\" \/><\/p>\n<p>Ciudad de M\u00e9xico.- El presidente Andr\u00e9s Manuel L\u00f3pez Obrador indic\u00f3 que el gobierno federal atiende a la poblaci\u00f3n por los efectos de la tormenta tropical Alberto, que toc\u00f3 tierra a las 4:30 horas de este jueves 20 de junio en inmediaciones de Ciudad Madero, Tamaulipas, en el Golfo de M\u00e9xico.<\/p>\n<p>\u201cSe est\u00e1 buscando proteger a la poblaci\u00f3n que vive a la orilla de los r\u00edos, de arroyos, de las zonas bajas, por lo que se conoce como crecientes o incremento en los cauces. (\u2026) Vamos a estar pendientes\u201d, subray\u00f3 en conferencia de prensa matutina.<\/p>\n<p>Elementos de la Guardia Nacional y las secretar\u00edas de la Defensa Nacional y de Marina est\u00e1n en la regi\u00f3n.<\/p>\n<p>Simult\u00e1neamente, la Comisi\u00f3n Nacional del Agua (Conagua) da seguimiento puntual a la trayectoria del fen\u00f3meno meteorol\u00f3gico. De acuerdo con el reporte de las 9:00 horas emitido por esa dependencia, se convirti\u00f3 en depresi\u00f3n tropical localizada en tierra al oeste-noroeste de Ciudad Valles, San Luis Potos\u00ed, y a 155 kil\u00f3metros al oeste de Tampico, Tamaulipas, con vientos m\u00e1ximos sostenidos de 55 kil\u00f3metros por hora y rachas de 75 kil\u00f3metros por hora.<\/p>\n<p>\u201cSe est\u00e1 trabajando. Hoy tratamos el tema, desde ayer estamos d\u00e1ndole seguimiento a lo de este cicl\u00f3n. (\u2026) Es el primer cicl\u00f3n o fen\u00f3meno de lluvia intensa en el Golfo\u201d, acot\u00f3.<\/p>\n<p>Lament\u00f3 el fallecimiento de dos menores en Nuevo Le\u00f3n a causa de una descarga el\u00e9ctrica mientras se trasladaban en una bicicleta. Adem\u00e1s, se tiene conocimiento de un ni\u00f1o atrapado en la misma entidad debido a las lluvias registradas por el paso de este meteoro.<\/p>\n<p>Entre los efectos, dijo, se reporta una inundaci\u00f3n en Chetumal, Quintana Roo, y chubascos en Yucat\u00e1n, Campeche, Tabasco y Veracruz.<\/p>\n","protected":false},"excerpt":{"rendered":"<p>Ciudad de M\u00e9xico.- El presidente Andr\u00e9s Manuel L\u00f3pez Obrador indic\u00f3 que el gobierno federal atiende a la poblaci\u00f3n por los efectos de la tormenta tropical Alberto, que toc\u00f3 tierra a las 4:30 horas de este jueves 20 de junio en inmediaciones de Ciudad Madero, Tamaulipas, en el Golfo de M\u00e9xico. \u201cSe est\u00e1 buscando proteger a la poblaci\u00f3n que vive a la orilla de los r\u00edos, de arroyos, de las zonas bajas, por lo que se conoce como crecientes o incremento en los cauces. (\u2026) Vamos a estar pendientes\u201d, subray\u00f3 en&hellip;<\/p>\n","protected":false},"author":1,"featured_media":107736,"comment_status":"open","ping_status":"closed","sticky":false,"template":"","format":"standard","meta":{"footnotes":""},"categories":[3,7],"tags":[86],"class_list":["post-107735","post","type-post","status-publish","format-standard","has-post-thumbnail","hentry","category-destacadas","category-nacional","tag-andres-manuel-lopez-obrador"],"jetpack-related-posts":[],"_links":{"self":[{"href":"https:\/\/www.noticiasperfil.com\/index\/wp-json\/wp\/v2\/posts\/107735","targetHints":{"allow":["GET"]}}],"collection":[{"href":"https:\/\/www.noticiasperfil.com\/index\/wp-json\/wp\/v2\/posts"}],"about":[{"href":"https:\/\/www.noticiasperfil.com\/index\/wp-json\/wp\/v2\/types\/post"}],"author":[{"embeddable":true,"href":"https:\/\/www.noticiasperfil.com\/index\/wp-json\/wp\/v2\/users\/1"}],"replies":[{"embeddable":true,"href":"https:\/\/www.noticiasperfil.com\/index\/wp-json\/wp\/v2\/comments?post=107735"}],"version-history":[{"count":1,"href":"https:\/\/www.noticiasperfil.com\/index\/wp-json\/wp\/v2\/posts\/107735\/revisions"}],"predecessor-version":[{"id":107737,"href":"https:\/\/www.noticiasperfil.com\/index\/wp-json\/wp\/v2\/posts\/107735\/revisions\/107737"}],"wp:featuredmedia":[{"embeddable":true,"href":"https:\/\/www.noticiasperfil.com\/index\/wp-json\/wp\/v2\/media\/107736"}],"wp:attachment":[{"href":"https:\/\/www.noticiasperfil.com\/index\/wp-json\/wp\/v2\/media?parent=107735"}],"wp:term":[{"taxonomy":"category","embeddable":true,"href":"https:\/\/www.noticiasperfil.com\/index\/wp-json\/wp\/v2\/categories?post=107735"},{"taxonomy":"post_tag","embeddable":true,"href":"https:\/\/www.noticiasperfil.com\/index\/wp-json\/wp\/v2\/tags?post=107735"}],"curies":[{"name":"wp","href":"https:\/\/api.w.org\/{rel}","templated":true}]}}