{"id":107742,"date":"2024-06-24T12:05:30","date_gmt":"2024-06-24T17:05:30","guid":{"rendered":"https:\/\/www.noticiasperfil.com\/index\/?p=107742"},"modified":"2024-06-24T12:05:30","modified_gmt":"2024-06-24T17:05:30","slug":"tardia-desaparicion-de-la-fuerza-civil-de-veracruz-huerta","status":"publish","type":"post","link":"https:\/\/www.noticiasperfil.com\/index\/2024\/06\/24\/tardia-desaparicion-de-la-fuerza-civil-de-veracruz-huerta\/","title":{"rendered":"Tard\u00eda, desaparici\u00f3n de la Fuerza Civil de Veracruz: Huerta"},"content":{"rendered":"<p><img loading=\"lazy\" decoding=\"async\" data-attachment-id=\"107743\" data-permalink=\"https:\/\/www.noticiasperfil.com\/index\/2024\/06\/24\/tardia-desaparicion-de-la-fuerza-civil-de-veracruz-huerta\/manuel-huerta-40\/\" data-orig-file=\"https:\/\/i2.wp.com\/www.noticiasperfil.com\/index\/wp-content\/uploads\/2024\/06\/manuel-huerta-1.jpg?fit=720%2C540&amp;ssl=1\" data-orig-size=\"720,540\" data-comments-opened=\"1\" data-image-meta=\"{&quot;aperture&quot;:&quot;0&quot;,&quot;credit&quot;:&quot;&quot;,&quot;camera&quot;:&quot;&quot;,&quot;caption&quot;:&quot;&quot;,&quot;created_timestamp&quot;:&quot;0&quot;,&quot;copyright&quot;:&quot;&quot;,&quot;focal_length&quot;:&quot;0&quot;,&quot;iso&quot;:&quot;0&quot;,&quot;shutter_speed&quot;:&quot;0&quot;,&quot;title&quot;:&quot;&quot;,&quot;orientation&quot;:&quot;0&quot;}\" data-image-title=\"manuel-huerta\" data-image-description=\"\" data-medium-file=\"https:\/\/i2.wp.com\/www.noticiasperfil.com\/index\/wp-content\/uploads\/2024\/06\/manuel-huerta-1.jpg?fit=660%2C365&amp;ssl=1\" data-large-file=\"https:\/\/i2.wp.com\/www.noticiasperfil.com\/index\/wp-content\/uploads\/2024\/06\/manuel-huerta-1.jpg?fit=640%2C427&amp;ssl=1\" class=\"aligncenter size-full wp-image-107743\" src=\"https:\/\/i2.wp.com\/www.noticiasperfil.com\/index\/wp-content\/uploads\/2024\/06\/manuel-huerta-1.jpg?resize=640%2C480&#038;ssl=1\" alt=\"\" width=\"640\" height=\"480\" data-recalc-dims=\"1\" \/><\/p>\n<p>Xalapa, Ver.- El senador electo por MORENA, Manuel Huerta Ladr\u00f3n de Guevara, denunci\u00f3 que la desaparici\u00f3n del cuerpo policiaco Fuerza Civil lleg\u00f3 tard\u00eda y exigi\u00f3 castigo en contra de quien di\u00f3 la orden para atacar a los campesinos de Totalco que se manifestaron en contra de la empresa Granjas Carroll de M\u00e9xico, donde dos personas murieron.<\/p>\n<p>\u00abYa es tard\u00edo por parte de este gobierno que desaparezca una fuerza con est\u00e1s caracter\u00edsticas, porque toda la seguridad ciudadana tiene que ser revisada y no puede haber en la calle polic\u00edas con m\u00e1scaras como si fueran delincuentes\u00bb.<\/p>\n<p>El senador morenista pidi\u00f3 conocer qui\u00e9n di\u00f3 la orden para atacar a los campesinos.<\/p>\n<p>\u00abYo estoy de acuerdo con la comunidad de Totalco y tiene que saberse quien di\u00f3 la orden, debe haber una investigaci\u00f3n profunda y lo que celebr\u00f3 aqu\u00ed es que la Fiscal\u00eda general de la Rep\u00fablica este atrayendo el caso\u00bb.<br \/>\nDespu\u00e9s de tres d\u00edas del enfrentamiento entre polic\u00edas de la Fuerza Civil y campesinos de Totalco, la Secretaria de Gobierno anunci\u00f3 la desaparici\u00f3n de la Fuerza Civil.<\/p>\n<p>\u00abEste Gobierno anuncia la desaparici\u00f3n de la corporaci\u00f3n de Fuerza Civil como direcci\u00f3n operativa. Por lo que se ha instruido iniciar el proceso de su extinci\u00f3n y se obtenga de esta manera un mando \u00fanico operativo en una sola Direcci\u00f3n dependiente directamente de la Subsecretar\u00eda de Operaciones dentro de la SSP. Esta medida ser\u00e1 llevada a cabo en los tiempos que no interfieran en las investigaciones que las fiscal\u00edas realizan actualmente. Cabe se\u00f1alar que los derechos policiales de los elementos, as\u00ed como los laborales del personal administrativo, se preservar\u00e1n.\u00bb<\/p>\n<p>Se anuncia adem\u00e1s que que el gobierno estatal tambi\u00e9n gestionar\u00e1 la petici\u00f3n de los pobladores de la regi\u00f3n del valle de Perote para que la PROFEPA y la SEMARNAT intervengan e inspeccionen a dicha empresa porcina a fin de verificar el cumplimiento de la normatividad de competencia federal.<\/p>\n","protected":false},"excerpt":{"rendered":"<p>Xalapa, Ver.- El senador electo por MORENA, Manuel Huerta Ladr\u00f3n de Guevara, denunci\u00f3 que la desaparici\u00f3n del cuerpo policiaco Fuerza Civil lleg\u00f3 tard\u00eda y exigi\u00f3 castigo en contra de quien di\u00f3 la orden para atacar a los campesinos de Totalco que se manifestaron en contra de la empresa Granjas Carroll de M\u00e9xico, donde dos personas murieron. \u00abYa es tard\u00edo por parte de este gobierno que desaparezca una fuerza con est\u00e1s caracter\u00edsticas, porque toda la seguridad ciudadana tiene que ser revisada y no puede haber en la calle polic\u00edas con m\u00e1scaras&hellip;<\/p>\n","protected":false},"author":1,"featured_media":107743,"comment_status":"open","ping_status":"closed","sticky":false,"template":"","format":"standard","meta":{"footnotes":""},"categories":[3,4],"tags":[625,3075],"class_list":["post-107742","post","type-post","status-publish","format-standard","has-post-thumbnail","hentry","category-destacadas","category-estatal","tag-fuerza-civil-veracruz","tag-manuel-huerta-ladron-de-guevara"],"jetpack-related-posts":[],"_links":{"self":[{"href":"https:\/\/www.noticiasperfil.com\/index\/wp-json\/wp\/v2\/posts\/107742","targetHints":{"allow":["GET"]}}],"collection":[{"href":"https:\/\/www.noticiasperfil.com\/index\/wp-json\/wp\/v2\/posts"}],"about":[{"href":"https:\/\/www.noticiasperfil.com\/index\/wp-json\/wp\/v2\/types\/post"}],"author":[{"embeddable":true,"href":"https:\/\/www.noticiasperfil.com\/index\/wp-json\/wp\/v2\/users\/1"}],"replies":[{"embeddable":true,"href":"https:\/\/www.noticiasperfil.com\/index\/wp-json\/wp\/v2\/comments?post=107742"}],"version-history":[{"count":1,"href":"https:\/\/www.noticiasperfil.com\/index\/wp-json\/wp\/v2\/posts\/107742\/revisions"}],"predecessor-version":[{"id":107744,"href":"https:\/\/www.noticiasperfil.com\/index\/wp-json\/wp\/v2\/posts\/107742\/revisions\/107744"}],"wp:featuredmedia":[{"embeddable":true,"href":"https:\/\/www.noticiasperfil.com\/index\/wp-json\/wp\/v2\/media\/107743"}],"wp:attachment":[{"href":"https:\/\/www.noticiasperfil.com\/index\/wp-json\/wp\/v2\/media?parent=107742"}],"wp:term":[{"taxonomy":"category","embeddable":true,"href":"https:\/\/www.noticiasperfil.com\/index\/wp-json\/wp\/v2\/categories?post=107742"},{"taxonomy":"post_tag","embeddable":true,"href":"https:\/\/www.noticiasperfil.com\/index\/wp-json\/wp\/v2\/tags?post=107742"}],"curies":[{"name":"wp","href":"https:\/\/api.w.org\/{rel}","templated":true}]}}