{"id":107748,"date":"2024-06-24T14:37:43","date_gmt":"2024-06-24T19:37:43","guid":{"rendered":"https:\/\/www.noticiasperfil.com\/index\/?p=107748"},"modified":"2026-02-06T21:34:00","modified_gmt":"2026-02-07T03:34:00","slug":"el-estilo-de-nahle","status":"publish","type":"post","link":"https:\/\/www.noticiasperfil.com\/index\/2024\/06\/24\/el-estilo-de-nahle\/","title":{"rendered":"El estilo de Nahle"},"content":{"rendered":"<p><img loading=\"lazy\" decoding=\"async\" class=\"aligncenter size-full wp-image-94076\" src=\"https:\/\/i2.wp.com\/www.noticiasperfil.com\/index\/wp-content\/uploads\/2022\/11\/jose-valencia.jpg?resize=608%2C461&#038;ssl=1\" alt=\"\" width=\"608\" height=\"461\" data-recalc-dims=\"1\" \/><\/p>\n<p><strong>\u00a1Adelante!\/Por Jos\u00e9 Valencia.<\/strong><\/p>\n<p>Por primera vez una mujer gobernar\u00e1 a los veracruzanos. As\u00ed lo decidieron m\u00e1s de dos millones de ciudadanas y ciudadanos.<\/p>\n<p>Y como presidenta de la rep\u00fablica fue elegida tambi\u00e9n una mujer. Vivimos tiempos in\u00e9ditos y esperamos y deseamos lo mejor para todos.<\/p>\n<p>En el \u00e1mbito local empieza a sentirse ya el estilo de Roc\u00edo Nahle. Se percibe mano firme y algo m\u00e1s.<\/p>\n<p>A nivel nacional flotan algunas dudas e inquietudes. Al parecer Andr\u00e9s Manuel L\u00f3pez Obrador no soltar\u00e1 todos los controles del poder a Claudia Sheinbaum, a diferencia de anteriores presidentes que s\u00ed cedieron poco a poco el mando a sus sucesores desde antes de la entrega formal.<\/p>\n<p>AMLO dejar\u00e1 de ejercer el poder el \u00faltimo d\u00eda de su per\u00edodo, el 30 de septiembre. No antes.<\/p>\n<p>Veremos a partir del primero de octubre el desenlace de esta etapa de transici\u00f3n.<\/p>\n<p>Eso s\u00ed, ninguna impugnaci\u00f3n anular\u00e1 las elecciones ni modificar\u00e1 en lo sustancial los resultados. Claudia Sheinbaum es la presidenta de M\u00e9xico y Roc\u00edo Nahle la gobernadora de Veracruz.<\/p>\n<p>Nuevo gobierno, diferente estilo.<\/p>\n","protected":false},"excerpt":{"rendered":"<p>\u00a1Adelante!\/Por Jos\u00e9 Valencia. Por primera vez una mujer gobernar\u00e1 a los veracruzanos. As\u00ed lo decidieron m\u00e1s de dos millones de ciudadanas y ciudadanos. Y como presidenta de la rep\u00fablica fue elegida tambi\u00e9n una mujer. Vivimos tiempos in\u00e9ditos y esperamos y deseamos lo mejor para todos. En el \u00e1mbito local empieza a sentirse ya el estilo de Roc\u00edo Nahle. Se percibe mano firme y algo m\u00e1s. A nivel nacional flotan algunas dudas e inquietudes. Al parecer Andr\u00e9s Manuel L\u00f3pez Obrador no soltar\u00e1 todos los controles del poder a Claudia Sheinbaum, a&hellip;<\/p>\n","protected":false},"author":1,"featured_media":0,"comment_status":"open","ping_status":"closed","sticky":false,"template":"","format":"standard","meta":{"footnotes":""},"categories":[8],"tags":[4027],"class_list":["post-107748","post","type-post","status-publish","format-standard","hentry","category-opinion","tag-jose-valencia-sanchez"],"jetpack-related-posts":[],"_links":{"self":[{"href":"https:\/\/www.noticiasperfil.com\/index\/wp-json\/wp\/v2\/posts\/107748","targetHints":{"allow":["GET"]}}],"collection":[{"href":"https:\/\/www.noticiasperfil.com\/index\/wp-json\/wp\/v2\/posts"}],"about":[{"href":"https:\/\/www.noticiasperfil.com\/index\/wp-json\/wp\/v2\/types\/post"}],"author":[{"embeddable":true,"href":"https:\/\/www.noticiasperfil.com\/index\/wp-json\/wp\/v2\/users\/1"}],"replies":[{"embeddable":true,"href":"https:\/\/www.noticiasperfil.com\/index\/wp-json\/wp\/v2\/comments?post=107748"}],"version-history":[{"count":1,"href":"https:\/\/www.noticiasperfil.com\/index\/wp-json\/wp\/v2\/posts\/107748\/revisions"}],"predecessor-version":[{"id":107749,"href":"https:\/\/www.noticiasperfil.com\/index\/wp-json\/wp\/v2\/posts\/107748\/revisions\/107749"}],"wp:attachment":[{"href":"https:\/\/www.noticiasperfil.com\/index\/wp-json\/wp\/v2\/media?parent=107748"}],"wp:term":[{"taxonomy":"category","embeddable":true,"href":"https:\/\/www.noticiasperfil.com\/index\/wp-json\/wp\/v2\/categories?post=107748"},{"taxonomy":"post_tag","embeddable":true,"href":"https:\/\/www.noticiasperfil.com\/index\/wp-json\/wp\/v2\/tags?post=107748"}],"curies":[{"name":"wp","href":"https:\/\/api.w.org\/{rel}","templated":true}]}}