{"id":107752,"date":"2024-06-24T15:24:02","date_gmt":"2024-06-24T20:24:02","guid":{"rendered":"https:\/\/www.noticiasperfil.com\/index\/?p=107752"},"modified":"2026-02-06T20:42:09","modified_gmt":"2026-02-07T02:42:09","slug":"la-politica-municipal-del-2025-el-respaldo-a-la-dra-remedios","status":"publish","type":"post","link":"https:\/\/www.noticiasperfil.com\/index\/2024\/06\/24\/la-politica-municipal-del-2025-el-respaldo-a-la-dra-remedios\/","title":{"rendered":"La pol\u00edtica Municipal del 2025&#8230; El respaldo a la Dra. Remedios"},"content":{"rendered":"<p><img loading=\"lazy\" decoding=\"async\" data-attachment-id=\"107753\" data-permalink=\"https:\/\/www.noticiasperfil.com\/index\/2024\/06\/24\/la-politica-municipal-del-2025-el-respaldo-a-la-dra-remedios\/prianistas\/\" data-orig-file=\"https:\/\/i1.wp.com\/www.noticiasperfil.com\/index\/wp-content\/uploads\/2024\/06\/prianistas.jpg?fit=1600%2C1066&amp;ssl=1\" data-orig-size=\"1600,1066\" data-comments-opened=\"1\" data-image-meta=\"{&quot;aperture&quot;:&quot;0&quot;,&quot;credit&quot;:&quot;&quot;,&quot;camera&quot;:&quot;&quot;,&quot;caption&quot;:&quot;&quot;,&quot;created_timestamp&quot;:&quot;0&quot;,&quot;copyright&quot;:&quot;&quot;,&quot;focal_length&quot;:&quot;0&quot;,&quot;iso&quot;:&quot;0&quot;,&quot;shutter_speed&quot;:&quot;0&quot;,&quot;title&quot;:&quot;&quot;,&quot;orientation&quot;:&quot;0&quot;}\" data-image-title=\"prianistas\" data-image-description=\"\" data-medium-file=\"https:\/\/i1.wp.com\/www.noticiasperfil.com\/index\/wp-content\/uploads\/2024\/06\/prianistas.jpg?fit=660%2C365&amp;ssl=1\" data-large-file=\"https:\/\/i1.wp.com\/www.noticiasperfil.com\/index\/wp-content\/uploads\/2024\/06\/prianistas.jpg?fit=640%2C366&amp;ssl=1\" class=\"aligncenter size-full wp-image-107753\" src=\"https:\/\/i1.wp.com\/www.noticiasperfil.com\/index\/wp-content\/uploads\/2024\/06\/prianistas.jpg?resize=640%2C426&#038;ssl=1\" alt=\"\" width=\"640\" height=\"426\" srcset=\"https:\/\/i1.wp.com\/www.noticiasperfil.com\/index\/wp-content\/uploads\/2024\/06\/prianistas.jpg?w=1600&amp;ssl=1 1600w, https:\/\/i1.wp.com\/www.noticiasperfil.com\/index\/wp-content\/uploads\/2024\/06\/prianistas.jpg?resize=1536%2C1023&amp;ssl=1 1536w, https:\/\/i1.wp.com\/www.noticiasperfil.com\/index\/wp-content\/uploads\/2024\/06\/prianistas.jpg?w=1280&amp;ssl=1 1280w\" sizes=\"auto, (max-width: 640px) 100vw, 640px\" data-recalc-dims=\"1\" \/><\/p>\n<p><strong>Aqu\u00ed en los Tuxtlas\/Por V\u00edctor Calder\u00f3n Azamar.<\/strong><\/p>\n<p>La situaci\u00f3n pol\u00edtica en los Distritos Electorales de los Tuxtlas y Llanos de Sotavento, se est\u00e1 calentando y habr\u00e1 de subir de temperatura conforme vaya terminando este a\u00f1o, basado en que, en el 2025, se habr\u00e1n de elegir a los nuevos Presidentes Municipales de Veracruz.<\/p>\n<p>Los comicios municipales significan un desaf\u00edo para el Pri, Pan y Mc, quienes ser\u00e1n los \u00fanicos que estar\u00e1n en la oposici\u00f3n, retando a Morena, porque el Prd, al parecer se fue para siempre, al perder su registro.<\/p>\n<p>Los Priistas y Panistas, siguen sin dar muestra de supervivencia, gracias a sus devaluados dirigentes Adolfo Ram\u00edrez Arana y Federico Salom\u00f3n Medina, quienes a pesar de la colosal derrota que sufrieron en los pasados procesos electorales, estos dirigentes siguen demostrando ineficiencia y falta de liderazgo, ya no aportan nada, m\u00e1s que desprestigio y deshonra, pero con todos estos negativos atributos, se niegan a renunciar a sus cargos partidistas, por lo que estos nefastos pol\u00edticos deber\u00edan imitar o emular al m\u00e1s aborrecido de los pol\u00edticos en Veracruz, el ahora Sukrol Miguel \u00c1ngel Yunes Linares, quien a finales de la d\u00e9cada de los noventa, siendo Presidente del C.D.E. del Pri, luego de sufrir en carne propia una escandalosa derrota electoral, para aquellos tiempos del Pri, en donde logro ganar 103 Ayuntamientos de los 212 existentes, acontecimiento que fue fatal para la clase priista de aquellos tiempos del poderoso partido rojo, lo cual obligo a Yunes Linares a demostrar sus agallas y coraje, renunciando a la dirigencia estatal del Pri Veracruzano, en medio de cr\u00edticas y reconocimientos de sus seguidores de aquel tiempo.<\/p>\n<p>Volviendo a la actualidad tenemos que repetir o reiterar lo que recalcan y subrayan, la mayor\u00eda de la militancia Priista y Panista que Adolfo y Federico, deben de retirarse por dignidad pol\u00edtica, no hay de otra.<\/p>\n<p>Volviendo a lo nuestro la lucha por el poder municipal en la diferentes regiones de nuestra entidad, desde hoy se consideran de pron\u00f3sticos reservados, caso especial merece los municipios de los Tuxtlas y los Llanos, sobre todo la poblaci\u00f3n de Ciudad Isla, la cual en la actualidad se encuentra gobernada, por Gustavo Alfonso Torres, de extracci\u00f3n Morenista, quien en su tercer a\u00f1o de gobierno municipal, pol\u00edticamente luce extraviado, luego de la ca\u00edda y derrumbe de su Padrino, el Ex Secretario de Gobierno Erick Cisneros Burgos, con quien sosten\u00eda una buena relaci\u00f3n pol\u00edtica.<\/p>\n<p>Entre los diferentes sectores de esta poblaci\u00f3n, se comenta que Tavo Mozoco, como tambi\u00e9n es conocido esta figura pol\u00edtica, es un hombre totalmente preparado, por lo que no se entiende el por qu\u00e9 no tiene el respaldo incondicional de los Isle\u00f1os, si hist\u00f3ricamente es el Alcalde que m\u00e1s obras materiales de inter\u00e9s colectivo, ha realizado en favor de sus paisanos, quiz\u00e1s el motivo de este tropiezo sea que el primer Edil se confronto con varias figuras importantes de su terru\u00f1o, para llegar al primer cargo del Ayuntamiento Isle\u00f1o, en donde equivocadamente est\u00e1 proyectando hacia al futuro municipal a su Tesorero Municipal, Lenin Alexis Ram\u00edrez Reyes, quien es tan enigm\u00e1tico que se pelea a diario con su sombra y sus deudores y adem\u00e1s ya probo la hieles de las derrotas, en la larga lista destaca tambi\u00e9n el ex alcalde Jos\u00e9 Mar\u00eda Ram\u00f3n Aguirre, quien coquetea con los Magenta, aparece tambi\u00e9n, Do\u00f1a Yesenia Reyes Dom\u00ednguez, su buena labor en la titularidad del Dif, la respaldan y podr\u00eda dar la sorpresa entre los Morenistas, tambi\u00e9n surge nuevamente Abel Maza Dom\u00ednguez y por \u00faltimo se dice que el Regidor Gabriel Enr\u00edquez P\u00e9rez, renunciar\u00eda a su posici\u00f3n edilicia en la Comuna Isle\u00f1a, siempre y cuando le den la opci\u00f3n de participar en Morena y PT, en este rebumbio tendr\u00e1 mucho que ver la Diputada Liliana Castro Mu\u00f1oz, del otro lado de la frontera electoral est\u00e1 el actual l\u00edder de la Asociaci\u00f3n Ganadera de Isla, Ram\u00f3n Mart\u00ednez Tress, quien participara con Mc con todo el organigrama de la clase ganadera y en el Prian, los suspirantes esperan que German Yescas Mart\u00ednez, agarre poder como diputado plurinominal.<\/p>\n<p>En otro tema diremos que un gran n\u00famero de Sanandrescanos, participaron en apoyo de la alcaldesa Mar\u00eda Elena Solana Calzada, en una masiva marcha que se desarroll\u00f3 en el centro de la ciudad de San Andr\u00e9s Tuxtla, la cual tuvo el objeto de recriminar los actos vand\u00e1licos que ocasionaron algunos de los vendedores ambulantes del Mercado 5 de febrero.<\/p>\n<p>Los diferentes sectores de la Sociedad Sanandrescana, refrendaron su amparo a la Primer Edil del Ayuntamiento de esta poblaci\u00f3n, al asistir a la Marcha de la Unidad por la Paz de San Andr\u00e9s Tuxtla, as\u00ed mismo desde sus redes sociales, muchos ciudadanos compartieron fotograf\u00edas y videos de este evento convocado por el pueblo.<\/p>\n<p>Y nos vemos en la otra.<\/p>\n","protected":false},"excerpt":{"rendered":"<p>Aqu\u00ed en los Tuxtlas\/Por V\u00edctor Calder\u00f3n Azamar. La situaci\u00f3n pol\u00edtica en los Distritos Electorales de los Tuxtlas y Llanos de Sotavento, se est\u00e1 calentando y habr\u00e1 de subir de temperatura conforme vaya terminando este a\u00f1o, basado en que, en el 2025, se habr\u00e1n de elegir a los nuevos Presidentes Municipales de Veracruz. Los comicios municipales significan un desaf\u00edo para el Pri, Pan y Mc, quienes ser\u00e1n los \u00fanicos que estar\u00e1n en la oposici\u00f3n, retando a Morena, porque el Prd, al parecer se fue para siempre, al perder su registro. Los&hellip;<\/p>\n","protected":false},"author":1,"featured_media":107753,"comment_status":"open","ping_status":"closed","sticky":false,"template":"","format":"standard","meta":{"footnotes":""},"categories":[3,8,6],"tags":[9119,7966],"class_list":["post-107752","post","type-post","status-publish","format-standard","has-post-thumbnail","hentry","category-destacadas","category-opinion","category-zona-tuxtlas","tag-federico-salomon","tag-maria-elena-solana-calzada"],"jetpack-related-posts":[],"_links":{"self":[{"href":"https:\/\/www.noticiasperfil.com\/index\/wp-json\/wp\/v2\/posts\/107752","targetHints":{"allow":["GET"]}}],"collection":[{"href":"https:\/\/www.noticiasperfil.com\/index\/wp-json\/wp\/v2\/posts"}],"about":[{"href":"https:\/\/www.noticiasperfil.com\/index\/wp-json\/wp\/v2\/types\/post"}],"author":[{"embeddable":true,"href":"https:\/\/www.noticiasperfil.com\/index\/wp-json\/wp\/v2\/users\/1"}],"replies":[{"embeddable":true,"href":"https:\/\/www.noticiasperfil.com\/index\/wp-json\/wp\/v2\/comments?post=107752"}],"version-history":[{"count":1,"href":"https:\/\/www.noticiasperfil.com\/index\/wp-json\/wp\/v2\/posts\/107752\/revisions"}],"predecessor-version":[{"id":107754,"href":"https:\/\/www.noticiasperfil.com\/index\/wp-json\/wp\/v2\/posts\/107752\/revisions\/107754"}],"wp:featuredmedia":[{"embeddable":true,"href":"https:\/\/www.noticiasperfil.com\/index\/wp-json\/wp\/v2\/media\/107753"}],"wp:attachment":[{"href":"https:\/\/www.noticiasperfil.com\/index\/wp-json\/wp\/v2\/media?parent=107752"}],"wp:term":[{"taxonomy":"category","embeddable":true,"href":"https:\/\/www.noticiasperfil.com\/index\/wp-json\/wp\/v2\/categories?post=107752"},{"taxonomy":"post_tag","embeddable":true,"href":"https:\/\/www.noticiasperfil.com\/index\/wp-json\/wp\/v2\/tags?post=107752"}],"curies":[{"name":"wp","href":"https:\/\/api.w.org\/{rel}","templated":true}]}}