{"id":107755,"date":"2024-06-24T15:44:00","date_gmt":"2024-06-24T20:44:00","guid":{"rendered":"https:\/\/www.noticiasperfil.com\/index\/?p=107755"},"modified":"2024-06-24T15:44:00","modified_gmt":"2024-06-24T20:44:00","slug":"destaca-cuitlahuac-garcia-saldo-blanco-por-lluvias-en-veracruz","status":"publish","type":"post","link":"https:\/\/www.noticiasperfil.com\/index\/2024\/06\/24\/destaca-cuitlahuac-garcia-saldo-blanco-por-lluvias-en-veracruz\/","title":{"rendered":"Destaca Cuitl\u00e1huac Garc\u00eda saldo blanco por lluvias en Veracruz"},"content":{"rendered":"<p><img loading=\"lazy\" decoding=\"async\" data-attachment-id=\"107756\" data-permalink=\"https:\/\/www.noticiasperfil.com\/index\/2024\/06\/24\/destaca-cuitlahuac-garcia-saldo-blanco-por-lluvias-en-veracruz\/lluvias-veracruz-21\/\" data-orig-file=\"https:\/\/i0.wp.com\/www.noticiasperfil.com\/index\/wp-content\/uploads\/2024\/06\/lluvias-veracruz.jpg?fit=720%2C540&amp;ssl=1\" data-orig-size=\"720,540\" data-comments-opened=\"1\" data-image-meta=\"{&quot;aperture&quot;:&quot;0&quot;,&quot;credit&quot;:&quot;&quot;,&quot;camera&quot;:&quot;&quot;,&quot;caption&quot;:&quot;&quot;,&quot;created_timestamp&quot;:&quot;0&quot;,&quot;copyright&quot;:&quot;&quot;,&quot;focal_length&quot;:&quot;0&quot;,&quot;iso&quot;:&quot;0&quot;,&quot;shutter_speed&quot;:&quot;0&quot;,&quot;title&quot;:&quot;&quot;,&quot;orientation&quot;:&quot;0&quot;}\" data-image-title=\"lluvias-veracruz\" data-image-description=\"\" data-medium-file=\"https:\/\/i0.wp.com\/www.noticiasperfil.com\/index\/wp-content\/uploads\/2024\/06\/lluvias-veracruz.jpg?fit=660%2C365&amp;ssl=1\" data-large-file=\"https:\/\/i0.wp.com\/www.noticiasperfil.com\/index\/wp-content\/uploads\/2024\/06\/lluvias-veracruz.jpg?fit=640%2C427&amp;ssl=1\" class=\"aligncenter size-full wp-image-107756\" src=\"https:\/\/i0.wp.com\/www.noticiasperfil.com\/index\/wp-content\/uploads\/2024\/06\/lluvias-veracruz.jpg?resize=640%2C480&#038;ssl=1\" alt=\"\" width=\"640\" height=\"480\" data-recalc-dims=\"1\" \/><\/p>\n<ul>\n<li><em><strong>Aunque se mantiene la Alerta Gris en la entidad.<\/strong><\/em><\/li>\n<\/ul>\n<p>Xalapa, Ver.- El gobernador Cuitl\u00e1huac Garc\u00eda Jim\u00e9nez, inform\u00f3 que al momento el saldo es blanco, no obstante se mantiene la alerta gris por las lluvias en Veracruz.<\/p>\n<p>A trav\u00e9s de sus redes sociales, destac\u00f3 que este lunes se trabaja desde la mesa de seguridad donde recibi\u00f3 los reportes del Sistema Estatal de Protecci\u00f3n Civil en respuesta a las lluvias de este fin semana.<\/p>\n<p>El gobernador precis\u00f3 que gracias a la coordinaci\u00f3n de la Secretar\u00eda de Protecci\u00f3n Civil, junto al Plan Taj\u00edn de SSP, SEDENA con el Plan DNIII-E y las fuerzas de tarea locales, se brind\u00f3 apoyo ante afectaciones menores y no hubo p\u00e9rdida de vidas.<\/p>\n<p>\u00abSe mantiene #AlertaGris por temporal lluvioso, por lo que reiteramos a la poblaci\u00f3n la importancia de seguir las indicaciones de las direcciones de PC municipales y PC Estatal, principalmente \ud83d\udeab no atravesar r\u00edos o arroyos que crezcan de pronto, es decir que sean de r\u00e1pida respuesta.\u00bb<\/p>\n","protected":false},"excerpt":{"rendered":"<p>Aunque se mantiene la Alerta Gris en la entidad. Xalapa, Ver.- El gobernador Cuitl\u00e1huac Garc\u00eda Jim\u00e9nez, inform\u00f3 que al momento el saldo es blanco, no obstante se mantiene la alerta gris por las lluvias en Veracruz. A trav\u00e9s de sus redes sociales, destac\u00f3 que este lunes se trabaja desde la mesa de seguridad donde recibi\u00f3 los reportes del Sistema Estatal de Protecci\u00f3n Civil en respuesta a las lluvias de este fin semana. El gobernador precis\u00f3 que gracias a la coordinaci\u00f3n de la Secretar\u00eda de Protecci\u00f3n Civil, junto al Plan Taj\u00edn&hellip;<\/p>\n","protected":false},"author":1,"featured_media":107756,"comment_status":"open","ping_status":"closed","sticky":false,"template":"","format":"standard","meta":{"footnotes":""},"categories":[3,4],"tags":[338,844],"class_list":["post-107755","post","type-post","status-publish","format-standard","has-post-thumbnail","hentry","category-destacadas","category-estatal","tag-cuitlahuac-garcia","tag-lluvias-veracruz"],"jetpack-related-posts":[],"_links":{"self":[{"href":"https:\/\/www.noticiasperfil.com\/index\/wp-json\/wp\/v2\/posts\/107755","targetHints":{"allow":["GET"]}}],"collection":[{"href":"https:\/\/www.noticiasperfil.com\/index\/wp-json\/wp\/v2\/posts"}],"about":[{"href":"https:\/\/www.noticiasperfil.com\/index\/wp-json\/wp\/v2\/types\/post"}],"author":[{"embeddable":true,"href":"https:\/\/www.noticiasperfil.com\/index\/wp-json\/wp\/v2\/users\/1"}],"replies":[{"embeddable":true,"href":"https:\/\/www.noticiasperfil.com\/index\/wp-json\/wp\/v2\/comments?post=107755"}],"version-history":[{"count":1,"href":"https:\/\/www.noticiasperfil.com\/index\/wp-json\/wp\/v2\/posts\/107755\/revisions"}],"predecessor-version":[{"id":107757,"href":"https:\/\/www.noticiasperfil.com\/index\/wp-json\/wp\/v2\/posts\/107755\/revisions\/107757"}],"wp:featuredmedia":[{"embeddable":true,"href":"https:\/\/www.noticiasperfil.com\/index\/wp-json\/wp\/v2\/media\/107756"}],"wp:attachment":[{"href":"https:\/\/www.noticiasperfil.com\/index\/wp-json\/wp\/v2\/media?parent=107755"}],"wp:term":[{"taxonomy":"category","embeddable":true,"href":"https:\/\/www.noticiasperfil.com\/index\/wp-json\/wp\/v2\/categories?post=107755"},{"taxonomy":"post_tag","embeddable":true,"href":"https:\/\/www.noticiasperfil.com\/index\/wp-json\/wp\/v2\/tags?post=107755"}],"curies":[{"name":"wp","href":"https:\/\/api.w.org\/{rel}","templated":true}]}}