{"id":107771,"date":"2024-06-25T15:31:47","date_gmt":"2024-06-25T20:31:47","guid":{"rendered":"https:\/\/www.noticiasperfil.com\/index\/?p=107771"},"modified":"2024-06-25T15:31:47","modified_gmt":"2024-06-25T20:31:47","slug":"confirma-gobernador-cuitlahuac-saldo-rojo-por-lluvias-en-veracruz","status":"publish","type":"post","link":"https:\/\/www.noticiasperfil.com\/index\/2024\/06\/25\/confirma-gobernador-cuitlahuac-saldo-rojo-por-lluvias-en-veracruz\/","title":{"rendered":"Confirma gobernador Cuitl\u00e1huac saldo rojo por lluvias en Veracruz"},"content":{"rendered":"<p><img loading=\"lazy\" decoding=\"async\" data-attachment-id=\"107772\" data-permalink=\"https:\/\/www.noticiasperfil.com\/index\/2024\/06\/25\/confirma-gobernador-cuitlahuac-saldo-rojo-por-lluvias-en-veracruz\/cuitlahuac-garcia-223\/\" data-orig-file=\"https:\/\/i2.wp.com\/www.noticiasperfil.com\/index\/wp-content\/uploads\/2024\/06\/cuitlahuac-garcia-3.jpg?fit=1600%2C1066&amp;ssl=1\" data-orig-size=\"1600,1066\" data-comments-opened=\"1\" data-image-meta=\"{&quot;aperture&quot;:&quot;0&quot;,&quot;credit&quot;:&quot;&quot;,&quot;camera&quot;:&quot;&quot;,&quot;caption&quot;:&quot;&quot;,&quot;created_timestamp&quot;:&quot;0&quot;,&quot;copyright&quot;:&quot;&quot;,&quot;focal_length&quot;:&quot;0&quot;,&quot;iso&quot;:&quot;0&quot;,&quot;shutter_speed&quot;:&quot;0&quot;,&quot;title&quot;:&quot;&quot;,&quot;orientation&quot;:&quot;0&quot;}\" data-image-title=\"cuitlahuac-garcia\" data-image-description=\"\" data-medium-file=\"https:\/\/i2.wp.com\/www.noticiasperfil.com\/index\/wp-content\/uploads\/2024\/06\/cuitlahuac-garcia-3.jpg?fit=660%2C365&amp;ssl=1\" data-large-file=\"https:\/\/i2.wp.com\/www.noticiasperfil.com\/index\/wp-content\/uploads\/2024\/06\/cuitlahuac-garcia-3.jpg?fit=640%2C366&amp;ssl=1\" class=\"aligncenter size-full wp-image-107772\" src=\"https:\/\/i2.wp.com\/www.noticiasperfil.com\/index\/wp-content\/uploads\/2024\/06\/cuitlahuac-garcia-3.jpg?resize=640%2C426&#038;ssl=1\" alt=\"\" width=\"640\" height=\"426\" srcset=\"https:\/\/i2.wp.com\/www.noticiasperfil.com\/index\/wp-content\/uploads\/2024\/06\/cuitlahuac-garcia-3.jpg?w=1600&amp;ssl=1 1600w, https:\/\/i2.wp.com\/www.noticiasperfil.com\/index\/wp-content\/uploads\/2024\/06\/cuitlahuac-garcia-3.jpg?resize=1536%2C1023&amp;ssl=1 1536w, https:\/\/i2.wp.com\/www.noticiasperfil.com\/index\/wp-content\/uploads\/2024\/06\/cuitlahuac-garcia-3.jpg?w=1280&amp;ssl=1 1280w\" sizes=\"auto, (max-width: 640px) 100vw, 640px\" data-recalc-dims=\"1\" \/><\/p>\n<ul>\n<li><em><strong>Hay que estar pendientes de las recomendaciones.<\/strong><\/em><\/li>\n<\/ul>\n<p>Xalapa, Ver.- Tres personas muertas es el saldo de las lluvias en Veracruz.<\/p>\n<p>El gobernador Cuitl\u00e1huac Garc\u00eda Jim\u00e9nez, explic\u00f3 que se confirma el fallecimiento de dos j\u00f3venes de Actopan que intentaron atravesar en moto una creciente.<\/p>\n<p>\u00abPor eso el mensaje reiterado de estos cuidados que hay que tener, no solamente puede arrastrar una moto tambi\u00e9n de pronto el crecimiento r\u00e1pido de estos arroyos puede llevarse hasta un autom\u00f3vil. Otros cuidados por ejemplo no acercarse a las l\u00edneas de alta tensi\u00f3n o media tensi\u00f3n\u00bb.<\/p>\n<p>Saldo rojo en Actopan, tormenta cobra la vida de tres personas.<\/p>\n<p>Los cuerpos de los j\u00f3venes fueron encontrados en la comunidad de La Flor perteneciente al municipio de Actopan.<br \/>\nDe acuerdo a los primeros reportes todo indica que fueron arrastrados por la corriente del agua cuando viajaban en una moto.<\/p>\n<p>En tanto que un adulto falleci\u00f3 a consecuencia de una descarga el\u00e9ctrica cuando se encontraba reparando unos cables durante la tormenta tropical.<\/p>\n","protected":false},"excerpt":{"rendered":"<p>Hay que estar pendientes de las recomendaciones. Xalapa, Ver.- Tres personas muertas es el saldo de las lluvias en Veracruz. El gobernador Cuitl\u00e1huac Garc\u00eda Jim\u00e9nez, explic\u00f3 que se confirma el fallecimiento de dos j\u00f3venes de Actopan que intentaron atravesar en moto una creciente. \u00abPor eso el mensaje reiterado de estos cuidados que hay que tener, no solamente puede arrastrar una moto tambi\u00e9n de pronto el crecimiento r\u00e1pido de estos arroyos puede llevarse hasta un autom\u00f3vil. Otros cuidados por ejemplo no acercarse a las l\u00edneas de alta tensi\u00f3n o media tensi\u00f3n\u00bb.&hellip;<\/p>\n","protected":false},"author":1,"featured_media":107772,"comment_status":"open","ping_status":"closed","sticky":false,"template":"","format":"standard","meta":{"footnotes":""},"categories":[3,4],"tags":[5809,339],"class_list":["post-107771","post","type-post","status-publish","format-standard","has-post-thumbnail","hentry","category-destacadas","category-estatal","tag-actopan","tag-cuitlahuac-garcia-jimenez"],"jetpack-related-posts":[],"_links":{"self":[{"href":"https:\/\/www.noticiasperfil.com\/index\/wp-json\/wp\/v2\/posts\/107771","targetHints":{"allow":["GET"]}}],"collection":[{"href":"https:\/\/www.noticiasperfil.com\/index\/wp-json\/wp\/v2\/posts"}],"about":[{"href":"https:\/\/www.noticiasperfil.com\/index\/wp-json\/wp\/v2\/types\/post"}],"author":[{"embeddable":true,"href":"https:\/\/www.noticiasperfil.com\/index\/wp-json\/wp\/v2\/users\/1"}],"replies":[{"embeddable":true,"href":"https:\/\/www.noticiasperfil.com\/index\/wp-json\/wp\/v2\/comments?post=107771"}],"version-history":[{"count":1,"href":"https:\/\/www.noticiasperfil.com\/index\/wp-json\/wp\/v2\/posts\/107771\/revisions"}],"predecessor-version":[{"id":107773,"href":"https:\/\/www.noticiasperfil.com\/index\/wp-json\/wp\/v2\/posts\/107771\/revisions\/107773"}],"wp:featuredmedia":[{"embeddable":true,"href":"https:\/\/www.noticiasperfil.com\/index\/wp-json\/wp\/v2\/media\/107772"}],"wp:attachment":[{"href":"https:\/\/www.noticiasperfil.com\/index\/wp-json\/wp\/v2\/media?parent=107771"}],"wp:term":[{"taxonomy":"category","embeddable":true,"href":"https:\/\/www.noticiasperfil.com\/index\/wp-json\/wp\/v2\/categories?post=107771"},{"taxonomy":"post_tag","embeddable":true,"href":"https:\/\/www.noticiasperfil.com\/index\/wp-json\/wp\/v2\/tags?post=107771"}],"curies":[{"name":"wp","href":"https:\/\/api.w.org\/{rel}","templated":true}]}}