{"id":107780,"date":"2024-06-26T15:59:19","date_gmt":"2024-06-26T20:59:19","guid":{"rendered":"https:\/\/www.noticiasperfil.com\/index\/?p=107780"},"modified":"2024-06-26T15:59:19","modified_gmt":"2024-06-26T20:59:19","slug":"pma-mantienen-marcaje-va-contra-granjas-carroll","status":"publish","type":"post","link":"https:\/\/www.noticiasperfil.com\/index\/2024\/06\/26\/pma-mantienen-marcaje-va-contra-granjas-carroll\/","title":{"rendered":"PMA mantienen marcaje, va contra Granjas Carroll"},"content":{"rendered":"<p><img loading=\"lazy\" decoding=\"async\" data-attachment-id=\"107781\" data-permalink=\"https:\/\/www.noticiasperfil.com\/index\/2024\/06\/26\/pma-mantienen-marcaje-va-contra-granjas-carroll\/sergio-rodriguez-cortes-40\/\" data-orig-file=\"https:\/\/i0.wp.com\/www.noticiasperfil.com\/index\/wp-content\/uploads\/2024\/06\/sergio-rodriguez-cortes.jpg?fit=1280%2C720&amp;ssl=1\" data-orig-size=\"1280,720\" data-comments-opened=\"1\" data-image-meta=\"{&quot;aperture&quot;:&quot;0&quot;,&quot;credit&quot;:&quot;&quot;,&quot;camera&quot;:&quot;&quot;,&quot;caption&quot;:&quot;&quot;,&quot;created_timestamp&quot;:&quot;0&quot;,&quot;copyright&quot;:&quot;&quot;,&quot;focal_length&quot;:&quot;0&quot;,&quot;iso&quot;:&quot;0&quot;,&quot;shutter_speed&quot;:&quot;0&quot;,&quot;title&quot;:&quot;&quot;,&quot;orientation&quot;:&quot;0&quot;}\" data-image-title=\"sergio-rodriguez-cortes\" data-image-description=\"\" data-medium-file=\"https:\/\/i0.wp.com\/www.noticiasperfil.com\/index\/wp-content\/uploads\/2024\/06\/sergio-rodriguez-cortes.jpg?fit=660%2C365&amp;ssl=1\" data-large-file=\"https:\/\/i0.wp.com\/www.noticiasperfil.com\/index\/wp-content\/uploads\/2024\/06\/sergio-rodriguez-cortes.jpg?fit=640%2C366&amp;ssl=1\" class=\"aligncenter size-full wp-image-107781\" src=\"https:\/\/i0.wp.com\/www.noticiasperfil.com\/index\/wp-content\/uploads\/2024\/06\/sergio-rodriguez-cortes.jpg?resize=640%2C360&#038;ssl=1\" alt=\"\" width=\"640\" height=\"360\" srcset=\"https:\/\/i0.wp.com\/www.noticiasperfil.com\/index\/wp-content\/uploads\/2024\/06\/sergio-rodriguez-cortes.jpg?w=1280&amp;ssl=1 1280w, https:\/\/i0.wp.com\/www.noticiasperfil.com\/index\/wp-content\/uploads\/2024\/06\/sergio-rodriguez-cortes.jpg?resize=500%2C280&amp;ssl=1 500w\" sizes=\"auto, (max-width: 640px) 100vw, 640px\" data-recalc-dims=\"1\" \/><\/p>\n<p>Xalapa, Ver.- El Procurador del Medio Ambiente (PMA), Sergio Rodr\u00edguez Cort\u00e9s, inform\u00f3 que se est\u00e1 en revisi\u00f3n de las 51 granjas de la empresa porcina Granjas Carroll de M\u00e9xico ubicadas en Totalco, municipio de Perote.<\/p>\n<p>\u00abEstamos en revisi\u00f3n, son 51 granjas, algunas granjas hasta 10 naves, entonces es un trabajo arduo y se est\u00e1n revisando llevamos hasta ahorita seis revisadas, tengo firmadas 9 \u00f3rdenes y precisamente el d\u00eda de hoy iban a llegar los due\u00f1os a la procuradur\u00eda para seguir ventilando la informaci\u00f3n y revisando los temas\u00bb.<\/p>\n<p>En entrevista, el Procurador del Medio Ambiente, precis\u00f3 que desde el 2022 iniciaron las revisiones a Granjas Carroll y con una sanci\u00f3n de m\u00e1s de 4 millones de pesos.<\/p>\n<p>\u00abNosotros hacemos inspecciones de acuerdo a la ley y si la ley te dice que la empresa tiene derechos, pues tienen derecho a contestar, tienen permisos vigentes y estamos en revisi\u00f3n\u00bb.<\/p>\n<p>La ma\u00f1ana de este mi\u00e9rcoles, pobladores de Totalco levantaron el bloqueo en la carretera federal Perote- Puebla.<\/p>\n","protected":false},"excerpt":{"rendered":"<p>Xalapa, Ver.- El Procurador del Medio Ambiente (PMA), Sergio Rodr\u00edguez Cort\u00e9s, inform\u00f3 que se est\u00e1 en revisi\u00f3n de las 51 granjas de la empresa porcina Granjas Carroll de M\u00e9xico ubicadas en Totalco, municipio de Perote. \u00abEstamos en revisi\u00f3n, son 51 granjas, algunas granjas hasta 10 naves, entonces es un trabajo arduo y se est\u00e1n revisando llevamos hasta ahorita seis revisadas, tengo firmadas 9 \u00f3rdenes y precisamente el d\u00eda de hoy iban a llegar los due\u00f1os a la procuradur\u00eda para seguir ventilando la informaci\u00f3n y revisando los temas\u00bb. En entrevista, el&hellip;<\/p>\n","protected":false},"author":1,"featured_media":107781,"comment_status":"open","ping_status":"closed","sticky":false,"template":"","format":"standard","meta":{"footnotes":""},"categories":[3,4],"tags":[10473,1335],"class_list":["post-107780","post","type-post","status-publish","format-standard","has-post-thumbnail","hentry","category-destacadas","category-estatal","tag-granjas-carroll","tag-sergio-rodriguez-cortes"],"jetpack-related-posts":[],"_links":{"self":[{"href":"https:\/\/www.noticiasperfil.com\/index\/wp-json\/wp\/v2\/posts\/107780","targetHints":{"allow":["GET"]}}],"collection":[{"href":"https:\/\/www.noticiasperfil.com\/index\/wp-json\/wp\/v2\/posts"}],"about":[{"href":"https:\/\/www.noticiasperfil.com\/index\/wp-json\/wp\/v2\/types\/post"}],"author":[{"embeddable":true,"href":"https:\/\/www.noticiasperfil.com\/index\/wp-json\/wp\/v2\/users\/1"}],"replies":[{"embeddable":true,"href":"https:\/\/www.noticiasperfil.com\/index\/wp-json\/wp\/v2\/comments?post=107780"}],"version-history":[{"count":1,"href":"https:\/\/www.noticiasperfil.com\/index\/wp-json\/wp\/v2\/posts\/107780\/revisions"}],"predecessor-version":[{"id":107782,"href":"https:\/\/www.noticiasperfil.com\/index\/wp-json\/wp\/v2\/posts\/107780\/revisions\/107782"}],"wp:featuredmedia":[{"embeddable":true,"href":"https:\/\/www.noticiasperfil.com\/index\/wp-json\/wp\/v2\/media\/107781"}],"wp:attachment":[{"href":"https:\/\/www.noticiasperfil.com\/index\/wp-json\/wp\/v2\/media?parent=107780"}],"wp:term":[{"taxonomy":"category","embeddable":true,"href":"https:\/\/www.noticiasperfil.com\/index\/wp-json\/wp\/v2\/categories?post=107780"},{"taxonomy":"post_tag","embeddable":true,"href":"https:\/\/www.noticiasperfil.com\/index\/wp-json\/wp\/v2\/tags?post=107780"}],"curies":[{"name":"wp","href":"https:\/\/api.w.org\/{rel}","templated":true}]}}