{"id":107783,"date":"2024-06-26T17:44:23","date_gmt":"2024-06-26T22:44:23","guid":{"rendered":"https:\/\/www.noticiasperfil.com\/index\/?p=107783"},"modified":"2024-06-26T17:44:23","modified_gmt":"2024-06-26T22:44:23","slug":"en-cabada-remodelan-estadio-roberto-p-prieto","status":"publish","type":"post","link":"https:\/\/www.noticiasperfil.com\/index\/2024\/06\/26\/en-cabada-remodelan-estadio-roberto-p-prieto\/","title":{"rendered":"En Cabada, remodelan estadio \u00abRoberto P. Prieto\u00bb"},"content":{"rendered":"<p><img loading=\"lazy\" decoding=\"async\" data-attachment-id=\"107790\" data-permalink=\"https:\/\/www.noticiasperfil.com\/index\/2024\/06\/26\/en-cabada-remodelan-estadio-roberto-p-prieto\/cabada-estadio-01\/\" data-orig-file=\"https:\/\/i0.wp.com\/www.noticiasperfil.com\/index\/wp-content\/uploads\/2024\/06\/cabada-estadio-01.jpg?fit=900%2C612&amp;ssl=1\" data-orig-size=\"900,612\" data-comments-opened=\"1\" data-image-meta=\"{&quot;aperture&quot;:&quot;0&quot;,&quot;credit&quot;:&quot;&quot;,&quot;camera&quot;:&quot;&quot;,&quot;caption&quot;:&quot;&quot;,&quot;created_timestamp&quot;:&quot;0&quot;,&quot;copyright&quot;:&quot;&quot;,&quot;focal_length&quot;:&quot;0&quot;,&quot;iso&quot;:&quot;0&quot;,&quot;shutter_speed&quot;:&quot;0&quot;,&quot;title&quot;:&quot;&quot;,&quot;orientation&quot;:&quot;0&quot;}\" data-image-title=\"cabada-estadio-01\" data-image-description=\"\" data-medium-file=\"https:\/\/i0.wp.com\/www.noticiasperfil.com\/index\/wp-content\/uploads\/2024\/06\/cabada-estadio-01.jpg?fit=660%2C365&amp;ssl=1\" data-large-file=\"https:\/\/i0.wp.com\/www.noticiasperfil.com\/index\/wp-content\/uploads\/2024\/06\/cabada-estadio-01.jpg?fit=640%2C366&amp;ssl=1\" class=\"aligncenter size-full wp-image-107790\" src=\"https:\/\/i0.wp.com\/www.noticiasperfil.com\/index\/wp-content\/uploads\/2024\/06\/cabada-estadio-01.jpg?resize=640%2C435&#038;ssl=1\" alt=\"\" width=\"640\" height=\"435\" data-recalc-dims=\"1\" \/><\/p>\n<ul>\n<li><em><strong>Las obras incluyen mejoras en infraestructura y servicios, marcando un nuevo cap\u00edtulo para este ic\u00f3nico espacio deportivo en el municipio.<\/strong><\/em><\/li>\n<\/ul>\n<p>\u00c1ngel R. Cabada, Ver.- El Estadio Roberto P. Prieto ha sido remodelado significativamente para mejorar la experiencia de espectadores as\u00ed como las condiciones para los deportistas. Las obras incluyen mejoras en infraestructura y servicios, marcando un nuevo cap\u00edtulo para este ic\u00f3nico espacio deportivo en este municipio.<\/p>\n<div data-carousel-extra='{\"blog_id\":1,\"permalink\":\"https:\\\/\\\/www.noticiasperfil.com\\\/index\\\/2024\\\/06\\\/26\\\/en-cabada-remodelan-estadio-roberto-p-prieto\\\/\"}' id='gallery-1' class='gallery galleryid-107783 gallery-columns-3 gallery-size-medium'><figure class='gallery-item'>\n\t\t\t<div class='gallery-icon landscape'>\n\t\t\t\t<a href='https:\/\/www.noticiasperfil.com\/index\/2024\/06\/26\/en-cabada-remodelan-estadio-roberto-p-prieto\/cabada-estadio-06\/'><img loading=\"lazy\" decoding=\"async\" width=\"660\" height=\"365\" src=\"https:\/\/i0.wp.com\/www.noticiasperfil.com\/index\/wp-content\/uploads\/2024\/06\/cabada-estadio-06.jpg?fit=660%2C365&amp;ssl=1\" class=\"attachment-medium size-medium\" alt=\"\" data-attachment-id=\"107788\" data-permalink=\"https:\/\/www.noticiasperfil.com\/index\/2024\/06\/26\/en-cabada-remodelan-estadio-roberto-p-prieto\/cabada-estadio-06\/\" data-orig-file=\"https:\/\/i0.wp.com\/www.noticiasperfil.com\/index\/wp-content\/uploads\/2024\/06\/cabada-estadio-06.jpg?fit=900%2C788&amp;ssl=1\" data-orig-size=\"900,788\" data-comments-opened=\"1\" data-image-meta=\"{&quot;aperture&quot;:&quot;0&quot;,&quot;credit&quot;:&quot;&quot;,&quot;camera&quot;:&quot;&quot;,&quot;caption&quot;:&quot;&quot;,&quot;created_timestamp&quot;:&quot;0&quot;,&quot;copyright&quot;:&quot;&quot;,&quot;focal_length&quot;:&quot;0&quot;,&quot;iso&quot;:&quot;0&quot;,&quot;shutter_speed&quot;:&quot;0&quot;,&quot;title&quot;:&quot;&quot;,&quot;orientation&quot;:&quot;0&quot;}\" data-image-title=\"cabada-estadio-06\" data-image-description=\"\" data-medium-file=\"https:\/\/i0.wp.com\/www.noticiasperfil.com\/index\/wp-content\/uploads\/2024\/06\/cabada-estadio-06.jpg?fit=660%2C365&amp;ssl=1\" data-large-file=\"https:\/\/i0.wp.com\/www.noticiasperfil.com\/index\/wp-content\/uploads\/2024\/06\/cabada-estadio-06.jpg?fit=640%2C366&amp;ssl=1\" \/><\/a>\n\t\t\t<\/div><\/figure><figure class='gallery-item'>\n\t\t\t<div class='gallery-icon landscape'>\n\t\t\t\t<a href='https:\/\/www.noticiasperfil.com\/index\/2024\/06\/26\/en-cabada-remodelan-estadio-roberto-p-prieto\/cabada-estadio-07\/'><img loading=\"lazy\" decoding=\"async\" width=\"660\" height=\"365\" src=\"https:\/\/i1.wp.com\/www.noticiasperfil.com\/index\/wp-content\/uploads\/2024\/06\/cabada-estadio-07.jpg?fit=660%2C365&amp;ssl=1\" class=\"attachment-medium size-medium\" alt=\"\" data-attachment-id=\"107789\" data-permalink=\"https:\/\/www.noticiasperfil.com\/index\/2024\/06\/26\/en-cabada-remodelan-estadio-roberto-p-prieto\/cabada-estadio-07\/\" data-orig-file=\"https:\/\/i1.wp.com\/www.noticiasperfil.com\/index\/wp-content\/uploads\/2024\/06\/cabada-estadio-07.jpg?fit=900%2C788&amp;ssl=1\" data-orig-size=\"900,788\" data-comments-opened=\"1\" data-image-meta=\"{&quot;aperture&quot;:&quot;0&quot;,&quot;credit&quot;:&quot;&quot;,&quot;camera&quot;:&quot;&quot;,&quot;caption&quot;:&quot;&quot;,&quot;created_timestamp&quot;:&quot;0&quot;,&quot;copyright&quot;:&quot;&quot;,&quot;focal_length&quot;:&quot;0&quot;,&quot;iso&quot;:&quot;0&quot;,&quot;shutter_speed&quot;:&quot;0&quot;,&quot;title&quot;:&quot;&quot;,&quot;orientation&quot;:&quot;0&quot;}\" data-image-title=\"cabada-estadio-07\" data-image-description=\"\" data-medium-file=\"https:\/\/i1.wp.com\/www.noticiasperfil.com\/index\/wp-content\/uploads\/2024\/06\/cabada-estadio-07.jpg?fit=660%2C365&amp;ssl=1\" data-large-file=\"https:\/\/i1.wp.com\/www.noticiasperfil.com\/index\/wp-content\/uploads\/2024\/06\/cabada-estadio-07.jpg?fit=640%2C366&amp;ssl=1\" \/><\/a>\n\t\t\t<\/div><\/figure><figure class='gallery-item'>\n\t\t\t<div class='gallery-icon landscape'>\n\t\t\t\t<a href='https:\/\/www.noticiasperfil.com\/index\/2024\/06\/26\/en-cabada-remodelan-estadio-roberto-p-prieto\/cabada-estadio-02\/'><img loading=\"lazy\" decoding=\"async\" width=\"660\" height=\"365\" src=\"https:\/\/i0.wp.com\/www.noticiasperfil.com\/index\/wp-content\/uploads\/2024\/06\/cabada-estadio-02.jpg?fit=660%2C365&amp;ssl=1\" class=\"attachment-medium size-medium\" alt=\"\" data-attachment-id=\"107784\" data-permalink=\"https:\/\/www.noticiasperfil.com\/index\/2024\/06\/26\/en-cabada-remodelan-estadio-roberto-p-prieto\/cabada-estadio-02\/\" data-orig-file=\"https:\/\/i0.wp.com\/www.noticiasperfil.com\/index\/wp-content\/uploads\/2024\/06\/cabada-estadio-02.jpg?fit=900%2C508&amp;ssl=1\" data-orig-size=\"900,508\" data-comments-opened=\"1\" data-image-meta=\"{&quot;aperture&quot;:&quot;0&quot;,&quot;credit&quot;:&quot;&quot;,&quot;camera&quot;:&quot;&quot;,&quot;caption&quot;:&quot;&quot;,&quot;created_timestamp&quot;:&quot;0&quot;,&quot;copyright&quot;:&quot;&quot;,&quot;focal_length&quot;:&quot;0&quot;,&quot;iso&quot;:&quot;0&quot;,&quot;shutter_speed&quot;:&quot;0&quot;,&quot;title&quot;:&quot;&quot;,&quot;orientation&quot;:&quot;0&quot;}\" data-image-title=\"cabada-estadio-02\" data-image-description=\"\" data-medium-file=\"https:\/\/i0.wp.com\/www.noticiasperfil.com\/index\/wp-content\/uploads\/2024\/06\/cabada-estadio-02.jpg?fit=660%2C365&amp;ssl=1\" data-large-file=\"https:\/\/i0.wp.com\/www.noticiasperfil.com\/index\/wp-content\/uploads\/2024\/06\/cabada-estadio-02.jpg?fit=640%2C366&amp;ssl=1\" \/><\/a>\n\t\t\t<\/div><\/figure>\n\t\t<\/div>\n\n<p>De las principales mejoras realizadas, destacan:<\/p>\n<ul>\n<li>Alumbrado de primer nivel tanto en el campo como en las gradas que van a permitir realizar eventos nocturnos con una \u00f3ptima iluminaci\u00f3n.<\/li>\n<li>Se instalaron dos porter\u00edas nuevas con medidas oficiales de la FIFA y mallas de contenci\u00f3n.<\/li>\n<li>Se instal\u00f3 un sistemas de riego modernos nuevo para un mantenimiento eficiente del c\u00e9sped.<\/li>\n<li>Rehabilitaci\u00f3n de Estructuras: se alz\u00f3 la altura de las Bardas, se rasparon, resanaron y fueron pintadas para mejorar la est\u00e9tica en todo su per\u00edmetro.<\/li>\n<li>Nuevas Butacas: Instalaci\u00f3n de 1000 butacas para mayor comodidad de los espectadores durante los eventos deportivos.<\/li>\n<li>Mejora de Servicios Sanitarios: Reacondicionamiento de ba\u00f1os con nuevas bancas y lavabos.<\/li>\n<li>Vestidores Actualizados: Mejoras en vestidores, equipados con regaderas, bancas y lavabos para que los equipos que participen cuenten instalaciones dignas.<\/li>\n<li>Renovaci\u00f3n El\u00e9ctrica: Cambio total de la instalaci\u00f3n el\u00e9ctrica.<\/li>\n<li>Rehabilitaci\u00f3n del campo de Juego: Reemplazo de c\u00e9sped en partes de donde se carec\u00eda.<\/li>\n<li>Mejoras en las Entradas: Elevaci\u00f3n de bardas y nuevos portones para mayor seguridad de los asistentes.<\/li>\n<li>Reparaci\u00f3n de la malla cicl\u00f3n para una contenci\u00f3n adecuada.<\/li>\n<li>Se instal\u00f3 un biodigestor para el funcionamiento de los ba\u00f1os, ya que se carec\u00eda del desag\u00fce de aguas negras.<\/li>\n<\/ul>\n<div data-carousel-extra='{\"blog_id\":1,\"permalink\":\"https:\\\/\\\/www.noticiasperfil.com\\\/index\\\/2024\\\/06\\\/26\\\/en-cabada-remodelan-estadio-roberto-p-prieto\\\/\"}' id='gallery-2' class='gallery galleryid-107783 gallery-columns-3 gallery-size-medium'><figure class='gallery-item'>\n\t\t\t<div class='gallery-icon landscape'>\n\t\t\t\t<a href='https:\/\/www.noticiasperfil.com\/index\/2024\/06\/26\/en-cabada-remodelan-estadio-roberto-p-prieto\/cabada-estadio-03\/'><img loading=\"lazy\" decoding=\"async\" width=\"660\" height=\"365\" src=\"https:\/\/i0.wp.com\/www.noticiasperfil.com\/index\/wp-content\/uploads\/2024\/06\/cabada-estadio-03.jpg?fit=660%2C365&amp;ssl=1\" class=\"attachment-medium size-medium\" alt=\"\" data-attachment-id=\"107785\" data-permalink=\"https:\/\/www.noticiasperfil.com\/index\/2024\/06\/26\/en-cabada-remodelan-estadio-roberto-p-prieto\/cabada-estadio-03\/\" data-orig-file=\"https:\/\/i0.wp.com\/www.noticiasperfil.com\/index\/wp-content\/uploads\/2024\/06\/cabada-estadio-03.jpg?fit=900%2C788&amp;ssl=1\" data-orig-size=\"900,788\" data-comments-opened=\"1\" data-image-meta=\"{&quot;aperture&quot;:&quot;0&quot;,&quot;credit&quot;:&quot;&quot;,&quot;camera&quot;:&quot;&quot;,&quot;caption&quot;:&quot;&quot;,&quot;created_timestamp&quot;:&quot;0&quot;,&quot;copyright&quot;:&quot;&quot;,&quot;focal_length&quot;:&quot;0&quot;,&quot;iso&quot;:&quot;0&quot;,&quot;shutter_speed&quot;:&quot;0&quot;,&quot;title&quot;:&quot;&quot;,&quot;orientation&quot;:&quot;0&quot;}\" data-image-title=\"cabada-estadio-03\" data-image-description=\"\" data-medium-file=\"https:\/\/i0.wp.com\/www.noticiasperfil.com\/index\/wp-content\/uploads\/2024\/06\/cabada-estadio-03.jpg?fit=660%2C365&amp;ssl=1\" data-large-file=\"https:\/\/i0.wp.com\/www.noticiasperfil.com\/index\/wp-content\/uploads\/2024\/06\/cabada-estadio-03.jpg?fit=640%2C366&amp;ssl=1\" \/><\/a>\n\t\t\t<\/div><\/figure><figure class='gallery-item'>\n\t\t\t<div class='gallery-icon landscape'>\n\t\t\t\t<a href='https:\/\/www.noticiasperfil.com\/index\/2024\/06\/26\/en-cabada-remodelan-estadio-roberto-p-prieto\/cabada-estadio-04\/'><img loading=\"lazy\" decoding=\"async\" width=\"660\" height=\"365\" src=\"https:\/\/i2.wp.com\/www.noticiasperfil.com\/index\/wp-content\/uploads\/2024\/06\/cabada-estadio-04.jpg?fit=660%2C365&amp;ssl=1\" class=\"attachment-medium size-medium\" alt=\"\" data-attachment-id=\"107786\" data-permalink=\"https:\/\/www.noticiasperfil.com\/index\/2024\/06\/26\/en-cabada-remodelan-estadio-roberto-p-prieto\/cabada-estadio-04\/\" data-orig-file=\"https:\/\/i2.wp.com\/www.noticiasperfil.com\/index\/wp-content\/uploads\/2024\/06\/cabada-estadio-04.jpg?fit=900%2C788&amp;ssl=1\" data-orig-size=\"900,788\" data-comments-opened=\"1\" data-image-meta=\"{&quot;aperture&quot;:&quot;0&quot;,&quot;credit&quot;:&quot;&quot;,&quot;camera&quot;:&quot;&quot;,&quot;caption&quot;:&quot;&quot;,&quot;created_timestamp&quot;:&quot;0&quot;,&quot;copyright&quot;:&quot;&quot;,&quot;focal_length&quot;:&quot;0&quot;,&quot;iso&quot;:&quot;0&quot;,&quot;shutter_speed&quot;:&quot;0&quot;,&quot;title&quot;:&quot;&quot;,&quot;orientation&quot;:&quot;0&quot;}\" data-image-title=\"cabada-estadio-04\" data-image-description=\"\" data-medium-file=\"https:\/\/i2.wp.com\/www.noticiasperfil.com\/index\/wp-content\/uploads\/2024\/06\/cabada-estadio-04.jpg?fit=660%2C365&amp;ssl=1\" data-large-file=\"https:\/\/i2.wp.com\/www.noticiasperfil.com\/index\/wp-content\/uploads\/2024\/06\/cabada-estadio-04.jpg?fit=640%2C366&amp;ssl=1\" \/><\/a>\n\t\t\t<\/div><\/figure><figure class='gallery-item'>\n\t\t\t<div class='gallery-icon landscape'>\n\t\t\t\t<a href='https:\/\/www.noticiasperfil.com\/index\/2024\/06\/26\/en-cabada-remodelan-estadio-roberto-p-prieto\/cabada-estadio-05\/'><img loading=\"lazy\" decoding=\"async\" width=\"660\" height=\"365\" src=\"https:\/\/i1.wp.com\/www.noticiasperfil.com\/index\/wp-content\/uploads\/2024\/06\/cabada-estadio-05.jpg?fit=660%2C365&amp;ssl=1\" class=\"attachment-medium size-medium\" alt=\"\" data-attachment-id=\"107787\" data-permalink=\"https:\/\/www.noticiasperfil.com\/index\/2024\/06\/26\/en-cabada-remodelan-estadio-roberto-p-prieto\/cabada-estadio-05\/\" data-orig-file=\"https:\/\/i1.wp.com\/www.noticiasperfil.com\/index\/wp-content\/uploads\/2024\/06\/cabada-estadio-05.jpg?fit=900%2C788&amp;ssl=1\" data-orig-size=\"900,788\" data-comments-opened=\"1\" data-image-meta=\"{&quot;aperture&quot;:&quot;0&quot;,&quot;credit&quot;:&quot;&quot;,&quot;camera&quot;:&quot;&quot;,&quot;caption&quot;:&quot;&quot;,&quot;created_timestamp&quot;:&quot;0&quot;,&quot;copyright&quot;:&quot;&quot;,&quot;focal_length&quot;:&quot;0&quot;,&quot;iso&quot;:&quot;0&quot;,&quot;shutter_speed&quot;:&quot;0&quot;,&quot;title&quot;:&quot;&quot;,&quot;orientation&quot;:&quot;0&quot;}\" data-image-title=\"cabada-estadio-05\" data-image-description=\"\" data-medium-file=\"https:\/\/i1.wp.com\/www.noticiasperfil.com\/index\/wp-content\/uploads\/2024\/06\/cabada-estadio-05.jpg?fit=660%2C365&amp;ssl=1\" data-large-file=\"https:\/\/i1.wp.com\/www.noticiasperfil.com\/index\/wp-content\/uploads\/2024\/06\/cabada-estadio-05.jpg?fit=640%2C366&amp;ssl=1\" \/><\/a>\n\t\t\t<\/div><\/figure>\n\t\t<\/div>\n\n<p>Estas mejoras posicionan al estadio como el mejor de la regi\u00f3n, listo para albergar una variedad de eventos deportivos y comunitarios, brindando una experiencia renovada de d\u00eda o noche a los residentes y visitantes.<\/p>\n<p>El gobierno municipal que preside el alcalde Julio C\u00e9sar Garc\u00eda Machuho anunci\u00f3 que muy pronto se realizar\u00e1 la inauguraci\u00f3n con un gran evento.<\/p>\n","protected":false},"excerpt":{"rendered":"<p>Las obras incluyen mejoras en infraestructura y servicios, marcando un nuevo cap\u00edtulo para este ic\u00f3nico espacio deportivo en el municipio. \u00c1ngel R. Cabada, Ver.- El Estadio Roberto P. Prieto ha sido remodelado significativamente para mejorar la experiencia de espectadores as\u00ed como las condiciones para los deportistas. Las obras incluyen mejoras en infraestructura y servicios, marcando un nuevo cap\u00edtulo para este ic\u00f3nico espacio deportivo en este municipio. De las principales mejoras realizadas, destacan: Alumbrado de primer nivel tanto en el campo como en las gradas que van a permitir realizar eventos&hellip;<\/p>\n","protected":false},"author":1,"featured_media":107790,"comment_status":"open","ping_status":"closed","sticky":false,"template":"","format":"standard","meta":{"footnotes":""},"categories":[3,16],"tags":[9036],"class_list":["post-107783","post","type-post","status-publish","format-standard","has-post-thumbnail","hentry","category-destacadas","category-zona-canera","tag-julio-cesar-garcia-machucho"],"jetpack-related-posts":[],"_links":{"self":[{"href":"https:\/\/www.noticiasperfil.com\/index\/wp-json\/wp\/v2\/posts\/107783","targetHints":{"allow":["GET"]}}],"collection":[{"href":"https:\/\/www.noticiasperfil.com\/index\/wp-json\/wp\/v2\/posts"}],"about":[{"href":"https:\/\/www.noticiasperfil.com\/index\/wp-json\/wp\/v2\/types\/post"}],"author":[{"embeddable":true,"href":"https:\/\/www.noticiasperfil.com\/index\/wp-json\/wp\/v2\/users\/1"}],"replies":[{"embeddable":true,"href":"https:\/\/www.noticiasperfil.com\/index\/wp-json\/wp\/v2\/comments?post=107783"}],"version-history":[{"count":1,"href":"https:\/\/www.noticiasperfil.com\/index\/wp-json\/wp\/v2\/posts\/107783\/revisions"}],"predecessor-version":[{"id":107791,"href":"https:\/\/www.noticiasperfil.com\/index\/wp-json\/wp\/v2\/posts\/107783\/revisions\/107791"}],"wp:featuredmedia":[{"embeddable":true,"href":"https:\/\/www.noticiasperfil.com\/index\/wp-json\/wp\/v2\/media\/107790"}],"wp:attachment":[{"href":"https:\/\/www.noticiasperfil.com\/index\/wp-json\/wp\/v2\/media?parent=107783"}],"wp:term":[{"taxonomy":"category","embeddable":true,"href":"https:\/\/www.noticiasperfil.com\/index\/wp-json\/wp\/v2\/categories?post=107783"},{"taxonomy":"post_tag","embeddable":true,"href":"https:\/\/www.noticiasperfil.com\/index\/wp-json\/wp\/v2\/tags?post=107783"}],"curies":[{"name":"wp","href":"https:\/\/api.w.org\/{rel}","templated":true}]}}