{"id":107792,"date":"2024-06-26T21:35:44","date_gmt":"2024-06-27T02:35:44","guid":{"rendered":"https:\/\/www.noticiasperfil.com\/index\/?p=107792"},"modified":"2024-06-26T21:35:44","modified_gmt":"2024-06-27T02:35:44","slug":"lima-franco-continuara-en-sefiplan-rosaldo-garcia-subsecretario-de-egresos-anuncia-rocio-nahle","status":"publish","type":"post","link":"https:\/\/www.noticiasperfil.com\/index\/2024\/06\/26\/lima-franco-continuara-en-sefiplan-rosaldo-garcia-subsecretario-de-egresos-anuncia-rocio-nahle\/","title":{"rendered":"Lima Franco continuar\u00e1 en Sefiplan; Rosaldo Garc\u00eda subsecretario de Egresos anuncia Roc\u00edo Nahle"},"content":{"rendered":"<p><img loading=\"lazy\" decoding=\"async\" data-attachment-id=\"107793\" data-permalink=\"https:\/\/www.noticiasperfil.com\/index\/2024\/06\/26\/lima-franco-continuara-en-sefiplan-rosaldo-garcia-subsecretario-de-egresos-anuncia-rocio-nahle\/lima-nahle\/\" data-orig-file=\"https:\/\/i2.wp.com\/www.noticiasperfil.com\/index\/wp-content\/uploads\/2024\/06\/lima-nahle.jpg?fit=1600%2C1066&amp;ssl=1\" data-orig-size=\"1600,1066\" data-comments-opened=\"1\" data-image-meta=\"{&quot;aperture&quot;:&quot;0&quot;,&quot;credit&quot;:&quot;&quot;,&quot;camera&quot;:&quot;&quot;,&quot;caption&quot;:&quot;&quot;,&quot;created_timestamp&quot;:&quot;0&quot;,&quot;copyright&quot;:&quot;&quot;,&quot;focal_length&quot;:&quot;0&quot;,&quot;iso&quot;:&quot;0&quot;,&quot;shutter_speed&quot;:&quot;0&quot;,&quot;title&quot;:&quot;&quot;,&quot;orientation&quot;:&quot;0&quot;}\" data-image-title=\"lima-nahle\" data-image-description=\"\" data-medium-file=\"https:\/\/i2.wp.com\/www.noticiasperfil.com\/index\/wp-content\/uploads\/2024\/06\/lima-nahle.jpg?fit=660%2C365&amp;ssl=1\" data-large-file=\"https:\/\/i2.wp.com\/www.noticiasperfil.com\/index\/wp-content\/uploads\/2024\/06\/lima-nahle.jpg?fit=640%2C366&amp;ssl=1\" class=\"aligncenter size-full wp-image-107793\" src=\"https:\/\/i2.wp.com\/www.noticiasperfil.com\/index\/wp-content\/uploads\/2024\/06\/lima-nahle.jpg?resize=640%2C426&#038;ssl=1\" alt=\"\" width=\"640\" height=\"426\" srcset=\"https:\/\/i2.wp.com\/www.noticiasperfil.com\/index\/wp-content\/uploads\/2024\/06\/lima-nahle.jpg?w=1600&amp;ssl=1 1600w, https:\/\/i2.wp.com\/www.noticiasperfil.com\/index\/wp-content\/uploads\/2024\/06\/lima-nahle.jpg?resize=1536%2C1023&amp;ssl=1 1536w, https:\/\/i2.wp.com\/www.noticiasperfil.com\/index\/wp-content\/uploads\/2024\/06\/lima-nahle.jpg?w=1280&amp;ssl=1 1280w\" sizes=\"auto, (max-width: 640px) 100vw, 640px\" data-recalc-dims=\"1\" \/><\/p>\n<ul>\n<li><em><strong>Por su buen desempe\u00f1o, Jos\u00e9 Luis Lima Franco repetir\u00e1 en la titularidad de la SEFIPLAN.<\/strong><\/em><\/li>\n<li><em><strong>Pedro Miguel Rosaldo Garc\u00eda, encabezar\u00e1 la Subsecretar\u00eda de Egresos.<\/strong><\/em><\/li>\n<li><em><strong>Lima Franco es de Poza Rica y Rosaldo Garc\u00eda de Coatzacoalcos.<\/strong><\/em><\/li>\n<\/ul>\n<p>Boca del R\u00edo, Ver., mi\u00e9rcoles 26 de junio de 2024.- Jos\u00e9 Luis Lima Franco repetir\u00e1 como Secretario de Finanzas y Planeaci\u00f3n del Estado por su impecable desempe\u00f1o y ser\u00e1 acompa\u00f1ado en la Subsecretar\u00eda de Egresos por Pedro Miguel Rosaldo Garc\u00eda, anunci\u00f3 la gobernadora electa de Veracruz, Roc\u00edo Nahle.<\/p>\n<p>Ambos con grado de doctorado, experiencia y egresados de instituciones internacionales, acompa\u00f1ar\u00e1n en la administraci\u00f3n de las finanzas p\u00fablicas a la primera mujer gobernadora del estado.<\/p>\n<p>Jos\u00e9 Luis Lima Franco, naci\u00f3 en la ciudad de Poza Rica, es egresado de la Licenciatura en Econom\u00eda por la Universidad Veracruzana, campus Xalapa y maestro en Finanzas por la Universidad Nacional Aut\u00f3noma de M\u00e9xico (UNAM) con especialidad en Econom\u00eda Monetaria y Financiera.<\/p>\n<p>En 2023, obtuvo el grado de Doctor en Ciencias Econ\u00f3micas y Empresariales por la Universidad de Xalapa y como parte de su formaci\u00f3n acad\u00e9mica sobresale una estancia de investigaci\u00f3n de maestr\u00eda en la Universidad Friedrich Alexander de N\u00faremberg, Alemania.<\/p>\n<p>Actualmente es miembro del Colegio Nacional de Economistas y desde hace 15 a\u00f1os se desempe\u00f1a como servidor p\u00fablico a nivel estatal y federal.<\/p>\n<p>Asimismo, ha sido auditor y asesor en temas financieros y presupuestales en la iniciativa privada y colaborado con prestigiosos despachos de consultor\u00eda en temas de financiamiento p\u00fablico am\u00e9n de participar en publicaciones como \u201cEl Financiamiento otorgado al Sector Privado\u201d y \u201cEl Papel de las Cajas de Ahorro en M\u00e9xico y Alemania.\u201d<\/p>\n","protected":false},"excerpt":{"rendered":"<p>Por su buen desempe\u00f1o, Jos\u00e9 Luis Lima Franco repetir\u00e1 en la titularidad de la SEFIPLAN. Pedro Miguel Rosaldo Garc\u00eda, encabezar\u00e1 la Subsecretar\u00eda de Egresos. Lima Franco es de Poza Rica y Rosaldo Garc\u00eda de Coatzacoalcos. Boca del R\u00edo, Ver., mi\u00e9rcoles 26 de junio de 2024.- Jos\u00e9 Luis Lima Franco repetir\u00e1 como Secretario de Finanzas y Planeaci\u00f3n del Estado por su impecable desempe\u00f1o y ser\u00e1 acompa\u00f1ado en la Subsecretar\u00eda de Egresos por Pedro Miguel Rosaldo Garc\u00eda, anunci\u00f3 la gobernadora electa de Veracruz, Roc\u00edo Nahle. Ambos con grado de doctorado, experiencia y&hellip;<\/p>\n","protected":false},"author":1,"featured_media":107793,"comment_status":"open","ping_status":"closed","sticky":false,"template":"","format":"standard","meta":{"footnotes":""},"categories":[3,4],"tags":[5470,3387],"class_list":["post-107792","post","type-post","status-publish","format-standard","has-post-thumbnail","hentry","category-destacadas","category-estatal","tag-jose-luis-lima-franco","tag-rocio-nahle-garcia"],"jetpack-related-posts":[],"_links":{"self":[{"href":"https:\/\/www.noticiasperfil.com\/index\/wp-json\/wp\/v2\/posts\/107792","targetHints":{"allow":["GET"]}}],"collection":[{"href":"https:\/\/www.noticiasperfil.com\/index\/wp-json\/wp\/v2\/posts"}],"about":[{"href":"https:\/\/www.noticiasperfil.com\/index\/wp-json\/wp\/v2\/types\/post"}],"author":[{"embeddable":true,"href":"https:\/\/www.noticiasperfil.com\/index\/wp-json\/wp\/v2\/users\/1"}],"replies":[{"embeddable":true,"href":"https:\/\/www.noticiasperfil.com\/index\/wp-json\/wp\/v2\/comments?post=107792"}],"version-history":[{"count":1,"href":"https:\/\/www.noticiasperfil.com\/index\/wp-json\/wp\/v2\/posts\/107792\/revisions"}],"predecessor-version":[{"id":107794,"href":"https:\/\/www.noticiasperfil.com\/index\/wp-json\/wp\/v2\/posts\/107792\/revisions\/107794"}],"wp:featuredmedia":[{"embeddable":true,"href":"https:\/\/www.noticiasperfil.com\/index\/wp-json\/wp\/v2\/media\/107793"}],"wp:attachment":[{"href":"https:\/\/www.noticiasperfil.com\/index\/wp-json\/wp\/v2\/media?parent=107792"}],"wp:term":[{"taxonomy":"category","embeddable":true,"href":"https:\/\/www.noticiasperfil.com\/index\/wp-json\/wp\/v2\/categories?post=107792"},{"taxonomy":"post_tag","embeddable":true,"href":"https:\/\/www.noticiasperfil.com\/index\/wp-json\/wp\/v2\/tags?post=107792"}],"curies":[{"name":"wp","href":"https:\/\/api.w.org\/{rel}","templated":true}]}}