{"id":107801,"date":"2024-06-26T22:29:12","date_gmt":"2024-06-27T03:29:12","guid":{"rendered":"https:\/\/www.noticiasperfil.com\/index\/?p=107801"},"modified":"2024-06-26T22:29:12","modified_gmt":"2024-06-27T03:29:12","slug":"en-catemaco-asiste-alcalde-a-inauguracion-de-planta-purificadora","status":"publish","type":"post","link":"https:\/\/www.noticiasperfil.com\/index\/2024\/06\/26\/en-catemaco-asiste-alcalde-a-inauguracion-de-planta-purificadora\/","title":{"rendered":"En Catemaco, asiste alcalde a inauguraci\u00f3n de planta purificadora"},"content":{"rendered":"<p><img loading=\"lazy\" decoding=\"async\" data-attachment-id=\"107802\" data-permalink=\"https:\/\/www.noticiasperfil.com\/index\/2024\/06\/26\/en-catemaco-asiste-alcalde-a-inauguracion-de-planta-purificadora\/planta-agua-01\/\" data-orig-file=\"https:\/\/i2.wp.com\/www.noticiasperfil.com\/index\/wp-content\/uploads\/2024\/06\/planta-agua-01.jpg?fit=900%2C675&amp;ssl=1\" data-orig-size=\"900,675\" data-comments-opened=\"1\" data-image-meta=\"{&quot;aperture&quot;:&quot;0&quot;,&quot;credit&quot;:&quot;&quot;,&quot;camera&quot;:&quot;&quot;,&quot;caption&quot;:&quot;&quot;,&quot;created_timestamp&quot;:&quot;0&quot;,&quot;copyright&quot;:&quot;&quot;,&quot;focal_length&quot;:&quot;0&quot;,&quot;iso&quot;:&quot;0&quot;,&quot;shutter_speed&quot;:&quot;0&quot;,&quot;title&quot;:&quot;&quot;,&quot;orientation&quot;:&quot;0&quot;}\" data-image-title=\"planta-agua-01\" data-image-description=\"\" data-medium-file=\"https:\/\/i2.wp.com\/www.noticiasperfil.com\/index\/wp-content\/uploads\/2024\/06\/planta-agua-01.jpg?fit=660%2C365&amp;ssl=1\" data-large-file=\"https:\/\/i2.wp.com\/www.noticiasperfil.com\/index\/wp-content\/uploads\/2024\/06\/planta-agua-01.jpg?fit=640%2C366&amp;ssl=1\" class=\"aligncenter size-full wp-image-107802\" src=\"https:\/\/i2.wp.com\/www.noticiasperfil.com\/index\/wp-content\/uploads\/2024\/06\/planta-agua-01.jpg?resize=640%2C480&#038;ssl=1\" alt=\"\" width=\"640\" height=\"480\" data-recalc-dims=\"1\" \/><\/p>\n<ul>\n<li><strong><em>Por invitaci\u00f3n del Secretario de Desarrollo Social Estatal, Guillermo Fern\u00e1ndez.<\/em><\/strong><\/li>\n<\/ul>\n<p>Catemaco, Ver.- Atendiendo la invitaci\u00f3n del Ing. Guillermo Fern\u00e1ndez S\u00e1nchez, Titular de SEDESOL, asiste el Presidente Municipal Lic. Juan Jos\u00e9 Rosario Morales a la inauguraci\u00f3n de la purificadora de agua potable ubicada en la comunidad La Victoria, la cual fue gestionada por el Gobierno Municipal que representa el Alcalde Rosario Morales.<\/p>\n<p>Esta microempresa la cual hoy es ya una realidad genera empleos a los habitantes de la comunidad, trayendo consigo un impacto social positivo que impulsa el desarrollo.<\/p>\n<div data-carousel-extra='{\"blog_id\":1,\"permalink\":\"https:\\\/\\\/www.noticiasperfil.com\\\/index\\\/2024\\\/06\\\/26\\\/en-catemaco-asiste-alcalde-a-inauguracion-de-planta-purificadora\\\/\"}' id='gallery-1' class='gallery galleryid-107801 gallery-columns-3 gallery-size-medium'><figure class='gallery-item'>\n\t\t\t<div class='gallery-icon landscape'>\n\t\t\t\t<a href='https:\/\/www.noticiasperfil.com\/index\/2024\/06\/26\/en-catemaco-asiste-alcalde-a-inauguracion-de-planta-purificadora\/planta-agua-02\/'><img loading=\"lazy\" decoding=\"async\" width=\"660\" height=\"365\" src=\"https:\/\/i1.wp.com\/www.noticiasperfil.com\/index\/wp-content\/uploads\/2024\/06\/planta-agua-02.jpg?fit=660%2C365&amp;ssl=1\" class=\"attachment-medium size-medium\" alt=\"\" data-attachment-id=\"107803\" data-permalink=\"https:\/\/www.noticiasperfil.com\/index\/2024\/06\/26\/en-catemaco-asiste-alcalde-a-inauguracion-de-planta-purificadora\/planta-agua-02\/\" data-orig-file=\"https:\/\/i1.wp.com\/www.noticiasperfil.com\/index\/wp-content\/uploads\/2024\/06\/planta-agua-02.jpg?fit=900%2C675&amp;ssl=1\" data-orig-size=\"900,675\" data-comments-opened=\"1\" data-image-meta=\"{&quot;aperture&quot;:&quot;0&quot;,&quot;credit&quot;:&quot;&quot;,&quot;camera&quot;:&quot;&quot;,&quot;caption&quot;:&quot;&quot;,&quot;created_timestamp&quot;:&quot;0&quot;,&quot;copyright&quot;:&quot;&quot;,&quot;focal_length&quot;:&quot;0&quot;,&quot;iso&quot;:&quot;0&quot;,&quot;shutter_speed&quot;:&quot;0&quot;,&quot;title&quot;:&quot;&quot;,&quot;orientation&quot;:&quot;0&quot;}\" data-image-title=\"planta-agua-02\" data-image-description=\"\" data-medium-file=\"https:\/\/i1.wp.com\/www.noticiasperfil.com\/index\/wp-content\/uploads\/2024\/06\/planta-agua-02.jpg?fit=660%2C365&amp;ssl=1\" data-large-file=\"https:\/\/i1.wp.com\/www.noticiasperfil.com\/index\/wp-content\/uploads\/2024\/06\/planta-agua-02.jpg?fit=640%2C366&amp;ssl=1\" \/><\/a>\n\t\t\t<\/div><\/figure><figure class='gallery-item'>\n\t\t\t<div class='gallery-icon landscape'>\n\t\t\t\t<a href='https:\/\/www.noticiasperfil.com\/index\/2024\/06\/26\/en-catemaco-asiste-alcalde-a-inauguracion-de-planta-purificadora\/planta-agua-03\/'><img loading=\"lazy\" decoding=\"async\" width=\"660\" height=\"365\" src=\"https:\/\/i1.wp.com\/www.noticiasperfil.com\/index\/wp-content\/uploads\/2024\/06\/planta-agua-03.jpg?fit=660%2C365&amp;ssl=1\" class=\"attachment-medium size-medium\" alt=\"\" data-attachment-id=\"107804\" data-permalink=\"https:\/\/www.noticiasperfil.com\/index\/2024\/06\/26\/en-catemaco-asiste-alcalde-a-inauguracion-de-planta-purificadora\/planta-agua-03\/\" data-orig-file=\"https:\/\/i1.wp.com\/www.noticiasperfil.com\/index\/wp-content\/uploads\/2024\/06\/planta-agua-03.jpg?fit=900%2C676&amp;ssl=1\" data-orig-size=\"900,676\" data-comments-opened=\"1\" data-image-meta=\"{&quot;aperture&quot;:&quot;0&quot;,&quot;credit&quot;:&quot;&quot;,&quot;camera&quot;:&quot;&quot;,&quot;caption&quot;:&quot;&quot;,&quot;created_timestamp&quot;:&quot;0&quot;,&quot;copyright&quot;:&quot;&quot;,&quot;focal_length&quot;:&quot;0&quot;,&quot;iso&quot;:&quot;0&quot;,&quot;shutter_speed&quot;:&quot;0&quot;,&quot;title&quot;:&quot;&quot;,&quot;orientation&quot;:&quot;0&quot;}\" data-image-title=\"planta-agua-03\" data-image-description=\"\" data-medium-file=\"https:\/\/i1.wp.com\/www.noticiasperfil.com\/index\/wp-content\/uploads\/2024\/06\/planta-agua-03.jpg?fit=660%2C365&amp;ssl=1\" data-large-file=\"https:\/\/i1.wp.com\/www.noticiasperfil.com\/index\/wp-content\/uploads\/2024\/06\/planta-agua-03.jpg?fit=640%2C366&amp;ssl=1\" \/><\/a>\n\t\t\t<\/div><\/figure><figure class='gallery-item'>\n\t\t\t<div class='gallery-icon landscape'>\n\t\t\t\t<a href='https:\/\/www.noticiasperfil.com\/index\/2024\/06\/26\/en-catemaco-asiste-alcalde-a-inauguracion-de-planta-purificadora\/planta-agua-04\/'><img loading=\"lazy\" decoding=\"async\" width=\"660\" height=\"365\" src=\"https:\/\/i1.wp.com\/www.noticiasperfil.com\/index\/wp-content\/uploads\/2024\/06\/planta-agua-04.jpg?fit=660%2C365&amp;ssl=1\" class=\"attachment-medium size-medium\" alt=\"\" data-attachment-id=\"107805\" data-permalink=\"https:\/\/www.noticiasperfil.com\/index\/2024\/06\/26\/en-catemaco-asiste-alcalde-a-inauguracion-de-planta-purificadora\/planta-agua-04\/\" data-orig-file=\"https:\/\/i1.wp.com\/www.noticiasperfil.com\/index\/wp-content\/uploads\/2024\/06\/planta-agua-04.jpg?fit=900%2C675&amp;ssl=1\" data-orig-size=\"900,675\" data-comments-opened=\"1\" data-image-meta=\"{&quot;aperture&quot;:&quot;0&quot;,&quot;credit&quot;:&quot;&quot;,&quot;camera&quot;:&quot;&quot;,&quot;caption&quot;:&quot;&quot;,&quot;created_timestamp&quot;:&quot;0&quot;,&quot;copyright&quot;:&quot;&quot;,&quot;focal_length&quot;:&quot;0&quot;,&quot;iso&quot;:&quot;0&quot;,&quot;shutter_speed&quot;:&quot;0&quot;,&quot;title&quot;:&quot;&quot;,&quot;orientation&quot;:&quot;0&quot;}\" data-image-title=\"planta-agua-04\" data-image-description=\"\" data-medium-file=\"https:\/\/i1.wp.com\/www.noticiasperfil.com\/index\/wp-content\/uploads\/2024\/06\/planta-agua-04.jpg?fit=660%2C365&amp;ssl=1\" data-large-file=\"https:\/\/i1.wp.com\/www.noticiasperfil.com\/index\/wp-content\/uploads\/2024\/06\/planta-agua-04.jpg?fit=640%2C366&amp;ssl=1\" \/><\/a>\n\t\t\t<\/div><\/figure>\n\t\t<\/div>\n\n<p>Para realizar la inauguraci\u00f3n de esta purificadora de agua llamada \u00abEl Chorrito\u00bb se cont\u00f3 con la Presencia del Alcalde Lic. Juan Jos\u00e9 Rosario Morales, el Ing. Guillermo Fern\u00e1ndez S\u00e1nchez, el Agente Municipal Benito Hern\u00e1ndez Covix, el Presidente de la Cooperativa Enrique Cagal Escribano, el Secretario Particular del Ayuntamiento Lic. Guillermo Cruz, y personal de esta purificadora.<\/p>\n","protected":false},"excerpt":{"rendered":"<p>Por invitaci\u00f3n del Secretario de Desarrollo Social Estatal, Guillermo Fern\u00e1ndez. Catemaco, Ver.- Atendiendo la invitaci\u00f3n del Ing. Guillermo Fern\u00e1ndez S\u00e1nchez, Titular de SEDESOL, asiste el Presidente Municipal Lic. Juan Jos\u00e9 Rosario Morales a la inauguraci\u00f3n de la purificadora de agua potable ubicada en la comunidad La Victoria, la cual fue gestionada por el Gobierno Municipal que representa el Alcalde Rosario Morales. Esta microempresa la cual hoy es ya una realidad genera empleos a los habitantes de la comunidad, trayendo consigo un impacto social positivo que impulsa el desarrollo. Para realizar&hellip;<\/p>\n","protected":false},"author":1,"featured_media":107802,"comment_status":"open","ping_status":"closed","sticky":false,"template":"","format":"standard","meta":{"footnotes":""},"categories":[3,6],"tags":[5200,6009],"class_list":["post-107801","post","type-post","status-publish","format-standard","has-post-thumbnail","hentry","category-destacadas","category-zona-tuxtlas","tag-guillermo-fernandez-sanchez","tag-juan-rosario-morales"],"jetpack-related-posts":[],"_links":{"self":[{"href":"https:\/\/www.noticiasperfil.com\/index\/wp-json\/wp\/v2\/posts\/107801","targetHints":{"allow":["GET"]}}],"collection":[{"href":"https:\/\/www.noticiasperfil.com\/index\/wp-json\/wp\/v2\/posts"}],"about":[{"href":"https:\/\/www.noticiasperfil.com\/index\/wp-json\/wp\/v2\/types\/post"}],"author":[{"embeddable":true,"href":"https:\/\/www.noticiasperfil.com\/index\/wp-json\/wp\/v2\/users\/1"}],"replies":[{"embeddable":true,"href":"https:\/\/www.noticiasperfil.com\/index\/wp-json\/wp\/v2\/comments?post=107801"}],"version-history":[{"count":1,"href":"https:\/\/www.noticiasperfil.com\/index\/wp-json\/wp\/v2\/posts\/107801\/revisions"}],"predecessor-version":[{"id":107806,"href":"https:\/\/www.noticiasperfil.com\/index\/wp-json\/wp\/v2\/posts\/107801\/revisions\/107806"}],"wp:featuredmedia":[{"embeddable":true,"href":"https:\/\/www.noticiasperfil.com\/index\/wp-json\/wp\/v2\/media\/107802"}],"wp:attachment":[{"href":"https:\/\/www.noticiasperfil.com\/index\/wp-json\/wp\/v2\/media?parent=107801"}],"wp:term":[{"taxonomy":"category","embeddable":true,"href":"https:\/\/www.noticiasperfil.com\/index\/wp-json\/wp\/v2\/categories?post=107801"},{"taxonomy":"post_tag","embeddable":true,"href":"https:\/\/www.noticiasperfil.com\/index\/wp-json\/wp\/v2\/tags?post=107801"}],"curies":[{"name":"wp","href":"https:\/\/api.w.org\/{rel}","templated":true}]}}