{"id":107807,"date":"2024-06-27T13:35:43","date_gmt":"2024-06-27T18:35:43","guid":{"rendered":"https:\/\/www.noticiasperfil.com\/index\/?p=107807"},"modified":"2024-06-27T13:35:43","modified_gmt":"2024-06-27T18:35:43","slug":"presenta-claudia-sheinbaum-a-mas-integrantes-de-su-gabinete","status":"publish","type":"post","link":"https:\/\/www.noticiasperfil.com\/index\/2024\/06\/27\/presenta-claudia-sheinbaum-a-mas-integrantes-de-su-gabinete\/","title":{"rendered":"Presenta Claudia Sheinbaum a m\u00e1s integrantes de su gabinete"},"content":{"rendered":"<p><img loading=\"lazy\" decoding=\"async\" data-attachment-id=\"107808\" data-permalink=\"https:\/\/www.noticiasperfil.com\/index\/2024\/06\/27\/presenta-claudia-sheinbaum-a-mas-integrantes-de-su-gabinete\/claudia-sheinbaum-gabinete\/\" data-orig-file=\"https:\/\/i0.wp.com\/www.noticiasperfil.com\/index\/wp-content\/uploads\/2024\/06\/claudia-sheinbaum-gabinete.jpg?fit=749%2C470&amp;ssl=1\" data-orig-size=\"749,470\" data-comments-opened=\"1\" data-image-meta=\"{&quot;aperture&quot;:&quot;0&quot;,&quot;credit&quot;:&quot;&quot;,&quot;camera&quot;:&quot;&quot;,&quot;caption&quot;:&quot;&quot;,&quot;created_timestamp&quot;:&quot;0&quot;,&quot;copyright&quot;:&quot;&quot;,&quot;focal_length&quot;:&quot;0&quot;,&quot;iso&quot;:&quot;0&quot;,&quot;shutter_speed&quot;:&quot;0&quot;,&quot;title&quot;:&quot;&quot;,&quot;orientation&quot;:&quot;0&quot;}\" data-image-title=\"claudia-sheinbaum-gabinete\" data-image-description=\"\" data-medium-file=\"https:\/\/i0.wp.com\/www.noticiasperfil.com\/index\/wp-content\/uploads\/2024\/06\/claudia-sheinbaum-gabinete.jpg?fit=660%2C365&amp;ssl=1\" data-large-file=\"https:\/\/i0.wp.com\/www.noticiasperfil.com\/index\/wp-content\/uploads\/2024\/06\/claudia-sheinbaum-gabinete.jpg?fit=640%2C402&amp;ssl=1\" class=\"aligncenter size-full wp-image-107808\" src=\"https:\/\/i0.wp.com\/www.noticiasperfil.com\/index\/wp-content\/uploads\/2024\/06\/claudia-sheinbaum-gabinete.jpg?resize=640%2C402&#038;ssl=1\" alt=\"\" width=\"640\" height=\"402\" data-recalc-dims=\"1\" \/><\/p>\n<p>Ciudad de M\u00e9xico.- Claudia Sheinbaum anunci\u00f3 a cinco personas que formar\u00e1n parte de su gabinete y ellos son: Luz Elena Gonz\u00e1lez, David Kershenobich, Raquel Buenrostro, Jes\u00fas Esteva Medina y Edna Vega.<\/p>\n<p>\u201cEste es el gran equipo que presentamos el d\u00eda de hoy\u201d, expres\u00f3, la virtual presidenta electa de M\u00e9xico.<\/p>\n<p>En el Museo Interactivo de Econom\u00eda de la Ciudad de M\u00e9xico, Sheinbaum deline\u00f3 los cargos de:<\/p>\n<p>Luz Elena Gonz\u00e1lez&#8230; Energ\u00eda<br \/>\nDavid Kershenobich&#8230;Salud<br \/>\nRaquel Buenrostro&#8230; Funci\u00f3n P\u00fablica<br \/>\nJes\u00fas Esteva Medina&#8230; SICT<br \/>\nEdna Vega&#8230; Sedatu<\/p>\n<p>La semana pasada, Claudia Sheinbaum, present\u00f3 al primer bloque de pol\u00edticos que integrar\u00e1n su gabinete federal, una vez que tome posesi\u00f3n del Ejecutivo el 1 de octubre.<\/p>\n<p>&nbsp;<\/p>\n<p><em>Con informaci\u00f3n de La Raz\u00f3n.<\/em><\/p>\n","protected":false},"excerpt":{"rendered":"<p>Ciudad de M\u00e9xico.- Claudia Sheinbaum anunci\u00f3 a cinco personas que formar\u00e1n parte de su gabinete y ellos son: Luz Elena Gonz\u00e1lez, David Kershenobich, Raquel Buenrostro, Jes\u00fas Esteva Medina y Edna Vega. \u201cEste es el gran equipo que presentamos el d\u00eda de hoy\u201d, expres\u00f3, la virtual presidenta electa de M\u00e9xico. En el Museo Interactivo de Econom\u00eda de la Ciudad de M\u00e9xico, Sheinbaum deline\u00f3 los cargos de: Luz Elena Gonz\u00e1lez&#8230; Energ\u00eda David Kershenobich&#8230;Salud Raquel Buenrostro&#8230; Funci\u00f3n P\u00fablica Jes\u00fas Esteva Medina&#8230; SICT Edna Vega&#8230; Sedatu La semana pasada, Claudia Sheinbaum, present\u00f3 al primer&hellip;<\/p>\n","protected":false},"author":1,"featured_media":107808,"comment_status":"open","ping_status":"closed","sticky":false,"template":"","format":"standard","meta":{"footnotes":""},"categories":[3,7],"tags":[10172],"class_list":["post-107807","post","type-post","status-publish","format-standard","has-post-thumbnail","hentry","category-destacadas","category-nacional","tag-claudia-sheinbaum-pardo"],"jetpack-related-posts":[],"_links":{"self":[{"href":"https:\/\/www.noticiasperfil.com\/index\/wp-json\/wp\/v2\/posts\/107807","targetHints":{"allow":["GET"]}}],"collection":[{"href":"https:\/\/www.noticiasperfil.com\/index\/wp-json\/wp\/v2\/posts"}],"about":[{"href":"https:\/\/www.noticiasperfil.com\/index\/wp-json\/wp\/v2\/types\/post"}],"author":[{"embeddable":true,"href":"https:\/\/www.noticiasperfil.com\/index\/wp-json\/wp\/v2\/users\/1"}],"replies":[{"embeddable":true,"href":"https:\/\/www.noticiasperfil.com\/index\/wp-json\/wp\/v2\/comments?post=107807"}],"version-history":[{"count":1,"href":"https:\/\/www.noticiasperfil.com\/index\/wp-json\/wp\/v2\/posts\/107807\/revisions"}],"predecessor-version":[{"id":107809,"href":"https:\/\/www.noticiasperfil.com\/index\/wp-json\/wp\/v2\/posts\/107807\/revisions\/107809"}],"wp:featuredmedia":[{"embeddable":true,"href":"https:\/\/www.noticiasperfil.com\/index\/wp-json\/wp\/v2\/media\/107808"}],"wp:attachment":[{"href":"https:\/\/www.noticiasperfil.com\/index\/wp-json\/wp\/v2\/media?parent=107807"}],"wp:term":[{"taxonomy":"category","embeddable":true,"href":"https:\/\/www.noticiasperfil.com\/index\/wp-json\/wp\/v2\/categories?post=107807"},{"taxonomy":"post_tag","embeddable":true,"href":"https:\/\/www.noticiasperfil.com\/index\/wp-json\/wp\/v2\/tags?post=107807"}],"curies":[{"name":"wp","href":"https:\/\/api.w.org\/{rel}","templated":true}]}}