{"id":107844,"date":"2024-07-02T15:43:42","date_gmt":"2024-07-02T20:43:42","guid":{"rendered":"https:\/\/www.noticiasperfil.com\/index\/?p=107844"},"modified":"2024-07-02T15:43:42","modified_gmt":"2024-07-02T20:43:42","slug":"entrega-julio-cesar-garcia-obras-en-telebachillerato-de-cabada","status":"publish","type":"post","link":"https:\/\/www.noticiasperfil.com\/index\/2024\/07\/02\/entrega-julio-cesar-garcia-obras-en-telebachillerato-de-cabada\/","title":{"rendered":"Entrega Julio C\u00e9sar Garc\u00eda obras en telebachillerato de Cabada"},"content":{"rendered":"<p><img loading=\"lazy\" decoding=\"async\" data-attachment-id=\"107845\" data-permalink=\"https:\/\/www.noticiasperfil.com\/index\/2024\/07\/02\/entrega-julio-cesar-garcia-obras-en-telebachillerato-de-cabada\/julio-cesar-garcia-teba-01\/\" data-orig-file=\"https:\/\/i2.wp.com\/www.noticiasperfil.com\/index\/wp-content\/uploads\/2024\/07\/julio-cesar-garcia-teba-01.jpg?fit=900%2C600&amp;ssl=1\" data-orig-size=\"900,600\" data-comments-opened=\"1\" data-image-meta=\"{&quot;aperture&quot;:&quot;0&quot;,&quot;credit&quot;:&quot;&quot;,&quot;camera&quot;:&quot;&quot;,&quot;caption&quot;:&quot;&quot;,&quot;created_timestamp&quot;:&quot;0&quot;,&quot;copyright&quot;:&quot;&quot;,&quot;focal_length&quot;:&quot;0&quot;,&quot;iso&quot;:&quot;0&quot;,&quot;shutter_speed&quot;:&quot;0&quot;,&quot;title&quot;:&quot;&quot;,&quot;orientation&quot;:&quot;0&quot;}\" data-image-title=\"julio-cesar-garcia-teba-01\" data-image-description=\"\" data-medium-file=\"https:\/\/i2.wp.com\/www.noticiasperfil.com\/index\/wp-content\/uploads\/2024\/07\/julio-cesar-garcia-teba-01.jpg?fit=660%2C365&amp;ssl=1\" data-large-file=\"https:\/\/i2.wp.com\/www.noticiasperfil.com\/index\/wp-content\/uploads\/2024\/07\/julio-cesar-garcia-teba-01.jpg?fit=640%2C366&amp;ssl=1\" class=\"aligncenter size-full wp-image-107845\" src=\"https:\/\/i2.wp.com\/www.noticiasperfil.com\/index\/wp-content\/uploads\/2024\/07\/julio-cesar-garcia-teba-01.jpg?resize=640%2C427&#038;ssl=1\" alt=\"\" width=\"640\" height=\"427\" data-recalc-dims=\"1\" \/><\/p>\n<p>\u00c1ngel R. Cabada, Ver.- Este d\u00eda, el presidente municipal Julio C\u00e9sar Garc\u00eda Machucho realiz\u00f3 la inauguraci\u00f3n de un importante proyecto para la educaci\u00f3n en Cabada: la construcci\u00f3n de un domo y cancha de usos m\u00faltiples en el Telebachillerato de esta cabecera municipal. Una obra muy esperada, la cual beneficiar\u00e1 a m\u00e1s de 250 alumnos, as\u00ed como al personal docente y a las generaciones venideras, quienes ya no tendr\u00e1n que enfrentar las inclemencias del tiempo durante sus actividades escolares.<\/p>\n<p>En compa\u00f1\u00eda de ediles, maestros y alumnos, la primera autoridad local realiz\u00f3 el corte del list\u00f3n inaugural; esta obra no solo mejora las condiciones f\u00edsicas del plantel, sino que tambi\u00e9n promueve el bienestar y el rendimiento acad\u00e9mico de la comunidad estudiantil.<\/p>\n<p>Esta administraci\u00f3n municipal reafirma su compromiso con la educaci\u00f3n y el desarrollo integral de los j\u00f3venes, asegurando espacios dignos que fomenten un entorno propicio para el aprendizaje y el crecimiento personal, \u00absabemos lo mucho que estamos avanzando y lo mucho que nos falta de apoyar y gestionar para los diferentes planteles educativos de todos los niveles en nuestro municipio, vamos a trabajar todos los d\u00edas de nuestra administraci\u00f3n para todos los sectores incluyendo el educativo y lograr el bienestar rara todos\u00bb, destac\u00f3 Julio C\u00e9sar Garc\u00eda Machucho.<\/p>\n","protected":false},"excerpt":{"rendered":"<p>\u00c1ngel R. Cabada, Ver.- Este d\u00eda, el presidente municipal Julio C\u00e9sar Garc\u00eda Machucho realiz\u00f3 la inauguraci\u00f3n de un importante proyecto para la educaci\u00f3n en Cabada: la construcci\u00f3n de un domo y cancha de usos m\u00faltiples en el Telebachillerato de esta cabecera municipal. Una obra muy esperada, la cual beneficiar\u00e1 a m\u00e1s de 250 alumnos, as\u00ed como al personal docente y a las generaciones venideras, quienes ya no tendr\u00e1n que enfrentar las inclemencias del tiempo durante sus actividades escolares. En compa\u00f1\u00eda de ediles, maestros y alumnos, la primera autoridad local realiz\u00f3&hellip;<\/p>\n","protected":false},"author":1,"featured_media":107845,"comment_status":"open","ping_status":"closed","sticky":false,"template":"","format":"standard","meta":{"footnotes":""},"categories":[3,16],"tags":[9036],"class_list":["post-107844","post","type-post","status-publish","format-standard","has-post-thumbnail","hentry","category-destacadas","category-zona-canera","tag-julio-cesar-garcia-machucho"],"jetpack-related-posts":[],"_links":{"self":[{"href":"https:\/\/www.noticiasperfil.com\/index\/wp-json\/wp\/v2\/posts\/107844","targetHints":{"allow":["GET"]}}],"collection":[{"href":"https:\/\/www.noticiasperfil.com\/index\/wp-json\/wp\/v2\/posts"}],"about":[{"href":"https:\/\/www.noticiasperfil.com\/index\/wp-json\/wp\/v2\/types\/post"}],"author":[{"embeddable":true,"href":"https:\/\/www.noticiasperfil.com\/index\/wp-json\/wp\/v2\/users\/1"}],"replies":[{"embeddable":true,"href":"https:\/\/www.noticiasperfil.com\/index\/wp-json\/wp\/v2\/comments?post=107844"}],"version-history":[{"count":1,"href":"https:\/\/www.noticiasperfil.com\/index\/wp-json\/wp\/v2\/posts\/107844\/revisions"}],"predecessor-version":[{"id":107849,"href":"https:\/\/www.noticiasperfil.com\/index\/wp-json\/wp\/v2\/posts\/107844\/revisions\/107849"}],"wp:featuredmedia":[{"embeddable":true,"href":"https:\/\/www.noticiasperfil.com\/index\/wp-json\/wp\/v2\/media\/107845"}],"wp:attachment":[{"href":"https:\/\/www.noticiasperfil.com\/index\/wp-json\/wp\/v2\/media?parent=107844"}],"wp:term":[{"taxonomy":"category","embeddable":true,"href":"https:\/\/www.noticiasperfil.com\/index\/wp-json\/wp\/v2\/categories?post=107844"},{"taxonomy":"post_tag","embeddable":true,"href":"https:\/\/www.noticiasperfil.com\/index\/wp-json\/wp\/v2\/tags?post=107844"}],"curies":[{"name":"wp","href":"https:\/\/api.w.org\/{rel}","templated":true}]}}