{"id":108028,"date":"2024-07-16T16:17:19","date_gmt":"2024-07-16T21:17:19","guid":{"rendered":"https:\/\/www.noticiasperfil.com\/index\/?p=108028"},"modified":"2024-07-16T16:17:19","modified_gmt":"2024-07-16T21:17:19","slug":"alertan-por-casos-de-dengue-en-veracruz","status":"publish","type":"post","link":"https:\/\/www.noticiasperfil.com\/index\/2024\/07\/16\/alertan-por-casos-de-dengue-en-veracruz\/","title":{"rendered":"Alertan por casos de dengue en Veracruz"},"content":{"rendered":"<p><img loading=\"lazy\" decoding=\"async\" data-attachment-id=\"108029\" data-permalink=\"https:\/\/www.noticiasperfil.com\/index\/2024\/07\/16\/alertan-por-casos-de-dengue-en-veracruz\/cuitlahuac-garcia-jimenez-137\/\" data-orig-file=\"https:\/\/i0.wp.com\/www.noticiasperfil.com\/index\/wp-content\/uploads\/2024\/07\/cuitlahuac-garcia-jimenez-6.jpg?fit=1600%2C1066&amp;ssl=1\" data-orig-size=\"1600,1066\" data-comments-opened=\"1\" data-image-meta=\"{&quot;aperture&quot;:&quot;0&quot;,&quot;credit&quot;:&quot;&quot;,&quot;camera&quot;:&quot;&quot;,&quot;caption&quot;:&quot;&quot;,&quot;created_timestamp&quot;:&quot;0&quot;,&quot;copyright&quot;:&quot;&quot;,&quot;focal_length&quot;:&quot;0&quot;,&quot;iso&quot;:&quot;0&quot;,&quot;shutter_speed&quot;:&quot;0&quot;,&quot;title&quot;:&quot;&quot;,&quot;orientation&quot;:&quot;0&quot;}\" data-image-title=\"cuitlahuac-garcia-jimenez\" data-image-description=\"\" data-medium-file=\"https:\/\/i0.wp.com\/www.noticiasperfil.com\/index\/wp-content\/uploads\/2024\/07\/cuitlahuac-garcia-jimenez-6.jpg?fit=660%2C365&amp;ssl=1\" data-large-file=\"https:\/\/i0.wp.com\/www.noticiasperfil.com\/index\/wp-content\/uploads\/2024\/07\/cuitlahuac-garcia-jimenez-6.jpg?fit=640%2C366&amp;ssl=1\" class=\"aligncenter size-full wp-image-108029\" src=\"https:\/\/i0.wp.com\/www.noticiasperfil.com\/index\/wp-content\/uploads\/2024\/07\/cuitlahuac-garcia-jimenez-6.jpg?resize=640%2C426&#038;ssl=1\" alt=\"\" width=\"640\" height=\"426\" srcset=\"https:\/\/i0.wp.com\/www.noticiasperfil.com\/index\/wp-content\/uploads\/2024\/07\/cuitlahuac-garcia-jimenez-6.jpg?w=1600&amp;ssl=1 1600w, https:\/\/i0.wp.com\/www.noticiasperfil.com\/index\/wp-content\/uploads\/2024\/07\/cuitlahuac-garcia-jimenez-6.jpg?resize=1536%2C1023&amp;ssl=1 1536w, https:\/\/i0.wp.com\/www.noticiasperfil.com\/index\/wp-content\/uploads\/2024\/07\/cuitlahuac-garcia-jimenez-6.jpg?w=1280&amp;ssl=1 1280w\" sizes=\"auto, (max-width: 640px) 100vw, 640px\" data-recalc-dims=\"1\" \/><\/p>\n<p>Xalapa, Ver.- El gobernador Cuitl\u00e1huac Garc\u00eda Jim\u00e9nez, inform\u00f3 que ser\u00e1 hasta este lunes cuando informe sobre casos de dengue en Veracruz.<\/p>\n<p>Sin embargo, adelant\u00f3 que \u00bb el tema del dengue tiene atenci\u00f3n especial porque hay una oleada mundial en las zonas tropicales y en la zona que nos toca nos pega mucho, pero por fortuna aqui no llega el paludismo\u00bb.<\/p>\n<p>En conferencia de prensa, el gobernador Cuitl\u00e1huac Garc\u00eda Jim\u00e9nez, precis\u00f3 que ser\u00e1 hasta el lunes cuando informe a detalle.<\/p>\n<p>En tanto, pidi\u00f3 a la poblaci\u00f3n atenderse ante los s\u00edntomas de esa enfermedad.<\/p>\n<p>\u00abTenemos que cuidarnos, inmediatamente atendernos en un centro de salud y si no est\u00e1 el centro de salud acudir al m\u00e9dico\u00bb.<\/p>\n<p>En la mayor parte de los casos, el dengue causa s\u00edntomas leves o incluso ning\u00fan s\u00edntoma y se cura en una o dos semanas, pero en casos infrecuentes se agrava y puede causar la muerte.<\/p>\n<p>Cuando aparecen s\u00edntomas, lo suelen hacer entre 4 y 10 d\u00edas despu\u00e9s de la infecci\u00f3n y duran de 2 a 7 d\u00edas. Pueden ser:<\/p>\n<ul>\n<li>fiebre elevada (40 \u00b0C\/104 \u00b0F)<\/li>\n<li>dolor de cabeza muy intenso<\/li>\n<li>dolor detr\u00e1s de los ojos<\/li>\n<li>dolores musculares y articulares<\/li>\n<li>n\u00e1useas, v\u00f3mitos<\/li>\n<li>agrandamiento de ganglios linf\u00e1ticos.<\/li>\n<\/ul>\n<p>Las personas que se infectan por segunda vez corren m\u00e1s riesgo de que la enfermedad se agrave.<\/p>\n","protected":false},"excerpt":{"rendered":"<p>Xalapa, Ver.- El gobernador Cuitl\u00e1huac Garc\u00eda Jim\u00e9nez, inform\u00f3 que ser\u00e1 hasta este lunes cuando informe sobre casos de dengue en Veracruz. Sin embargo, adelant\u00f3 que \u00bb el tema del dengue tiene atenci\u00f3n especial porque hay una oleada mundial en las zonas tropicales y en la zona que nos toca nos pega mucho, pero por fortuna aqui no llega el paludismo\u00bb. En conferencia de prensa, el gobernador Cuitl\u00e1huac Garc\u00eda Jim\u00e9nez, precis\u00f3 que ser\u00e1 hasta el lunes cuando informe a detalle. En tanto, pidi\u00f3 a la poblaci\u00f3n atenderse ante los s\u00edntomas de&hellip;<\/p>\n","protected":false},"author":1,"featured_media":108029,"comment_status":"open","ping_status":"closed","sticky":false,"template":"","format":"standard","meta":{"footnotes":""},"categories":[3,4],"tags":[339,368],"class_list":["post-108028","post","type-post","status-publish","format-standard","has-post-thumbnail","hentry","category-destacadas","category-estatal","tag-cuitlahuac-garcia-jimenez","tag-dengue-en-veracruz"],"jetpack-related-posts":[],"_links":{"self":[{"href":"https:\/\/www.noticiasperfil.com\/index\/wp-json\/wp\/v2\/posts\/108028","targetHints":{"allow":["GET"]}}],"collection":[{"href":"https:\/\/www.noticiasperfil.com\/index\/wp-json\/wp\/v2\/posts"}],"about":[{"href":"https:\/\/www.noticiasperfil.com\/index\/wp-json\/wp\/v2\/types\/post"}],"author":[{"embeddable":true,"href":"https:\/\/www.noticiasperfil.com\/index\/wp-json\/wp\/v2\/users\/1"}],"replies":[{"embeddable":true,"href":"https:\/\/www.noticiasperfil.com\/index\/wp-json\/wp\/v2\/comments?post=108028"}],"version-history":[{"count":1,"href":"https:\/\/www.noticiasperfil.com\/index\/wp-json\/wp\/v2\/posts\/108028\/revisions"}],"predecessor-version":[{"id":108030,"href":"https:\/\/www.noticiasperfil.com\/index\/wp-json\/wp\/v2\/posts\/108028\/revisions\/108030"}],"wp:featuredmedia":[{"embeddable":true,"href":"https:\/\/www.noticiasperfil.com\/index\/wp-json\/wp\/v2\/media\/108029"}],"wp:attachment":[{"href":"https:\/\/www.noticiasperfil.com\/index\/wp-json\/wp\/v2\/media?parent=108028"}],"wp:term":[{"taxonomy":"category","embeddable":true,"href":"https:\/\/www.noticiasperfil.com\/index\/wp-json\/wp\/v2\/categories?post=108028"},{"taxonomy":"post_tag","embeddable":true,"href":"https:\/\/www.noticiasperfil.com\/index\/wp-json\/wp\/v2\/tags?post=108028"}],"curies":[{"name":"wp","href":"https:\/\/api.w.org\/{rel}","templated":true}]}}