{"id":108034,"date":"2024-07-16T16:37:23","date_gmt":"2024-07-16T21:37:23","guid":{"rendered":"https:\/\/www.noticiasperfil.com\/index\/?p=108034"},"modified":"2024-07-16T16:37:23","modified_gmt":"2024-07-16T21:37:23","slug":"el-gabinete-de-rocio-nahle-ya-casi-listo-van-15-invitados","status":"publish","type":"post","link":"https:\/\/www.noticiasperfil.com\/index\/2024\/07\/16\/el-gabinete-de-rocio-nahle-ya-casi-listo-van-15-invitados\/","title":{"rendered":"El gabinete de Roc\u00edo Nahle\u2026 ya casi listo\u2026 Van 15 invitados"},"content":{"rendered":"<p><img loading=\"lazy\" decoding=\"async\" class=\"aligncenter size-full wp-image-93945\" src=\"https:\/\/i2.wp.com\/www.noticiasperfil.com\/index\/wp-content\/uploads\/2022\/11\/repechaje.jpg?resize=517%2C300&#038;ssl=1\" alt=\"\" width=\"517\" height=\"300\" data-recalc-dims=\"1\" \/><\/p>\n<p><strong>Repechaje\/Por Quirino Moreno Quiza.<\/strong><\/p>\n<p><em><strong>*Quedan SSP y SIOP\u2026 la primera ser\u00e1 consultada<br \/>\n<\/strong><strong>*\u00bfSubsecretar\u00edas y direcciones tambi\u00e9n la decidir\u00e1 Nahle?<br \/>\n<\/strong><strong>*En la Secretar\u00eda de Salud, una auditor\u00eda a destiempo<br \/>\n<\/strong><strong>*Auditan vi\u00e1ticos de trabajadores\u2026 \u00bfDe qui\u00e9n era ese negocio?<br \/>\n<\/strong><strong>*Deber\u00edan de auditar Servicios Generales y Mantenimiento\u2026<\/strong><\/em><\/p>\n<p>***\u00a0<strong><em>\u00a1Momento que soy lento!\u00a0<\/em><\/strong>Luego de que hace uno d\u00edas reportamos aqu\u00ed un recuento de los funcionarios que ya hab\u00eda invitado la virtual Presidente de M\u00e9xico, Claudia Sheinbaum a formar parte de su gabinete, no han insistido en que hagamos el mismo ejercicio, pero con los nombres de los invitados al gabinete de la virtual gobernadora electa, Roc\u00edo Nahle, mismo que a continuaci\u00f3n enlistamos:<\/p>\n<p><strong>*Ricardo Ahued Bardahuil.<\/strong>&#8211; Secretar\u00eda de Gobierno.<\/p>\n<p><strong>*Ernesto P\u00e9rez Astorga.<\/strong>&#8211; Secretar\u00eda de Desarrollo Econ\u00f3mico y Portuario<\/p>\n<p><strong>*Claudia Tello Espinosa.-<\/strong>\u00a0Secretar\u00eda de Educaci\u00f3n de Veracruz<\/p>\n<p><strong>*Daniela Griego Ceballos.<\/strong>&#8211; Direcci\u00f3n del Instituto de Pensiones del Estado (Repite)<\/p>\n<p><strong>*Mar\u00eda X\u00f3chitl Molina Gonz\u00e1lez.<\/strong>&#8211; Secretar\u00eda de Cultura del estado<\/p>\n<p><strong>*Dulce Mar\u00eda \u00abNena\u00bb de la Reguera G\u00f3mez<\/strong>.- Secretar\u00eda de Turismo<\/p>\n<p><strong>*Guadalupe Osorno Maldonado.-<\/strong>\u00a0Secretar\u00eda de Protecci\u00f3n Civil (Repite)<\/p>\n<p><strong>*Luz Mariela Zaleta Mendoza.-<\/strong>\u00a0Secretar\u00eda de Medio Ambiente (Sedema)<\/p>\n<p><strong>*Valent\u00edn Herrera Alarc\u00f3n.<\/strong>&#8211; Secretar\u00eda de Salud<\/p>\n<p><strong>*Margarita Santopietro Peralta<\/strong>..- Secretar\u00eda de Desarrollo Social de Veracruz<\/p>\n<p><strong>*Rodrigo Calder\u00f3n Salas.<\/strong>&#8211; Secretar\u00eda de Desarrollo Agropecuario, Rural y Pesca<\/p>\n<p><strong>*Luis Arturo Santiago Mart\u00ednez<\/strong>.- Secretar\u00eda del Trabajo, Previsi\u00f3n Social y Productividad<\/p>\n<p><strong>*Rodolfo Bouzas- Adriana Mu\u00f1oz.<\/strong>&#8211; Comunicaci\u00f3n Social del Gobierno del Estado.<\/p>\n<p><strong>*Jos\u00e9 Luis Lima Franco<\/strong>.- Secretar\u00eda de Finanzas y Planeaci\u00f3n (Repite)<\/p>\n<p><strong>*Ram\u00f3n Santos Navarro.<\/strong>&#8211; Titular de la Contralor\u00eda General del Estado<\/p>\n<p>***\u00a0<strong><em>\u00a1Lo que faltan!\u00a0<\/em><\/strong>A\u00fan quedan pendientes algunos cargos como el de la Secretar\u00eda de Infraestructura y\u00a0<strong>Obras P\u00fablicas (SIOP)<\/strong>\u00a0y se comenta que para dicho puesto ya hab\u00eda sido invitado un empresario de la construcci\u00f3n de Puerto Jarocho, pero no se confirma y permanece en rumor\u2026 Para la<strong>\u00a0Secretar\u00eda de Seguridad P\u00fablica del estado<\/strong>, que a\u00fan est\u00e1 pendiente, se sabe que la decisi\u00f3n, e inclusive el nombre del futuro titular podr\u00eda salir de la Secretar\u00eda de seguridad Ciudadana y\u00a0\u00a0 ser\u00e1 sometida al escrutinio del titular federal, Omar Garc\u00eda\u00a0 Harfuch\u2026\u00a0 Y suponemos que algunas subsecretar\u00edas y direcciones de importancia tambi\u00e9n ser\u00e1n decididas por la propia Roc\u00edo Nahle\u2026<\/p>\n<p>***\u00a0<strong><em>\u00bfHasta ahora se les ocurri\u00f3?\u00a0<\/em><\/strong>Nos avisaron que ahora, ya casi al t\u00e9rmino del sexenio, la Contralor\u00eda Interna de la Secretar\u00eda de Salud tuvo la idea de auditar a las diversas \u00e1reas de la dependencia, pro se afirma que se est\u00e1n concentrando principalmente en los pliego petitorios de vi\u00e1ticos, donde al parecer hay un sinn\u00famero de irregularidades\u2026 Lo que no est\u00e1 bien, es que los vi\u00e1ticos falsos y comprobados con facturas ap\u00f3crifas, no necesariamente eran para los trabajadores comisionados en falso, que no viajaban y se quedaban en sus casa, pero el dinero no se lo quedaban ellos\u2026 Sin embargo, ahora les est\u00e1n exigiendo a muchos que reintegren el dinero de dichos vi\u00e1ticos que, insistimos, no se lo quedaban ellos, sino que ten\u00edan que entregarlo\u2026 pero mejor que sean ellos quienes los destapen todo ese cochinero en el que los han embarrado\u2026 Lo ideal es que los auditores usen su tiempo para auditar todas las facturas y los trabajos de todo el sexenio del \u00e1rea de Servicios Generales, sin olvidar la de mantenimiento\u2026<\/p>\n<p><strong>columnarepechaje@gmail.com<\/strong><\/p>\n<p><strong>X: quirinomq<\/strong><\/p>\n<p><a href=\"http:\/\/www.entornopolitico.com\/\"><strong>www.entornopolitico.co<\/strong><\/a>m<\/p>\n","protected":false},"excerpt":{"rendered":"<p>Repechaje\/Por Quirino Moreno Quiza. *Quedan SSP y SIOP\u2026 la primera ser\u00e1 consultada *\u00bfSubsecretar\u00edas y direcciones tambi\u00e9n la decidir\u00e1 Nahle? *En la Secretar\u00eda de Salud, una auditor\u00eda a destiempo *Auditan vi\u00e1ticos de trabajadores\u2026 \u00bfDe qui\u00e9n era ese negocio? *Deber\u00edan de auditar Servicios Generales y Mantenimiento\u2026 ***\u00a0\u00a1Momento que soy lento!\u00a0Luego de que hace uno d\u00edas reportamos aqu\u00ed un recuento de los funcionarios que ya hab\u00eda invitado la virtual Presidente de M\u00e9xico, Claudia Sheinbaum a formar parte de su gabinete, no han insistido en que hagamos el mismo ejercicio, pero con los nombres&hellip;<\/p>\n","protected":false},"author":1,"featured_media":0,"comment_status":"open","ping_status":"closed","sticky":false,"template":"","format":"standard","meta":{"footnotes":""},"categories":[8,11],"tags":[1155],"class_list":["post-108034","post","type-post","status-publish","format-standard","hentry","category-opinion","category-repechaje","tag-quirino-moreno-quiza"],"jetpack-related-posts":[],"_links":{"self":[{"href":"https:\/\/www.noticiasperfil.com\/index\/wp-json\/wp\/v2\/posts\/108034","targetHints":{"allow":["GET"]}}],"collection":[{"href":"https:\/\/www.noticiasperfil.com\/index\/wp-json\/wp\/v2\/posts"}],"about":[{"href":"https:\/\/www.noticiasperfil.com\/index\/wp-json\/wp\/v2\/types\/post"}],"author":[{"embeddable":true,"href":"https:\/\/www.noticiasperfil.com\/index\/wp-json\/wp\/v2\/users\/1"}],"replies":[{"embeddable":true,"href":"https:\/\/www.noticiasperfil.com\/index\/wp-json\/wp\/v2\/comments?post=108034"}],"version-history":[{"count":1,"href":"https:\/\/www.noticiasperfil.com\/index\/wp-json\/wp\/v2\/posts\/108034\/revisions"}],"predecessor-version":[{"id":108035,"href":"https:\/\/www.noticiasperfil.com\/index\/wp-json\/wp\/v2\/posts\/108034\/revisions\/108035"}],"wp:attachment":[{"href":"https:\/\/www.noticiasperfil.com\/index\/wp-json\/wp\/v2\/media?parent=108034"}],"wp:term":[{"taxonomy":"category","embeddable":true,"href":"https:\/\/www.noticiasperfil.com\/index\/wp-json\/wp\/v2\/categories?post=108034"},{"taxonomy":"post_tag","embeddable":true,"href":"https:\/\/www.noticiasperfil.com\/index\/wp-json\/wp\/v2\/tags?post=108034"}],"curies":[{"name":"wp","href":"https:\/\/api.w.org\/{rel}","templated":true}]}}