{"id":108036,"date":"2024-07-16T16:44:55","date_gmt":"2024-07-16T21:44:55","guid":{"rendered":"https:\/\/www.noticiasperfil.com\/index\/?p=108036"},"modified":"2024-07-16T16:44:55","modified_gmt":"2024-07-16T21:44:55","slug":"las-vueltas-que-da-la-vida-en-politica","status":"publish","type":"post","link":"https:\/\/www.noticiasperfil.com\/index\/2024\/07\/16\/las-vueltas-que-da-la-vida-en-politica\/","title":{"rendered":"Las vueltas que da la vida, en pol\u00edtica"},"content":{"rendered":"<p><img loading=\"lazy\" decoding=\"async\" class=\"aligncenter size-full wp-image-93555\" src=\"https:\/\/i0.wp.com\/www.noticiasperfil.com\/index\/wp-content\/uploads\/2022\/10\/prosa-aprisa.jpg?resize=480%2C270&#038;ssl=1\" alt=\"\" width=\"480\" height=\"270\" data-recalc-dims=\"1\" \/><\/p>\n<p><strong>Prosa Aprisa\/Por Arturo Reyes Isidoro.<\/strong><\/p>\n<p>Las vueltas que da la vida, en pol\u00edtica. Coment\u00e9 en Prosa aprisa de ayer el viraje en la relaci\u00f3n del todav\u00eda senador y futuro l\u00edder de la bancada mayoritaria de Morena en la C\u00e1mara de Diputados, Ricardo Monreal, con el gobierno de Veracruz, concretamente con la Gobernadora Electa, Roc\u00edo Nahle.<\/p>\n<p>Zenyazen Escobar Garc\u00eda, de origen cuitlahuista, por decisi\u00f3n de Roc\u00edo ser\u00e1 el nuevo coordinador de la diputaci\u00f3n federal veracruzana. El exsecretario de Educaci\u00f3n estatal, como quiera que sea, no deja de ser un representante del gobierno que persigui\u00f3 y hostiliz\u00f3 a Monreal y ahora, a partir del 1 de septiembre, tendr\u00e1 que verse las caras con \u00e9l todo el tiempo que dure la nueva legislatura federal.<\/p>\n<p>Cierto tambi\u00e9n, Zenyazen representar\u00e1 al gobierno de Roc\u00edo, pero, si quisiera facilitar las cosas para \u00e9l y su nueva jefa, lo pr\u00e1ctico es que entrara en contacto con otro pol\u00edtico veracruzano, el m\u00e1s cercano a Monreal, Jos\u00e9 Manuel del R\u00edo Virgen, senador suplente de Movimiento Ciudadano, quien mejor lo conoce, pero a quien Cuitl\u00e1huac Garc\u00eda por venganza contra el zacatecano encarcel\u00f3 en Pacho Viejo en forma injusta y arbitraria.<\/p>\n<p>Me atrevo a pensar que pensando en el bien de Veracruz, Del R\u00edo Virgen tal vez accediera a ser un mediador en la relaci\u00f3n entre la bancada de Roc\u00edo y el pastor del reba\u00f1o morenista en San L\u00e1zaro, esto es, que Escobar Garc\u00eda al final terminar\u00eda por alinearse con el expreso pol\u00edtico del gobierno de su jefe Cuitl\u00e1huac, si para facilitar las cosas as\u00ed se lo ordena su nueva jefa. Vueltas que da la vida.<\/p>\n<p>Para quienes estuvieron en los Di\u00e1logos Nacionales sobre la Reforma al Poder Judicial el s\u00e1bado pasado en la sede del Poder Judicial del Estado no pas\u00f3 inadvertido el saludo que Monreal dio a Cuitl\u00e1huac y a Roc\u00edo. Al primero lo salud\u00f3 de mano pero sin verlo a la cara y cuando se dirigi\u00f3 a \u00e9l se limit\u00f3 a decirlo que lo hac\u00eda con respeto, pero a la segunda la abraz\u00f3 en forma efusiva y se dirigi\u00f3 a ella \u201ccon respeto y con mucho cari\u00f1o\u201d.<\/p>\n<p><strong>Subsecretario, no Secretario, el m\u00e1s poderoso de quienes ha nombrado Roc\u00edo<\/strong><\/p>\n<p>\u00bfQu\u00e9 el orden de los factores no altera el producto? Eso dijo Pit\u00e1goras en su famoso axioma. En pol\u00edtica parece que s\u00ed.<\/p>\n<p>La Gobernadora Electa casi complet\u00f3 ya el nombramiento de los secretarios de despacho y quienes ser\u00e1n sus m\u00e1s cercanos colaboradores, incluido el Contralor General del Estado, pero aparte de los futuros secretarios de Gobierno, Ricardo Ahued, y de Finanzas, Jos\u00e9 Luis Lima, hay un hombre tan poderoso \u00bfo posiblemente m\u00e1s? que ellos, adem\u00e1s \u00fanico subsecretario hasta ahora, el de Egresos, Pedro Miguel Rosaldo Garc\u00eda.<\/p>\n<p>Por supuesto, llega al cargo porque es de todas las confianzas de Roc\u00edo. Pedro Miguel era el Secretario T\u00e9cnico del Comit\u00e9 que integra el Fondo para la Transici\u00f3n Energ\u00e9tica y el Aprovechamiento Sustentable de la Energ\u00eda, de la Secretar\u00eda de Energ\u00eda, donde estaba cerca de la ahora nueva gobernadora de Veracruz.<\/p>\n<p>\u00bfPor qu\u00e9 \u00e9l y casi de los primeros nombrados? Porque debe estar metido ya en el manejo de los recursos, en el pago de los pendientes, pero tambi\u00e9n seguramente para entrarle a fondo a ver en qu\u00e9 condiciones le dej\u00f3 la dependencia su antecesor Eleazar Guerrero P\u00e9rez, a quien se se\u00f1al\u00f3 de muchas anomal\u00edas y presuntos il\u00edcitos.<\/p>\n<p>Rosaldo Garc\u00eda, quiera que no, tendr\u00e1 que ver c\u00f3mo echa a andar la \u201crevolvedora\u201d, porque si bien el secretario de Finanzas, Lima Franco, lleva sus cuentas en orden, hay otros gastos extra que requieren recursos y fuera de lo que puede llamarse institucional, las partidas federales ya asignadas, se requerir\u00e1n recursos sobre todo para empezar a dar resultados de lo que se est\u00e1 ofreciendo.<\/p>\n<p>Hasta ahora, Nahle no ha dicho si para darle un impulso a su arranque pone en marcha a partir del 1 de diciembre un plan emergente de 100 d\u00edas, para obras y acciones concretas, para cumplir con aquello de que el movimiento se demuestra andando, y ya opt\u00f3 por el hombre que se encargar\u00eda de procurarle aceitar la maquinaria para que entre en funcionamiento.<\/p>\n<p><strong>\u00bfContralor florero o tapadera?<\/strong><\/p>\n<p>El s\u00e1bado, la Gobernadora Electa, Roc\u00edo Nahle, anunci\u00f3 que Ram\u00f3n Santos Navarro ser\u00e1 el Contralor General del Estado de su administraci\u00f3n.<\/p>\n<p>Se trata de un coatzacoalque\u00f1o con buena imagen, cuya experiencia se reduce al \u00e1mbito local, municipal.<\/p>\n<p>Con el anuncio se dio su curr\u00edculum, aunque no se dijo que se le identifica como allegado a Rogelio Lemarroy, empresario de Coatzacoalcos, en cuya administraci\u00f3n cuando fue presidente municipal trabaj\u00f3 en la Tesorer\u00eda del ayuntamiento.<\/p>\n<p>Es contador p\u00fablico y licenciado y doctor en Derecho por la Universidad Veracruzana y por la Universidad Popular Aut\u00f3noma de Veracruz, respectivamente, as\u00ed como maestro en Derecho Fiscal por la Universidad del Valle de M\u00e9xico.<\/p>\n<p>En realidad, podr\u00eda tener todos los galardones acad\u00e9micos posibles, aunque por la experiencia que se ha vivido con el gobierno de Cuitl\u00e1huac Garc\u00eda, diplomados y t\u00edtulos salen sobrando si quienes llegan a la Contralor\u00eda General del Estado solo lo hacen como floreros o como tapaderas de anomal\u00edas.<\/p>\n<p>Solo para eso sirvieron las contraloras del gobierno de Cuitl\u00e1huac Garc\u00eda, Leslie M\u00f3nica Garibo Puga y Mercedes Santoyo Dom\u00ednguez, aunque la primera por presi\u00f3n del entonces secretario de Gobierno Eric Cisneros Burgos, y la segunda por consentimiento.<\/p>\n<p>La primera quiso meter orden, cumplir con su deber, pero el famoso Bola 8 se lo impidi\u00f3. Leslie renunci\u00f3 cuando no estuvo de acuerdo en que en los festejos por el Grito de Independencia, en el primer a\u00f1o del gobierno cuitlahuista, se gastaran casi 15 millones de pesos, m\u00e1s que el costo de los festejos del propio gobierno federal.<\/p>\n<p>Cisneros la descalific\u00f3. Dijo que no era un gasto sino una \u201cinversi\u00f3n\u201d, s\u00ed, pero para su promoci\u00f3n personal, que ya iniciaba como aspirante a la gubernatura.<\/p>\n<p>La segunda lleg\u00f3 para tapar todo, para no ver nada, para no pedir cuentas ni sancionar a nadie, hasta que estuvo tambi\u00e9n a punto de quedar atrapada ante la llegada del nuevo gobierno y prefiri\u00f3 la graciosa huida.<\/p>\n<p>Ya veremos qu\u00e9 resulta con Ram\u00f3n Santos Navarro.<\/p>\n<p>Un peque\u00f1o gran detalle es que el \u00fanico subsecretario nombrado hasta ahora, el de Egresos, y el nuevo contralor general son de Coatzacoalcos, cercanos a Roc\u00edo, de modo que seguramente har\u00e1n una labor de pinzas, o sea, van a apretar juntos. \u00a1Crac!<\/p>\n<p><strong>El detalle de Roc\u00edo<\/strong><\/p>\n<p>El 11 de agosto de 2019, en el primer a\u00f1o de gobierno de Cuitl\u00e1huac Garc\u00eda, falleci\u00f3 el arzobispo em\u00e9rito de la Arquidi\u00f3cesis de Xalapa y cardenal de la Iglesia Cat\u00f3lica, Sergio Obeso Rivera.<\/p>\n<p>Pero no obstante de tratarse de un alto dignatario religioso, adem\u00e1s de integrante de una apreciable familia xalape\u00f1a, el hecho para el nuevo gobernador fue ignorado.<\/p>\n<p>Habi\u00e9ndose realizado una ceremonia en la Catedral de Xalapa, a solo unos cuantos pasos del palacio de gobierno, que est\u00e1 enfrente, Cuitl\u00e1huac no se dign\u00f3 ir a ofrecer sus condolencias a la c\u00fapula religiosa a nombre del pueblo veracruzano, que supuestamente representa, como tampoco emiti\u00f3 un bolet\u00edn de prensa o hizo alguna declaraci\u00f3n para lamentar el suceso. Como com\u00fanmente lo hace, simple y sencillamente le vali\u00f3.<\/p>\n<p>Y si no se solidariz\u00f3 en ese caso, trat\u00e1ndose de quien se trataba el personaje fallecido, menos lo hizo en otros casos de tragedia que enlut\u00f3 a familias veracruzanas.<\/p>\n<p>Por eso se tom\u00f3 bien la esquela que public\u00f3 el domingo la Gobernadora Electa, Roc\u00edo Nahle, con motivo de una tragedia ocurrida la noche del s\u00e1bado en Coatzacoalcos que enlut\u00f3 a siete familias, cuando igual n\u00famero de j\u00f3venes fallecieron ahogados al caer una camioneta al r\u00edo Calzadas. Roc\u00edo extendi\u00f3 sus condolencias a las familias en desgracia.<\/p>\n<p>Era obligado que lo hiciera, incluso porque eran sus paisanos los fallecidos, de Coatzacoalcos, su municipio adoptivo, pero tambi\u00e9n por lo que representa, por la fuerza moral que tiene su figura, para decirle a los dolientes que no est\u00e1n solos, que la parte del gobierno que ahora representa est\u00e1 con ellos.<\/p>\n<p>Cuitl\u00e1huac, fiel a su valemadrismo con los veracruzanos, de nuevo opt\u00f3 por el silencio.<\/p>\n<p>Que tan poco tiempo ha pasado desde el 2 de junio pero cu\u00e1nta diferencia se nota ya en la autoridad que viene.<\/p>\n","protected":false},"excerpt":{"rendered":"<p>Prosa Aprisa\/Por Arturo Reyes Isidoro. Las vueltas que da la vida, en pol\u00edtica. Coment\u00e9 en Prosa aprisa de ayer el viraje en la relaci\u00f3n del todav\u00eda senador y futuro l\u00edder de la bancada mayoritaria de Morena en la C\u00e1mara de Diputados, Ricardo Monreal, con el gobierno de Veracruz, concretamente con la Gobernadora Electa, Roc\u00edo Nahle. Zenyazen Escobar Garc\u00eda, de origen cuitlahuista, por decisi\u00f3n de Roc\u00edo ser\u00e1 el nuevo coordinador de la diputaci\u00f3n federal veracruzana. El exsecretario de Educaci\u00f3n estatal, como quiera que sea, no deja de ser un representante del&hellip;<\/p>\n","protected":false},"author":1,"featured_media":0,"comment_status":"open","ping_status":"closed","sticky":false,"template":"","format":"standard","meta":{"footnotes":""},"categories":[8,10],"tags":[112],"class_list":["post-108036","post","type-post","status-publish","format-standard","hentry","category-opinion","category-prosa-aprisa","tag-arturo-reyes-isidoro"],"jetpack-related-posts":[],"_links":{"self":[{"href":"https:\/\/www.noticiasperfil.com\/index\/wp-json\/wp\/v2\/posts\/108036","targetHints":{"allow":["GET"]}}],"collection":[{"href":"https:\/\/www.noticiasperfil.com\/index\/wp-json\/wp\/v2\/posts"}],"about":[{"href":"https:\/\/www.noticiasperfil.com\/index\/wp-json\/wp\/v2\/types\/post"}],"author":[{"embeddable":true,"href":"https:\/\/www.noticiasperfil.com\/index\/wp-json\/wp\/v2\/users\/1"}],"replies":[{"embeddable":true,"href":"https:\/\/www.noticiasperfil.com\/index\/wp-json\/wp\/v2\/comments?post=108036"}],"version-history":[{"count":1,"href":"https:\/\/www.noticiasperfil.com\/index\/wp-json\/wp\/v2\/posts\/108036\/revisions"}],"predecessor-version":[{"id":108037,"href":"https:\/\/www.noticiasperfil.com\/index\/wp-json\/wp\/v2\/posts\/108036\/revisions\/108037"}],"wp:attachment":[{"href":"https:\/\/www.noticiasperfil.com\/index\/wp-json\/wp\/v2\/media?parent=108036"}],"wp:term":[{"taxonomy":"category","embeddable":true,"href":"https:\/\/www.noticiasperfil.com\/index\/wp-json\/wp\/v2\/categories?post=108036"},{"taxonomy":"post_tag","embeddable":true,"href":"https:\/\/www.noticiasperfil.com\/index\/wp-json\/wp\/v2\/tags?post=108036"}],"curies":[{"name":"wp","href":"https:\/\/api.w.org\/{rel}","templated":true}]}}