{"id":108038,"date":"2024-07-16T18:59:56","date_gmt":"2024-07-16T23:59:56","guid":{"rendered":"https:\/\/www.noticiasperfil.com\/index\/?p=108038"},"modified":"2025-07-14T22:15:50","modified_gmt":"2025-07-15T03:15:50","slug":"que-den-la-cara-los-yunes-y-respondan-a-la-justicia-manuel-huerta","status":"publish","type":"post","link":"https:\/\/www.noticiasperfil.com\/index\/2024\/07\/16\/que-den-la-cara-los-yunes-y-respondan-a-la-justicia-manuel-huerta\/","title":{"rendered":"Que den la cara los Yunes y respondan a la justicia: Manuel Huerta"},"content":{"rendered":"<p><img loading=\"lazy\" decoding=\"async\" data-attachment-id=\"108039\" data-permalink=\"https:\/\/www.noticiasperfil.com\/index\/2024\/07\/16\/que-den-la-cara-los-yunes-y-respondan-a-la-justicia-manuel-huerta\/manuel-huerta-41\/\" data-orig-file=\"https:\/\/i0.wp.com\/www.noticiasperfil.com\/index\/wp-content\/uploads\/2024\/07\/manuel-huerta.jpg?fit=1280%2C1160&amp;ssl=1\" data-orig-size=\"1280,1160\" data-comments-opened=\"1\" data-image-meta=\"{&quot;aperture&quot;:&quot;0&quot;,&quot;credit&quot;:&quot;&quot;,&quot;camera&quot;:&quot;&quot;,&quot;caption&quot;:&quot;&quot;,&quot;created_timestamp&quot;:&quot;0&quot;,&quot;copyright&quot;:&quot;&quot;,&quot;focal_length&quot;:&quot;0&quot;,&quot;iso&quot;:&quot;0&quot;,&quot;shutter_speed&quot;:&quot;0&quot;,&quot;title&quot;:&quot;&quot;,&quot;orientation&quot;:&quot;0&quot;}\" data-image-title=\"manuel-huerta\" data-image-description=\"\" data-medium-file=\"https:\/\/i0.wp.com\/www.noticiasperfil.com\/index\/wp-content\/uploads\/2024\/07\/manuel-huerta.jpg?fit=660%2C365&amp;ssl=1\" data-large-file=\"https:\/\/i0.wp.com\/www.noticiasperfil.com\/index\/wp-content\/uploads\/2024\/07\/manuel-huerta.jpg?fit=640%2C366&amp;ssl=1\" class=\"aligncenter size-full wp-image-108039\" src=\"https:\/\/i0.wp.com\/www.noticiasperfil.com\/index\/wp-content\/uploads\/2024\/07\/manuel-huerta.jpg?resize=640%2C580&#038;ssl=1\" alt=\"\" width=\"640\" height=\"580\" data-recalc-dims=\"1\" \/><\/p>\n<p>Xalapa, Ver.- Ante las mentiras que Miguel \u00c1ngel Yunes M\u00e1rquez difunde en sus redes sociales, el Senador electo, Manuel Huerta lo llama a dar la cara a los veracruzanos que le dieron su voto y aclarar ante la justicia sus problemas legales.<\/p>\n<p>\u00abEst\u00e1 ocultando cosas que no tiene el valor de decirlas, porque el que nada debe, nada teme y veo como dice mentira tras mentira\u00bb, advierte Huerta.<\/p>\n<p>Insisti\u00f3 tambi\u00e9n en que Yunes M\u00e1rquez debe responder dando la cara al pueblo veracruzano y no esconderse en el extranjero pues finalmente la justicia lo va a alcanzar donde est\u00e9.<\/p>\n<p>Dijo que las declaraciones del panista en redes sociales solo evidenc\u00edan su miedo y rechaz\u00f3 que Morena est\u00e9 preocupado por su presencia en el Senado, pues consider\u00f3 que su voto en contra no afecta en nada ya que con \u00e9l o sin \u00e9l se tiene ya la mayor\u00eda calificada.<\/p>\n<p>\u00abNo necesitamos su voto en la reforma del Poder Judicial como \u00e9l argumenta y creo que s\u00ed cometi\u00f3 delito de fraude procesal, de falsedad ante la autoridad y uso de documentos falsos, as\u00ed que sea la autoridad la que resuelva que es lo \u00fanico que se quiere\u00bb, apunt\u00f3.<\/p>\n<p>Mencion\u00f3 que en caso de que la autoridad lo llame a cuentas antes de que rinda protesta como Senador ser\u00e1 Miguel \u00c1ngel Yunes Linares quien ocupe su lugar pues \u00e9l es el suplente y su voto seguramente ir\u00eda en el mismo sentido en la C\u00e1mara Alta.<\/p>\n<p>\u00abQue vaya su pap\u00e1 que siempre han estado juntos mal gobernando Veracruz y haciendo sus triqui\u00f1uelas mejor que den la cara y que enfrenten la autoridad\u00bb, asever\u00f3.<\/p>\n<p>Lament\u00f3 finalmente que las autoridades hayan tardado tanto en actuar contra Yunes M\u00e1rquez e incluso tambi\u00e9n contra Yunes Linares y es por eso que se ha insistido en la reforma del Poder Judicial y de toda la administraci\u00f3n de la justicia para acabar con estos casos de impunidad, abuso de poder, corrupci\u00f3n e incumplimiento del deber legal.<\/p>\n","protected":false},"excerpt":{"rendered":"<p>Xalapa, Ver.- Ante las mentiras que Miguel \u00c1ngel Yunes M\u00e1rquez difunde en sus redes sociales, el Senador electo, Manuel Huerta lo llama a dar la cara a los veracruzanos que le dieron su voto y aclarar ante la justicia sus problemas legales. \u00abEst\u00e1 ocultando cosas que no tiene el valor de decirlas, porque el que nada debe, nada teme y veo como dice mentira tras mentira\u00bb, advierte Huerta. Insisti\u00f3 tambi\u00e9n en que Yunes M\u00e1rquez debe responder dando la cara al pueblo veracruzano y no esconderse en el extranjero pues finalmente&hellip;<\/p>\n","protected":false},"author":1,"featured_media":108039,"comment_status":"open","ping_status":"closed","sticky":false,"template":"","format":"standard","meta":{"footnotes":""},"categories":[3,4],"tags":[10296,10625],"class_list":["post-108038","post","type-post","status-publish","format-standard","has-post-thumbnail","hentry","category-destacadas","category-estatal","tag-poder-judicial","tag-senador"],"jetpack-related-posts":[],"_links":{"self":[{"href":"https:\/\/www.noticiasperfil.com\/index\/wp-json\/wp\/v2\/posts\/108038","targetHints":{"allow":["GET"]}}],"collection":[{"href":"https:\/\/www.noticiasperfil.com\/index\/wp-json\/wp\/v2\/posts"}],"about":[{"href":"https:\/\/www.noticiasperfil.com\/index\/wp-json\/wp\/v2\/types\/post"}],"author":[{"embeddable":true,"href":"https:\/\/www.noticiasperfil.com\/index\/wp-json\/wp\/v2\/users\/1"}],"replies":[{"embeddable":true,"href":"https:\/\/www.noticiasperfil.com\/index\/wp-json\/wp\/v2\/comments?post=108038"}],"version-history":[{"count":1,"href":"https:\/\/www.noticiasperfil.com\/index\/wp-json\/wp\/v2\/posts\/108038\/revisions"}],"predecessor-version":[{"id":108040,"href":"https:\/\/www.noticiasperfil.com\/index\/wp-json\/wp\/v2\/posts\/108038\/revisions\/108040"}],"wp:featuredmedia":[{"embeddable":true,"href":"https:\/\/www.noticiasperfil.com\/index\/wp-json\/wp\/v2\/media\/108039"}],"wp:attachment":[{"href":"https:\/\/www.noticiasperfil.com\/index\/wp-json\/wp\/v2\/media?parent=108038"}],"wp:term":[{"taxonomy":"category","embeddable":true,"href":"https:\/\/www.noticiasperfil.com\/index\/wp-json\/wp\/v2\/categories?post=108038"},{"taxonomy":"post_tag","embeddable":true,"href":"https:\/\/www.noticiasperfil.com\/index\/wp-json\/wp\/v2\/tags?post=108038"}],"curies":[{"name":"wp","href":"https:\/\/api.w.org\/{rel}","templated":true}]}}