{"id":108044,"date":"2024-07-17T13:16:31","date_gmt":"2024-07-17T18:16:31","guid":{"rendered":"https:\/\/www.noticiasperfil.com\/index\/?p=108044"},"modified":"2024-07-17T13:16:31","modified_gmt":"2024-07-17T18:16:31","slug":"supervisa-cuitlahuac-garcia-instalaciones-del-nido-del-halcon","status":"publish","type":"post","link":"https:\/\/www.noticiasperfil.com\/index\/2024\/07\/17\/supervisa-cuitlahuac-garcia-instalaciones-del-nido-del-halcon\/","title":{"rendered":"Supervisa Cuitl\u00e1huac Garc\u00eda instalaciones del \u00abNido del Halc\u00f3n\u00bb"},"content":{"rendered":"<ul>\n<li><em><strong><img loading=\"lazy\" decoding=\"async\" data-attachment-id=\"108045\" data-permalink=\"https:\/\/www.noticiasperfil.com\/index\/2024\/07\/17\/supervisa-cuitlahuac-garcia-instalaciones-del-nido-del-halcon\/nido-del-hacon\/\" data-orig-file=\"https:\/\/i1.wp.com\/www.noticiasperfil.com\/index\/wp-content\/uploads\/2024\/07\/nido-del-hacon.jpg?fit=600%2C338&amp;ssl=1\" data-orig-size=\"600,338\" data-comments-opened=\"1\" data-image-meta=\"{&quot;aperture&quot;:&quot;0&quot;,&quot;credit&quot;:&quot;&quot;,&quot;camera&quot;:&quot;&quot;,&quot;caption&quot;:&quot;&quot;,&quot;created_timestamp&quot;:&quot;0&quot;,&quot;copyright&quot;:&quot;&quot;,&quot;focal_length&quot;:&quot;0&quot;,&quot;iso&quot;:&quot;0&quot;,&quot;shutter_speed&quot;:&quot;0&quot;,&quot;title&quot;:&quot;&quot;,&quot;orientation&quot;:&quot;0&quot;}\" data-image-title=\"nido-del-hacon\" data-image-description=\"\" data-medium-file=\"https:\/\/i1.wp.com\/www.noticiasperfil.com\/index\/wp-content\/uploads\/2024\/07\/nido-del-hacon.jpg?fit=600%2C338&amp;ssl=1\" data-large-file=\"https:\/\/i1.wp.com\/www.noticiasperfil.com\/index\/wp-content\/uploads\/2024\/07\/nido-del-hacon.jpg?fit=600%2C338&amp;ssl=1\" class=\"aligncenter size-full wp-image-108045\" src=\"https:\/\/i1.wp.com\/www.noticiasperfil.com\/index\/wp-content\/uploads\/2024\/07\/nido-del-hacon.jpg?resize=600%2C338&#038;ssl=1\" alt=\"\" width=\"600\" height=\"338\" data-recalc-dims=\"1\" \/>El inmueble tendr\u00e1 capacidad para 6 mil 200 espectadores en eventos deportivos y hasta 8 mil en conciertos.<\/strong><\/em><\/li>\n<\/ul>\n<p>Xalapa, Ver.- El gobernador del Estado de Veracruz, Cuitl\u00e1huac Garc\u00eda Jim\u00e9nez supervis\u00f3 el avance del complejo deportivo Nido Halc\u00f3n en la capital del estado.<\/p>\n<p>El inmueble tendr\u00e1 capacidad para 6 mil 200 espectadores en eventos deportivos y hasta 8 mil en conciertos y espect\u00e1culos, promoviendo el deporte, la salud y la reactivaci\u00f3n econ\u00f3mica.<\/p>\n<p>Este recinto es especialmente relevante al ser edificado por una empresa local, con ingenieros y arquitectos egresados de la Universidad Veracruzana, adem\u00e1s, su inversi\u00f3n no gener\u00f3 ninguna deuda.<\/p>\n","protected":false},"excerpt":{"rendered":"<p>El inmueble tendr\u00e1 capacidad para 6 mil 200 espectadores en eventos deportivos y hasta 8 mil en conciertos. Xalapa, Ver.- El gobernador del Estado de Veracruz, Cuitl\u00e1huac Garc\u00eda Jim\u00e9nez supervis\u00f3 el avance del complejo deportivo Nido Halc\u00f3n en la capital del estado. El inmueble tendr\u00e1 capacidad para 6 mil 200 espectadores en eventos deportivos y hasta 8 mil en conciertos y espect\u00e1culos, promoviendo el deporte, la salud y la reactivaci\u00f3n econ\u00f3mica. Este recinto es especialmente relevante al ser edificado por una empresa local, con ingenieros y arquitectos egresados de la&hellip;<\/p>\n","protected":false},"author":1,"featured_media":108045,"comment_status":"open","ping_status":"closed","sticky":false,"template":"","format":"standard","meta":{"footnotes":""},"categories":[3,4],"tags":[339,10487],"class_list":["post-108044","post","type-post","status-publish","format-standard","has-post-thumbnail","hentry","category-destacadas","category-estatal","tag-cuitlahuac-garcia-jimenez","tag-nido-del-halcon"],"jetpack-related-posts":[],"_links":{"self":[{"href":"https:\/\/www.noticiasperfil.com\/index\/wp-json\/wp\/v2\/posts\/108044","targetHints":{"allow":["GET"]}}],"collection":[{"href":"https:\/\/www.noticiasperfil.com\/index\/wp-json\/wp\/v2\/posts"}],"about":[{"href":"https:\/\/www.noticiasperfil.com\/index\/wp-json\/wp\/v2\/types\/post"}],"author":[{"embeddable":true,"href":"https:\/\/www.noticiasperfil.com\/index\/wp-json\/wp\/v2\/users\/1"}],"replies":[{"embeddable":true,"href":"https:\/\/www.noticiasperfil.com\/index\/wp-json\/wp\/v2\/comments?post=108044"}],"version-history":[{"count":1,"href":"https:\/\/www.noticiasperfil.com\/index\/wp-json\/wp\/v2\/posts\/108044\/revisions"}],"predecessor-version":[{"id":108046,"href":"https:\/\/www.noticiasperfil.com\/index\/wp-json\/wp\/v2\/posts\/108044\/revisions\/108046"}],"wp:featuredmedia":[{"embeddable":true,"href":"https:\/\/www.noticiasperfil.com\/index\/wp-json\/wp\/v2\/media\/108045"}],"wp:attachment":[{"href":"https:\/\/www.noticiasperfil.com\/index\/wp-json\/wp\/v2\/media?parent=108044"}],"wp:term":[{"taxonomy":"category","embeddable":true,"href":"https:\/\/www.noticiasperfil.com\/index\/wp-json\/wp\/v2\/categories?post=108044"},{"taxonomy":"post_tag","embeddable":true,"href":"https:\/\/www.noticiasperfil.com\/index\/wp-json\/wp\/v2\/tags?post=108044"}],"curies":[{"name":"wp","href":"https:\/\/api.w.org\/{rel}","templated":true}]}}