{"id":108074,"date":"2024-07-18T18:59:28","date_gmt":"2024-07-18T23:59:28","guid":{"rendered":"https:\/\/www.noticiasperfil.com\/index\/?p=108074"},"modified":"2024-07-18T18:59:28","modified_gmt":"2024-07-18T23:59:28","slug":"gobierno-municipal-de-san-andres-tuxtla-resuelve-conflicto-en-comoapan-y-se-disuelve-bloqueo","status":"publish","type":"post","link":"https:\/\/www.noticiasperfil.com\/index\/2024\/07\/18\/gobierno-municipal-de-san-andres-tuxtla-resuelve-conflicto-en-comoapan-y-se-disuelve-bloqueo\/","title":{"rendered":"Gobierno Municipal de San Andr\u00e9s Tuxtla resuelve conflicto en Comoapan y se disuelve bloqueo"},"content":{"rendered":"<p><img loading=\"lazy\" decoding=\"async\" data-attachment-id=\"108075\" data-permalink=\"https:\/\/www.noticiasperfil.com\/index\/2024\/07\/18\/gobierno-municipal-de-san-andres-tuxtla-resuelve-conflicto-en-comoapan-y-se-disuelve-bloqueo\/comoapan-01\/\" data-orig-file=\"https:\/\/i0.wp.com\/www.noticiasperfil.com\/index\/wp-content\/uploads\/2024\/07\/comoapan-01.jpg?fit=1385%2C640&amp;ssl=1\" data-orig-size=\"1385,640\" data-comments-opened=\"1\" data-image-meta=\"{&quot;aperture&quot;:&quot;0&quot;,&quot;credit&quot;:&quot;&quot;,&quot;camera&quot;:&quot;&quot;,&quot;caption&quot;:&quot;&quot;,&quot;created_timestamp&quot;:&quot;0&quot;,&quot;copyright&quot;:&quot;&quot;,&quot;focal_length&quot;:&quot;0&quot;,&quot;iso&quot;:&quot;0&quot;,&quot;shutter_speed&quot;:&quot;0&quot;,&quot;title&quot;:&quot;&quot;,&quot;orientation&quot;:&quot;0&quot;}\" data-image-title=\"comoapan-01\" data-image-description=\"\" data-medium-file=\"https:\/\/i0.wp.com\/www.noticiasperfil.com\/index\/wp-content\/uploads\/2024\/07\/comoapan-01.jpg?fit=660%2C365&amp;ssl=1\" data-large-file=\"https:\/\/i0.wp.com\/www.noticiasperfil.com\/index\/wp-content\/uploads\/2024\/07\/comoapan-01.jpg?fit=640%2C366&amp;ssl=1\" class=\"aligncenter size-full wp-image-108075\" src=\"https:\/\/i0.wp.com\/www.noticiasperfil.com\/index\/wp-content\/uploads\/2024\/07\/comoapan-01.jpg?resize=640%2C296&#038;ssl=1\" alt=\"\" width=\"640\" height=\"296\" srcset=\"https:\/\/i0.wp.com\/www.noticiasperfil.com\/index\/wp-content\/uploads\/2024\/07\/comoapan-01.jpg?w=1385&amp;ssl=1 1385w, https:\/\/i0.wp.com\/www.noticiasperfil.com\/index\/wp-content\/uploads\/2024\/07\/comoapan-01.jpg?w=1280&amp;ssl=1 1280w\" sizes=\"auto, (max-width: 640px) 100vw, 640px\" data-recalc-dims=\"1\" \/><\/p>\n<ul>\n<li><em><strong>Un cambio de fecha en la entrega de apoyos habr\u00eda causado malentendido. Agente Municipal agradece y se disculpa con la alcaldesa por las acciones derivadas de su inconformidad.<\/strong><\/em><\/li>\n<\/ul>\n<p>San Andr\u00e9s Tuxtla, Ver.- Dando respuesta de manera oportuna a la inconformidad de pobladores de Villa Comoapan, este jueves la alcaldesa de San Andr\u00e9s Tuxtla, la Dra. Mar\u00eda Elena Solana Calzada, a trav\u00e9s de la Direcci\u00f3n de Gobernaci\u00f3n a cargo de Mario Aguirre Col\u00edn, tendi\u00f3 puentes hacia el di\u00e1logo para disolver el bloqueo carretera que en protesta manten\u00edan habitantes de esta comunidad.<\/p>\n<p><img loading=\"lazy\" decoding=\"async\" data-attachment-id=\"108076\" data-permalink=\"https:\/\/www.noticiasperfil.com\/index\/2024\/07\/18\/gobierno-municipal-de-san-andres-tuxtla-resuelve-conflicto-en-comoapan-y-se-disuelve-bloqueo\/comoapan-02\/\" data-orig-file=\"https:\/\/i1.wp.com\/www.noticiasperfil.com\/index\/wp-content\/uploads\/2024\/07\/comoapan-02.jpg?fit=1385%2C640&amp;ssl=1\" data-orig-size=\"1385,640\" data-comments-opened=\"1\" data-image-meta=\"{&quot;aperture&quot;:&quot;0&quot;,&quot;credit&quot;:&quot;&quot;,&quot;camera&quot;:&quot;&quot;,&quot;caption&quot;:&quot;&quot;,&quot;created_timestamp&quot;:&quot;0&quot;,&quot;copyright&quot;:&quot;&quot;,&quot;focal_length&quot;:&quot;0&quot;,&quot;iso&quot;:&quot;0&quot;,&quot;shutter_speed&quot;:&quot;0&quot;,&quot;title&quot;:&quot;&quot;,&quot;orientation&quot;:&quot;0&quot;}\" data-image-title=\"comoapan-02\" data-image-description=\"\" data-medium-file=\"https:\/\/i1.wp.com\/www.noticiasperfil.com\/index\/wp-content\/uploads\/2024\/07\/comoapan-02.jpg?fit=660%2C365&amp;ssl=1\" data-large-file=\"https:\/\/i1.wp.com\/www.noticiasperfil.com\/index\/wp-content\/uploads\/2024\/07\/comoapan-02.jpg?fit=640%2C366&amp;ssl=1\" class=\"aligncenter size-full wp-image-108076\" src=\"https:\/\/i1.wp.com\/www.noticiasperfil.com\/index\/wp-content\/uploads\/2024\/07\/comoapan-02.jpg?resize=640%2C296&#038;ssl=1\" alt=\"\" width=\"640\" height=\"296\" srcset=\"https:\/\/i1.wp.com\/www.noticiasperfil.com\/index\/wp-content\/uploads\/2024\/07\/comoapan-02.jpg?w=1385&amp;ssl=1 1385w, https:\/\/i1.wp.com\/www.noticiasperfil.com\/index\/wp-content\/uploads\/2024\/07\/comoapan-02.jpg?w=1280&amp;ssl=1 1280w\" sizes=\"auto, (max-width: 640px) 100vw, 640px\" data-recalc-dims=\"1\" \/><\/p>\n<p>Un cambio de fechas en la agenda de entregas del programa de apoyos alimentarios, ocasionar\u00eda el descontento de habitantes de la comunidad, generando la protesta que mantuvo bloqueada de manera temporal la carretera estatal que va de Comoapan hasta Salto de Eyipantla.<\/p>\n<p><img loading=\"lazy\" decoding=\"async\" data-attachment-id=\"108077\" data-permalink=\"https:\/\/www.noticiasperfil.com\/index\/2024\/07\/18\/gobierno-municipal-de-san-andres-tuxtla-resuelve-conflicto-en-comoapan-y-se-disuelve-bloqueo\/comoapan-03\/\" data-orig-file=\"https:\/\/i0.wp.com\/www.noticiasperfil.com\/index\/wp-content\/uploads\/2024\/07\/comoapan-03.jpg?fit=1385%2C640&amp;ssl=1\" data-orig-size=\"1385,640\" data-comments-opened=\"1\" data-image-meta=\"{&quot;aperture&quot;:&quot;0&quot;,&quot;credit&quot;:&quot;&quot;,&quot;camera&quot;:&quot;&quot;,&quot;caption&quot;:&quot;&quot;,&quot;created_timestamp&quot;:&quot;0&quot;,&quot;copyright&quot;:&quot;&quot;,&quot;focal_length&quot;:&quot;0&quot;,&quot;iso&quot;:&quot;0&quot;,&quot;shutter_speed&quot;:&quot;0&quot;,&quot;title&quot;:&quot;&quot;,&quot;orientation&quot;:&quot;0&quot;}\" data-image-title=\"comoapan-03\" data-image-description=\"\" data-medium-file=\"https:\/\/i0.wp.com\/www.noticiasperfil.com\/index\/wp-content\/uploads\/2024\/07\/comoapan-03.jpg?fit=660%2C365&amp;ssl=1\" data-large-file=\"https:\/\/i0.wp.com\/www.noticiasperfil.com\/index\/wp-content\/uploads\/2024\/07\/comoapan-03.jpg?fit=640%2C366&amp;ssl=1\" class=\"aligncenter size-full wp-image-108077\" src=\"https:\/\/i0.wp.com\/www.noticiasperfil.com\/index\/wp-content\/uploads\/2024\/07\/comoapan-03.jpg?resize=640%2C296&#038;ssl=1\" alt=\"\" width=\"640\" height=\"296\" srcset=\"https:\/\/i0.wp.com\/www.noticiasperfil.com\/index\/wp-content\/uploads\/2024\/07\/comoapan-03.jpg?w=1385&amp;ssl=1 1385w, https:\/\/i0.wp.com\/www.noticiasperfil.com\/index\/wp-content\/uploads\/2024\/07\/comoapan-03.jpg?w=1280&amp;ssl=1 1280w\" sizes=\"auto, (max-width: 640px) 100vw, 640px\" data-recalc-dims=\"1\" \/><\/p>\n<p>No obstante, las autoridades municipales mediaron privilegiando el di\u00e1logo, consiguiendo que el bloqueo se disolviera para realizar la entrega tal como se acord\u00f3, y al mismo tiempo reagendar la dotaci\u00f3n de paquetes alimentarios en Villa Comoapan, estableciendo entregas por zonas, tal como lo confirm\u00f3 el agente municipal, V\u00edctor Maldonado Rodr\u00edguez, quien adem\u00e1s agradeci\u00f3 a la autoridad municipal y se disculp\u00f3 por sus declaraciones en redes sociales, realizadas previas al di\u00e1logo.<\/p>\n<p>&nbsp;<\/p>\n<p>V\u00edctor Maldonado Rodr\u00edguez tambi\u00e9n expres\u00f3 su agradecimiento al ingeniero Felipe Rubio Solana por incluir a Comoapan dentro del programa de apoyos alimentarios y reiter\u00f3 su disposici\u00f3n a seguir trabajando de manera conjunta con el gobierno municipal para conseguir bienestar y desarrollo para la Villa de Comoapan.<\/p>\n<p><img loading=\"lazy\" decoding=\"async\" data-attachment-id=\"108078\" data-permalink=\"https:\/\/www.noticiasperfil.com\/index\/2024\/07\/18\/gobierno-municipal-de-san-andres-tuxtla-resuelve-conflicto-en-comoapan-y-se-disuelve-bloqueo\/comoapan-05\/\" data-orig-file=\"https:\/\/i0.wp.com\/www.noticiasperfil.com\/index\/wp-content\/uploads\/2024\/07\/comoapan-05.jpg?fit=1385%2C640&amp;ssl=1\" data-orig-size=\"1385,640\" data-comments-opened=\"1\" data-image-meta=\"{&quot;aperture&quot;:&quot;0&quot;,&quot;credit&quot;:&quot;&quot;,&quot;camera&quot;:&quot;&quot;,&quot;caption&quot;:&quot;&quot;,&quot;created_timestamp&quot;:&quot;0&quot;,&quot;copyright&quot;:&quot;&quot;,&quot;focal_length&quot;:&quot;0&quot;,&quot;iso&quot;:&quot;0&quot;,&quot;shutter_speed&quot;:&quot;0&quot;,&quot;title&quot;:&quot;&quot;,&quot;orientation&quot;:&quot;0&quot;}\" data-image-title=\"comoapan-05\" data-image-description=\"\" data-medium-file=\"https:\/\/i0.wp.com\/www.noticiasperfil.com\/index\/wp-content\/uploads\/2024\/07\/comoapan-05.jpg?fit=660%2C365&amp;ssl=1\" data-large-file=\"https:\/\/i0.wp.com\/www.noticiasperfil.com\/index\/wp-content\/uploads\/2024\/07\/comoapan-05.jpg?fit=640%2C366&amp;ssl=1\" class=\"aligncenter size-full wp-image-108078\" src=\"https:\/\/i0.wp.com\/www.noticiasperfil.com\/index\/wp-content\/uploads\/2024\/07\/comoapan-05.jpg?resize=640%2C296&#038;ssl=1\" alt=\"\" width=\"640\" height=\"296\" srcset=\"https:\/\/i0.wp.com\/www.noticiasperfil.com\/index\/wp-content\/uploads\/2024\/07\/comoapan-05.jpg?w=1385&amp;ssl=1 1385w, https:\/\/i0.wp.com\/www.noticiasperfil.com\/index\/wp-content\/uploads\/2024\/07\/comoapan-05.jpg?w=1280&amp;ssl=1 1280w\" sizes=\"auto, (max-width: 640px) 100vw, 640px\" data-recalc-dims=\"1\" \/><\/p>\n<p>Finalmente qued\u00f3 aclarado el malentendido y se procedi\u00f3 a la entrega de despensas de este programa municipal coordinado por el DIF Municipal y respaldado por el gobierno que preside la doctora Mar\u00eda Elena Solana Calzada.<\/p>\n","protected":false},"excerpt":{"rendered":"<p>Un cambio de fecha en la entrega de apoyos habr\u00eda causado malentendido. Agente Municipal agradece y se disculpa con la alcaldesa por las acciones derivadas de su inconformidad. San Andr\u00e9s Tuxtla, Ver.- Dando respuesta de manera oportuna a la inconformidad de pobladores de Villa Comoapan, este jueves la alcaldesa de San Andr\u00e9s Tuxtla, la Dra. Mar\u00eda Elena Solana Calzada, a trav\u00e9s de la Direcci\u00f3n de Gobernaci\u00f3n a cargo de Mario Aguirre Col\u00edn, tendi\u00f3 puentes hacia el di\u00e1logo para disolver el bloqueo carretera que en protesta manten\u00edan habitantes de esta comunidad.&hellip;<\/p>\n","protected":false},"author":1,"featured_media":108075,"comment_status":"open","ping_status":"closed","sticky":false,"template":"","format":"standard","meta":{"footnotes":""},"categories":[3,12],"tags":[7966],"class_list":["post-108074","post","type-post","status-publish","format-standard","has-post-thumbnail","hentry","category-destacadas","category-san-andres-tuxtla","tag-maria-elena-solana-calzada"],"jetpack-related-posts":[],"_links":{"self":[{"href":"https:\/\/www.noticiasperfil.com\/index\/wp-json\/wp\/v2\/posts\/108074","targetHints":{"allow":["GET"]}}],"collection":[{"href":"https:\/\/www.noticiasperfil.com\/index\/wp-json\/wp\/v2\/posts"}],"about":[{"href":"https:\/\/www.noticiasperfil.com\/index\/wp-json\/wp\/v2\/types\/post"}],"author":[{"embeddable":true,"href":"https:\/\/www.noticiasperfil.com\/index\/wp-json\/wp\/v2\/users\/1"}],"replies":[{"embeddable":true,"href":"https:\/\/www.noticiasperfil.com\/index\/wp-json\/wp\/v2\/comments?post=108074"}],"version-history":[{"count":1,"href":"https:\/\/www.noticiasperfil.com\/index\/wp-json\/wp\/v2\/posts\/108074\/revisions"}],"predecessor-version":[{"id":108080,"href":"https:\/\/www.noticiasperfil.com\/index\/wp-json\/wp\/v2\/posts\/108074\/revisions\/108080"}],"wp:featuredmedia":[{"embeddable":true,"href":"https:\/\/www.noticiasperfil.com\/index\/wp-json\/wp\/v2\/media\/108075"}],"wp:attachment":[{"href":"https:\/\/www.noticiasperfil.com\/index\/wp-json\/wp\/v2\/media?parent=108074"}],"wp:term":[{"taxonomy":"category","embeddable":true,"href":"https:\/\/www.noticiasperfil.com\/index\/wp-json\/wp\/v2\/categories?post=108074"},{"taxonomy":"post_tag","embeddable":true,"href":"https:\/\/www.noticiasperfil.com\/index\/wp-json\/wp\/v2\/tags?post=108074"}],"curies":[{"name":"wp","href":"https:\/\/api.w.org\/{rel}","templated":true}]}}