{"id":108087,"date":"2024-07-19T17:00:39","date_gmt":"2024-07-19T22:00:39","guid":{"rendered":"https:\/\/www.noticiasperfil.com\/index\/?p=108087"},"modified":"2024-07-19T17:00:39","modified_gmt":"2024-07-19T22:00:39","slug":"lluvias-para-segunda-quincena-de-agosto-y-primera-de-septiembre-seran-las-mas-criticos-conagua","status":"publish","type":"post","link":"https:\/\/www.noticiasperfil.com\/index\/2024\/07\/19\/lluvias-para-segunda-quincena-de-agosto-y-primera-de-septiembre-seran-las-mas-criticos-conagua\/","title":{"rendered":"Lluvias para segunda quincena de agosto y primera de septiembre ser\u00e1n las m\u00e1s cr\u00edticos: CONAGUA"},"content":{"rendered":"<p><img loading=\"lazy\" decoding=\"async\" data-attachment-id=\"108088\" data-permalink=\"https:\/\/www.noticiasperfil.com\/index\/2024\/07\/19\/lluvias-para-segunda-quincena-de-agosto-y-primera-de-septiembre-seran-las-mas-criticos-conagua\/conagua\/\" data-orig-file=\"https:\/\/i2.wp.com\/www.noticiasperfil.com\/index\/wp-content\/uploads\/2024\/07\/conagua.jpg?fit=2048%2C1365&amp;ssl=1\" data-orig-size=\"2048,1365\" data-comments-opened=\"1\" data-image-meta=\"{&quot;aperture&quot;:&quot;0&quot;,&quot;credit&quot;:&quot;&quot;,&quot;camera&quot;:&quot;&quot;,&quot;caption&quot;:&quot;&quot;,&quot;created_timestamp&quot;:&quot;0&quot;,&quot;copyright&quot;:&quot;&quot;,&quot;focal_length&quot;:&quot;0&quot;,&quot;iso&quot;:&quot;0&quot;,&quot;shutter_speed&quot;:&quot;0&quot;,&quot;title&quot;:&quot;&quot;,&quot;orientation&quot;:&quot;0&quot;}\" data-image-title=\"conagua\" data-image-description=\"\" data-medium-file=\"https:\/\/i2.wp.com\/www.noticiasperfil.com\/index\/wp-content\/uploads\/2024\/07\/conagua.jpg?fit=660%2C365&amp;ssl=1\" data-large-file=\"https:\/\/i2.wp.com\/www.noticiasperfil.com\/index\/wp-content\/uploads\/2024\/07\/conagua.jpg?fit=640%2C366&amp;ssl=1\" class=\"aligncenter size-full wp-image-108088\" src=\"https:\/\/i2.wp.com\/www.noticiasperfil.com\/index\/wp-content\/uploads\/2024\/07\/conagua.jpg?resize=640%2C427&#038;ssl=1\" alt=\"\" width=\"640\" height=\"427\" srcset=\"https:\/\/i2.wp.com\/www.noticiasperfil.com\/index\/wp-content\/uploads\/2024\/07\/conagua.jpg?w=2048&amp;ssl=1 2048w, https:\/\/i2.wp.com\/www.noticiasperfil.com\/index\/wp-content\/uploads\/2024\/07\/conagua.jpg?resize=1536%2C1024&amp;ssl=1 1536w, https:\/\/i2.wp.com\/www.noticiasperfil.com\/index\/wp-content\/uploads\/2024\/07\/conagua.jpg?w=1280&amp;ssl=1 1280w, https:\/\/i2.wp.com\/www.noticiasperfil.com\/index\/wp-content\/uploads\/2024\/07\/conagua.jpg?w=1920&amp;ssl=1 1920w\" sizes=\"auto, (max-width: 640px) 100vw, 640px\" data-recalc-dims=\"1\" \/><\/p>\n<ul>\n<li><em><strong>Adem\u00e1s, prev\u00e9n 23 ciclones tropicales en el Atl\u00e1ntico.<\/strong><\/em><\/li>\n<\/ul>\n<p>XALAPA, VER.- La Jefa del departamento de meteorolog\u00eda de la Comisi\u00f3n Nacional del Agua (CONAGUA), Jessica Luna Lagunes, dio a conocer que seguir\u00e1n las lluvias en los pr\u00f3ximos tres meses es decir, julio, agosto y septiembre.<br \/>\n\u00abNos indican que ser\u00e1n m\u00e1s de lo normal en lo que resta de julio, como el paso de la onda tropical n\u00famero 12 este fin de semana, y en los meses de agosto y septiembre, todo esto se debe al paso de las tormentas tropicales y las vaguadas que van a provocar que sigan las precipitaciones.\u00bb<\/p>\n<p>Las lluvias m\u00e1s copiosas se registrar\u00e1n a partir de la segunda quincena de agosto y la primera quincena de septiembre, de ah\u00ed que \u201cvamos todav\u00eda hacia los meses m\u00e1s cr\u00edticos\u201d.<\/p>\n<p>En cuanto al pron\u00f3stico de lluvias, el trimestre julio, agosto, septiembre se est\u00e1 observando que la precipitaci\u00f3n estar\u00e1 por arriba de lo normal, con m\u00e1s lluvias que lo normal para el trimestre.<\/p>\n<p>\u201cIncluso julio, seg\u00fan las estad\u00edsticas, ya tiene lluvias por arriba de lo normal y todo esto se debe al paso de ondas tropicales, a lo que fue la tormenta tropical \u2018Chris\u2019, que ocasion\u00f3 lluvias intensas y en esta segunda quincena de julio vamos a tener este fin de semana el paso de la Onda Tropical n\u00famero 12 y posteriormente se ven vaguadas que van a estar permitiendo que contin\u00faen las precipitaciones\u201d, pronostic\u00f3.<\/p>\n<p>Se esperan 23 ciclones tropicales entre agosto y octubre y no habr\u00e1 can\u00edcula este a\u00f1o.<\/p>\n<p>La canicula es un fen\u00f3meno clim\u00e1tico que se presenta durante la \u00faltima quincena de julio y dura 40 d\u00edas aproximadamente en M\u00e9xico.<\/p>\n<p>Se caracteriza por ser un periodo de aumento de la temperatura debido a un calentamiento excesivo del aire, cielos despejados y baja precipitaci\u00f3n.<\/p>\n","protected":false},"excerpt":{"rendered":"<p>Adem\u00e1s, prev\u00e9n 23 ciclones tropicales en el Atl\u00e1ntico. XALAPA, VER.- La Jefa del departamento de meteorolog\u00eda de la Comisi\u00f3n Nacional del Agua (CONAGUA), Jessica Luna Lagunes, dio a conocer que seguir\u00e1n las lluvias en los pr\u00f3ximos tres meses es decir, julio, agosto y septiembre. \u00abNos indican que ser\u00e1n m\u00e1s de lo normal en lo que resta de julio, como el paso de la onda tropical n\u00famero 12 este fin de semana, y en los meses de agosto y septiembre, todo esto se debe al paso de las tormentas tropicales y&hellip;<\/p>\n","protected":false},"author":1,"featured_media":108088,"comment_status":"open","ping_status":"closed","sticky":false,"template":"","format":"standard","meta":{"footnotes":""},"categories":[1],"tags":[],"class_list":["post-108087","post","type-post","status-publish","format-standard","has-post-thumbnail","hentry","category-uncategorized"],"jetpack-related-posts":[],"_links":{"self":[{"href":"https:\/\/www.noticiasperfil.com\/index\/wp-json\/wp\/v2\/posts\/108087","targetHints":{"allow":["GET"]}}],"collection":[{"href":"https:\/\/www.noticiasperfil.com\/index\/wp-json\/wp\/v2\/posts"}],"about":[{"href":"https:\/\/www.noticiasperfil.com\/index\/wp-json\/wp\/v2\/types\/post"}],"author":[{"embeddable":true,"href":"https:\/\/www.noticiasperfil.com\/index\/wp-json\/wp\/v2\/users\/1"}],"replies":[{"embeddable":true,"href":"https:\/\/www.noticiasperfil.com\/index\/wp-json\/wp\/v2\/comments?post=108087"}],"version-history":[{"count":1,"href":"https:\/\/www.noticiasperfil.com\/index\/wp-json\/wp\/v2\/posts\/108087\/revisions"}],"predecessor-version":[{"id":108089,"href":"https:\/\/www.noticiasperfil.com\/index\/wp-json\/wp\/v2\/posts\/108087\/revisions\/108089"}],"wp:featuredmedia":[{"embeddable":true,"href":"https:\/\/www.noticiasperfil.com\/index\/wp-json\/wp\/v2\/media\/108088"}],"wp:attachment":[{"href":"https:\/\/www.noticiasperfil.com\/index\/wp-json\/wp\/v2\/media?parent=108087"}],"wp:term":[{"taxonomy":"category","embeddable":true,"href":"https:\/\/www.noticiasperfil.com\/index\/wp-json\/wp\/v2\/categories?post=108087"},{"taxonomy":"post_tag","embeddable":true,"href":"https:\/\/www.noticiasperfil.com\/index\/wp-json\/wp\/v2\/tags?post=108087"}],"curies":[{"name":"wp","href":"https:\/\/api.w.org\/{rel}","templated":true}]}}