{"id":108095,"date":"2024-07-22T21:08:35","date_gmt":"2024-07-23T02:08:35","guid":{"rendered":"https:\/\/www.noticiasperfil.com\/index\/?p=108095"},"modified":"2024-07-22T21:08:35","modified_gmt":"2024-07-23T02:08:35","slug":"playas-de-san-andres-aptas-para-el-turismo-confirman-autoridades-ya-no-hay-riesgo-sanitario-por-eventos-meteorologicos","status":"publish","type":"post","link":"https:\/\/www.noticiasperfil.com\/index\/2024\/07\/22\/playas-de-san-andres-aptas-para-el-turismo-confirman-autoridades-ya-no-hay-riesgo-sanitario-por-eventos-meteorologicos\/","title":{"rendered":"Playas de San Andr\u00e9s aptas para el turismo: Confirman autoridades, ya no hay riesgo sanitario por eventos meteorol\u00f3gicos"},"content":{"rendered":"<p><img loading=\"lazy\" decoding=\"async\" data-attachment-id=\"108096\" data-permalink=\"https:\/\/www.noticiasperfil.com\/index\/2024\/07\/22\/playas-de-san-andres-aptas-para-el-turismo-confirman-autoridades-ya-no-hay-riesgo-sanitario-por-eventos-meteorologicos\/solana-mesa-01\/\" data-orig-file=\"https:\/\/i2.wp.com\/www.noticiasperfil.com\/index\/wp-content\/uploads\/2024\/07\/solana-mesa-01.jpg?fit=960%2C640&amp;ssl=1\" data-orig-size=\"960,640\" data-comments-opened=\"1\" data-image-meta=\"{&quot;aperture&quot;:&quot;0&quot;,&quot;credit&quot;:&quot;&quot;,&quot;camera&quot;:&quot;&quot;,&quot;caption&quot;:&quot;&quot;,&quot;created_timestamp&quot;:&quot;0&quot;,&quot;copyright&quot;:&quot;&quot;,&quot;focal_length&quot;:&quot;0&quot;,&quot;iso&quot;:&quot;0&quot;,&quot;shutter_speed&quot;:&quot;0&quot;,&quot;title&quot;:&quot;&quot;,&quot;orientation&quot;:&quot;0&quot;}\" data-image-title=\"solana-mesa-01\" data-image-description=\"\" data-medium-file=\"https:\/\/i2.wp.com\/www.noticiasperfil.com\/index\/wp-content\/uploads\/2024\/07\/solana-mesa-01.jpg?fit=660%2C365&amp;ssl=1\" data-large-file=\"https:\/\/i2.wp.com\/www.noticiasperfil.com\/index\/wp-content\/uploads\/2024\/07\/solana-mesa-01.jpg?fit=640%2C366&amp;ssl=1\" class=\"aligncenter size-full wp-image-108096\" src=\"https:\/\/i2.wp.com\/www.noticiasperfil.com\/index\/wp-content\/uploads\/2024\/07\/solana-mesa-01.jpg?resize=640%2C427&#038;ssl=1\" alt=\"\" width=\"640\" height=\"427\" data-recalc-dims=\"1\" \/><\/p>\n<p><em><strong>\u2022 En mesa de trabajo exponen que pasados los eventos de la tormenta tropical Alberto, el hurac\u00e1n Beryl y las ondas tropicales recientes, las corrientes han dejado de arrastrar residuos haciendo seguras las aguas de la costa sanandrescana.<\/strong><\/em><\/p>\n<p>San Andr\u00e9s Tuxtla, Ver.- Despu\u00e9s de que el paso del hurac\u00e1n Beryl y las m\u00e1s recientes ondas tropicales, provocaran arrastre residual a las corrientes de las costas sanandrescanas y ocasionaran que se catalogaran como no aptas para el turismo, las autoridades municipales se han vuelto a reunir para el revisar el an\u00e1lisis m\u00e1s reciente a las playas se\u00f1aladas, encontrando la disminuci\u00f3n de los agentes contaminantes, por lo que nuevamente se puede considerar que el municipio cuenta con todas su playas aptas para el turismo durante la temporada de verano, as\u00ed se confirm\u00f3 en la reuni\u00f3n convocada por la Presidenta Municipal de San Andr\u00e9s Tuxtla, la doctora Mar\u00eda Elena Solana Calzada.<\/p>\n<p><img loading=\"lazy\" decoding=\"async\" data-attachment-id=\"108097\" data-permalink=\"https:\/\/www.noticiasperfil.com\/index\/2024\/07\/22\/playas-de-san-andres-aptas-para-el-turismo-confirman-autoridades-ya-no-hay-riesgo-sanitario-por-eventos-meteorologicos\/solana-mesa-02\/\" data-orig-file=\"https:\/\/i2.wp.com\/www.noticiasperfil.com\/index\/wp-content\/uploads\/2024\/07\/solana-mesa-02.jpg?fit=960%2C640&amp;ssl=1\" data-orig-size=\"960,640\" data-comments-opened=\"1\" data-image-meta=\"{&quot;aperture&quot;:&quot;0&quot;,&quot;credit&quot;:&quot;&quot;,&quot;camera&quot;:&quot;&quot;,&quot;caption&quot;:&quot;&quot;,&quot;created_timestamp&quot;:&quot;0&quot;,&quot;copyright&quot;:&quot;&quot;,&quot;focal_length&quot;:&quot;0&quot;,&quot;iso&quot;:&quot;0&quot;,&quot;shutter_speed&quot;:&quot;0&quot;,&quot;title&quot;:&quot;&quot;,&quot;orientation&quot;:&quot;0&quot;}\" data-image-title=\"solana-mesa-02\" data-image-description=\"\" data-medium-file=\"https:\/\/i2.wp.com\/www.noticiasperfil.com\/index\/wp-content\/uploads\/2024\/07\/solana-mesa-02.jpg?fit=660%2C365&amp;ssl=1\" data-large-file=\"https:\/\/i2.wp.com\/www.noticiasperfil.com\/index\/wp-content\/uploads\/2024\/07\/solana-mesa-02.jpg?fit=640%2C366&amp;ssl=1\" class=\"aligncenter size-full wp-image-108097\" src=\"https:\/\/i2.wp.com\/www.noticiasperfil.com\/index\/wp-content\/uploads\/2024\/07\/solana-mesa-02.jpg?resize=640%2C427&#038;ssl=1\" alt=\"\" width=\"640\" height=\"427\" data-recalc-dims=\"1\" \/><\/p>\n<p>La mesa de trabajo estuvo conformada por la alcaldesa Mar\u00eda Elena solana Calzada, el regidor cuarto Edgar Antemate Caixba, el ingeniero Josu\u00e9 Ceja Espejo, director de Protecci\u00f3n Civil Municipal, Ram\u00f3n C\u00e1rdenas Cagal, director de Catastro Municipal, Mario Aguirre Col\u00edn, director municipal de Gobernaci\u00f3n, Nicol\u00e1s Castro Toto, director de Desarrollo Urbano, Edwin Alberto Sosa Lua, Director de Limpia P\u00fablica, Manuel Salvador Espinoza Gonz\u00e1lez, Director de Ingresos, Irene Sedas Larios, directora municipal de Medio y Protecci\u00f3n Animal, y en representaci\u00f3n del doctor Jair de Jes\u00fas Castillo Constantino, Jefe de la Jurisdicci\u00f3n Sanitaria N\u00famero 10, acudieron la Jefa de Departamento de Regulaci\u00f3n Sanitaria, la doctora Silvia Concepci\u00f3n Pouchoulen Dom\u00ednguez, y el doctor Francisco Alberto Ferm\u00e1n Cruz, Director de Epidemiolog\u00eda de la misma Jurisdicci\u00f3n Sanitaria.<\/p>\n<p><img loading=\"lazy\" decoding=\"async\" data-attachment-id=\"108098\" data-permalink=\"https:\/\/www.noticiasperfil.com\/index\/2024\/07\/22\/playas-de-san-andres-aptas-para-el-turismo-confirman-autoridades-ya-no-hay-riesgo-sanitario-por-eventos-meteorologicos\/solana-mesa-03\/\" data-orig-file=\"https:\/\/i2.wp.com\/www.noticiasperfil.com\/index\/wp-content\/uploads\/2024\/07\/solana-mesa-03.jpg?fit=960%2C640&amp;ssl=1\" data-orig-size=\"960,640\" data-comments-opened=\"1\" data-image-meta=\"{&quot;aperture&quot;:&quot;0&quot;,&quot;credit&quot;:&quot;&quot;,&quot;camera&quot;:&quot;&quot;,&quot;caption&quot;:&quot;&quot;,&quot;created_timestamp&quot;:&quot;0&quot;,&quot;copyright&quot;:&quot;&quot;,&quot;focal_length&quot;:&quot;0&quot;,&quot;iso&quot;:&quot;0&quot;,&quot;shutter_speed&quot;:&quot;0&quot;,&quot;title&quot;:&quot;&quot;,&quot;orientation&quot;:&quot;0&quot;}\" data-image-title=\"solana-mesa-03\" data-image-description=\"\" data-medium-file=\"https:\/\/i2.wp.com\/www.noticiasperfil.com\/index\/wp-content\/uploads\/2024\/07\/solana-mesa-03.jpg?fit=660%2C365&amp;ssl=1\" data-large-file=\"https:\/\/i2.wp.com\/www.noticiasperfil.com\/index\/wp-content\/uploads\/2024\/07\/solana-mesa-03.jpg?fit=640%2C366&amp;ssl=1\" class=\"aligncenter size-full wp-image-108098\" src=\"https:\/\/i2.wp.com\/www.noticiasperfil.com\/index\/wp-content\/uploads\/2024\/07\/solana-mesa-03.jpg?resize=640%2C427&#038;ssl=1\" alt=\"\" width=\"640\" height=\"427\" data-recalc-dims=\"1\" \/><\/p>\n<p>Cabe destacar que este informe que despeja cualquier riesgo sanitario en las costas sanandrescanas coincide con la informaci\u00f3n que dio a conocer el gobernador Cuitl\u00e1huac Garc\u00eda Jim\u00e9nez, quien confirm\u00f3 durante una conferencia de prensa, que todas las playas de Veracruz son aptas para vacacionar en esta temporada de verano, ya que se hicieron nuevas muestras y salieron positivas para poder asistir a ellas.<\/p>\n<p><img loading=\"lazy\" decoding=\"async\" data-attachment-id=\"108099\" data-permalink=\"https:\/\/www.noticiasperfil.com\/index\/2024\/07\/22\/playas-de-san-andres-aptas-para-el-turismo-confirman-autoridades-ya-no-hay-riesgo-sanitario-por-eventos-meteorologicos\/solana-mesa-04\/\" data-orig-file=\"https:\/\/i1.wp.com\/www.noticiasperfil.com\/index\/wp-content\/uploads\/2024\/07\/solana-mesa-04.jpg?fit=960%2C640&amp;ssl=1\" data-orig-size=\"960,640\" data-comments-opened=\"1\" data-image-meta=\"{&quot;aperture&quot;:&quot;0&quot;,&quot;credit&quot;:&quot;&quot;,&quot;camera&quot;:&quot;&quot;,&quot;caption&quot;:&quot;&quot;,&quot;created_timestamp&quot;:&quot;0&quot;,&quot;copyright&quot;:&quot;&quot;,&quot;focal_length&quot;:&quot;0&quot;,&quot;iso&quot;:&quot;0&quot;,&quot;shutter_speed&quot;:&quot;0&quot;,&quot;title&quot;:&quot;&quot;,&quot;orientation&quot;:&quot;0&quot;}\" data-image-title=\"solana-mesa-04\" data-image-description=\"\" data-medium-file=\"https:\/\/i1.wp.com\/www.noticiasperfil.com\/index\/wp-content\/uploads\/2024\/07\/solana-mesa-04.jpg?fit=660%2C365&amp;ssl=1\" data-large-file=\"https:\/\/i1.wp.com\/www.noticiasperfil.com\/index\/wp-content\/uploads\/2024\/07\/solana-mesa-04.jpg?fit=640%2C366&amp;ssl=1\" class=\"aligncenter size-full wp-image-108099\" src=\"https:\/\/i1.wp.com\/www.noticiasperfil.com\/index\/wp-content\/uploads\/2024\/07\/solana-mesa-04.jpg?resize=640%2C427&#038;ssl=1\" alt=\"\" width=\"640\" height=\"427\" data-recalc-dims=\"1\" \/><\/p>\n<p>En este sentido se dio a conocer que las pruebas a las aguas de playas veracruzanas, se realizaron cuando entr\u00f3 la tormenta tropical \u201cAlberto\u201d por lo cual al haber crecida de r\u00edos, se arrastr\u00f3 contaminaci\u00f3n; sin embargo, ahora la Comisi\u00f3n Federal para la Protecci\u00f3n contra Riesgos Sanitarios (COFEPRIS), realiz\u00f3 un nuevo muestreo donde se constata que no hay riesgos y ya declar\u00f3 que est\u00e1n aptas.<\/p>\n<p><img loading=\"lazy\" decoding=\"async\" data-attachment-id=\"108100\" data-permalink=\"https:\/\/www.noticiasperfil.com\/index\/2024\/07\/22\/playas-de-san-andres-aptas-para-el-turismo-confirman-autoridades-ya-no-hay-riesgo-sanitario-por-eventos-meteorologicos\/solana-mesa-05\/\" data-orig-file=\"https:\/\/i2.wp.com\/www.noticiasperfil.com\/index\/wp-content\/uploads\/2024\/07\/solana-mesa-05.jpg?fit=960%2C640&amp;ssl=1\" data-orig-size=\"960,640\" data-comments-opened=\"1\" data-image-meta=\"{&quot;aperture&quot;:&quot;0&quot;,&quot;credit&quot;:&quot;&quot;,&quot;camera&quot;:&quot;&quot;,&quot;caption&quot;:&quot;&quot;,&quot;created_timestamp&quot;:&quot;0&quot;,&quot;copyright&quot;:&quot;&quot;,&quot;focal_length&quot;:&quot;0&quot;,&quot;iso&quot;:&quot;0&quot;,&quot;shutter_speed&quot;:&quot;0&quot;,&quot;title&quot;:&quot;&quot;,&quot;orientation&quot;:&quot;0&quot;}\" data-image-title=\"solana-mesa-05\" data-image-description=\"\" data-medium-file=\"https:\/\/i2.wp.com\/www.noticiasperfil.com\/index\/wp-content\/uploads\/2024\/07\/solana-mesa-05.jpg?fit=660%2C365&amp;ssl=1\" data-large-file=\"https:\/\/i2.wp.com\/www.noticiasperfil.com\/index\/wp-content\/uploads\/2024\/07\/solana-mesa-05.jpg?fit=640%2C366&amp;ssl=1\" class=\"aligncenter size-full wp-image-108100\" src=\"https:\/\/i2.wp.com\/www.noticiasperfil.com\/index\/wp-content\/uploads\/2024\/07\/solana-mesa-05.jpg?resize=640%2C427&#038;ssl=1\" alt=\"\" width=\"640\" height=\"427\" data-recalc-dims=\"1\" \/><\/p>\n<p>Para concluir la reuni\u00f3n, se acordaron medidas preventivas para futuros eventos meteorol\u00f3gicos cuyo impacto pudiera traer corrientes de arrastre de residuos, por lo que el Director de Protecci\u00f3n Civil Municipal, acord\u00f3 que de manera coordinada con personal de la Jurisdicci\u00f3n Sanitaria, se har\u00e1n visitas y recomendaciones a poblaci\u00f3n de la zona costera, para el manejo de sus desechos s\u00f3lidos, as\u00ed como para el mantenimiento de sus fosas s\u00e9pticas y cualquier otro elemento que pudiera presentarse como factor para un futuro riesgo sanitario.<\/p>\n","protected":false},"excerpt":{"rendered":"<p>\u2022 En mesa de trabajo exponen que pasados los eventos de la tormenta tropical Alberto, el hurac\u00e1n Beryl y las ondas tropicales recientes, las corrientes han dejado de arrastrar residuos haciendo seguras las aguas de la costa sanandrescana. San Andr\u00e9s Tuxtla, Ver.- Despu\u00e9s de que el paso del hurac\u00e1n Beryl y las m\u00e1s recientes ondas tropicales, provocaran arrastre residual a las corrientes de las costas sanandrescanas y ocasionaran que se catalogaran como no aptas para el turismo, las autoridades municipales se han vuelto a reunir para el revisar el an\u00e1lisis&hellip;<\/p>\n","protected":false},"author":1,"featured_media":108099,"comment_status":"open","ping_status":"closed","sticky":false,"template":"","format":"standard","meta":{"footnotes":""},"categories":[3,12],"tags":[7966],"class_list":["post-108095","post","type-post","status-publish","format-standard","has-post-thumbnail","hentry","category-destacadas","category-san-andres-tuxtla","tag-maria-elena-solana-calzada"],"jetpack-related-posts":[],"_links":{"self":[{"href":"https:\/\/www.noticiasperfil.com\/index\/wp-json\/wp\/v2\/posts\/108095","targetHints":{"allow":["GET"]}}],"collection":[{"href":"https:\/\/www.noticiasperfil.com\/index\/wp-json\/wp\/v2\/posts"}],"about":[{"href":"https:\/\/www.noticiasperfil.com\/index\/wp-json\/wp\/v2\/types\/post"}],"author":[{"embeddable":true,"href":"https:\/\/www.noticiasperfil.com\/index\/wp-json\/wp\/v2\/users\/1"}],"replies":[{"embeddable":true,"href":"https:\/\/www.noticiasperfil.com\/index\/wp-json\/wp\/v2\/comments?post=108095"}],"version-history":[{"count":1,"href":"https:\/\/www.noticiasperfil.com\/index\/wp-json\/wp\/v2\/posts\/108095\/revisions"}],"predecessor-version":[{"id":108101,"href":"https:\/\/www.noticiasperfil.com\/index\/wp-json\/wp\/v2\/posts\/108095\/revisions\/108101"}],"wp:featuredmedia":[{"embeddable":true,"href":"https:\/\/www.noticiasperfil.com\/index\/wp-json\/wp\/v2\/media\/108099"}],"wp:attachment":[{"href":"https:\/\/www.noticiasperfil.com\/index\/wp-json\/wp\/v2\/media?parent=108095"}],"wp:term":[{"taxonomy":"category","embeddable":true,"href":"https:\/\/www.noticiasperfil.com\/index\/wp-json\/wp\/v2\/categories?post=108095"},{"taxonomy":"post_tag","embeddable":true,"href":"https:\/\/www.noticiasperfil.com\/index\/wp-json\/wp\/v2\/tags?post=108095"}],"curies":[{"name":"wp","href":"https:\/\/api.w.org\/{rel}","templated":true}]}}