{"id":108102,"date":"2024-07-22T21:29:38","date_gmt":"2024-07-23T02:29:38","guid":{"rendered":"https:\/\/www.noticiasperfil.com\/index\/?p=108102"},"modified":"2024-07-22T21:29:38","modified_gmt":"2024-07-23T02:29:38","slug":"veracruz-nicho-de-inversiones-y-oportunidades-garantiza-rocio-nahle","status":"publish","type":"post","link":"https:\/\/www.noticiasperfil.com\/index\/2024\/07\/22\/veracruz-nicho-de-inversiones-y-oportunidades-garantiza-rocio-nahle\/","title":{"rendered":"Veracruz, nicho de inversiones y oportunidades, garantiza Roc\u00edo Nahle"},"content":{"rendered":"<p><img loading=\"lazy\" decoding=\"async\" data-attachment-id=\"108103\" data-permalink=\"https:\/\/www.noticiasperfil.com\/index\/2024\/07\/22\/veracruz-nicho-de-inversiones-y-oportunidades-garantiza-rocio-nahle\/rocio-nahle-44\/\" data-orig-file=\"https:\/\/i2.wp.com\/www.noticiasperfil.com\/index\/wp-content\/uploads\/2024\/07\/rocio-nahle-2.jpg?fit=1600%2C1066&amp;ssl=1\" data-orig-size=\"1600,1066\" data-comments-opened=\"1\" data-image-meta=\"{&quot;aperture&quot;:&quot;0&quot;,&quot;credit&quot;:&quot;&quot;,&quot;camera&quot;:&quot;&quot;,&quot;caption&quot;:&quot;&quot;,&quot;created_timestamp&quot;:&quot;0&quot;,&quot;copyright&quot;:&quot;&quot;,&quot;focal_length&quot;:&quot;0&quot;,&quot;iso&quot;:&quot;0&quot;,&quot;shutter_speed&quot;:&quot;0&quot;,&quot;title&quot;:&quot;&quot;,&quot;orientation&quot;:&quot;0&quot;}\" data-image-title=\"rocio-nahle\" data-image-description=\"\" data-medium-file=\"https:\/\/i2.wp.com\/www.noticiasperfil.com\/index\/wp-content\/uploads\/2024\/07\/rocio-nahle-2.jpg?fit=660%2C365&amp;ssl=1\" data-large-file=\"https:\/\/i2.wp.com\/www.noticiasperfil.com\/index\/wp-content\/uploads\/2024\/07\/rocio-nahle-2.jpg?fit=640%2C366&amp;ssl=1\" class=\"aligncenter size-full wp-image-108103\" src=\"https:\/\/i2.wp.com\/www.noticiasperfil.com\/index\/wp-content\/uploads\/2024\/07\/rocio-nahle-2.jpg?resize=640%2C426&#038;ssl=1\" alt=\"\" width=\"640\" height=\"426\" srcset=\"https:\/\/i2.wp.com\/www.noticiasperfil.com\/index\/wp-content\/uploads\/2024\/07\/rocio-nahle-2.jpg?w=1600&amp;ssl=1 1600w, https:\/\/i2.wp.com\/www.noticiasperfil.com\/index\/wp-content\/uploads\/2024\/07\/rocio-nahle-2.jpg?resize=1536%2C1023&amp;ssl=1 1536w, https:\/\/i2.wp.com\/www.noticiasperfil.com\/index\/wp-content\/uploads\/2024\/07\/rocio-nahle-2.jpg?w=1280&amp;ssl=1 1280w\" sizes=\"auto, (max-width: 640px) 100vw, 640px\" data-recalc-dims=\"1\" \/><\/p>\n<p>Boca del R\u00edo, Ver.- Como parte de su agenda econ\u00f3mica, la gobernadora electa de Veracruz, Roc\u00edo Nahle Garc\u00eda, se reuni\u00f3 hoy con industriales y empresarios del ramo acerero y comercial del estado como el corporativo Tenaris Tamsa y Grupo ProIstmo.<\/p>\n<p>Veracruz, con los grandes proyectos que representan en la zona sur, el Corredor Interoce\u00e1nico del Istmo de Tehuantepec, es una de las entidades m\u00e1s competitivos para la inversi\u00f3n productiva a nivel nacional y un gran mercado para el capital internacional debido a su estabilidad macroecon\u00f3mica y pol\u00edtica, baja inflaci\u00f3n, tama\u00f1o y fortaleza de su mercado interno, tasa de crecimiento econ\u00f3mico y su capacidad para generar manufactura avanzada y ejemplo de ello es Tenaris Tamsa, acerera de relevancia mundial.<\/p>\n<p>Roc\u00edo Nahle destac\u00f3 los compromisos que en infraestructura carretera y seguridad concretar\u00e1 con apoyo de la pr\u00f3xima presidenta Claudia Sheinbaum en Veracruz, mismos que garantizar\u00e1n mayor movilidad, red carretera de calidad y un tr\u00e1nsito seguro para los inversionistas.<\/p>\n<p>De hecho, record\u00f3, en el caso del sureste veracruzano, ha ofrecido reforzar de manera particular la regi\u00f3n asentado la Secretar\u00eda de Seguridad P\u00fablica de ser necesario dado el crecimiento que se avecina para esta zona con la instalaci\u00f3n de al menos cuatro parques industriales que se integrar\u00e1n al CIIT, entre muchos otros proyectos que detonar\u00e1n en miles de empleos directos e indirectos, vivienda, llegada de nuevas empresas de diversos giros y mejor calidad de vida para los habitantes.<\/p>\n<p>La ejecutiva electa puntualiz\u00f3 que Veracruz se pondr\u00e1 de moda no \u00fanicamente por sus inversiones en los rubros comercial e industrial, tambi\u00e9n, el sector turismo se potencializar\u00e1, porque al llegar nuevas empresas, necesariamente hoteles y restaurantes abrir\u00e1n plazas de trabajo y tambi\u00e9n se ver\u00e1n beneficiados al prestar sus servicios, luego entonces, esta cadena ser\u00e1 un c\u00edrculo virtuoso que permitir\u00e1 a Veracruz posicionarse como uno de los mejores destinos del mundo para invertir y para vivir.<\/p>\n","protected":false},"excerpt":{"rendered":"<p>Boca del R\u00edo, Ver.- Como parte de su agenda econ\u00f3mica, la gobernadora electa de Veracruz, Roc\u00edo Nahle Garc\u00eda, se reuni\u00f3 hoy con industriales y empresarios del ramo acerero y comercial del estado como el corporativo Tenaris Tamsa y Grupo ProIstmo. Veracruz, con los grandes proyectos que representan en la zona sur, el Corredor Interoce\u00e1nico del Istmo de Tehuantepec, es una de las entidades m\u00e1s competitivos para la inversi\u00f3n productiva a nivel nacional y un gran mercado para el capital internacional debido a su estabilidad macroecon\u00f3mica y pol\u00edtica, baja inflaci\u00f3n, tama\u00f1o&hellip;<\/p>\n","protected":false},"author":1,"featured_media":108103,"comment_status":"open","ping_status":"closed","sticky":false,"template":"","format":"standard","meta":{"footnotes":""},"categories":[3,4],"tags":[3387],"class_list":["post-108102","post","type-post","status-publish","format-standard","has-post-thumbnail","hentry","category-destacadas","category-estatal","tag-rocio-nahle-garcia"],"jetpack-related-posts":[],"_links":{"self":[{"href":"https:\/\/www.noticiasperfil.com\/index\/wp-json\/wp\/v2\/posts\/108102","targetHints":{"allow":["GET"]}}],"collection":[{"href":"https:\/\/www.noticiasperfil.com\/index\/wp-json\/wp\/v2\/posts"}],"about":[{"href":"https:\/\/www.noticiasperfil.com\/index\/wp-json\/wp\/v2\/types\/post"}],"author":[{"embeddable":true,"href":"https:\/\/www.noticiasperfil.com\/index\/wp-json\/wp\/v2\/users\/1"}],"replies":[{"embeddable":true,"href":"https:\/\/www.noticiasperfil.com\/index\/wp-json\/wp\/v2\/comments?post=108102"}],"version-history":[{"count":1,"href":"https:\/\/www.noticiasperfil.com\/index\/wp-json\/wp\/v2\/posts\/108102\/revisions"}],"predecessor-version":[{"id":108104,"href":"https:\/\/www.noticiasperfil.com\/index\/wp-json\/wp\/v2\/posts\/108102\/revisions\/108104"}],"wp:featuredmedia":[{"embeddable":true,"href":"https:\/\/www.noticiasperfil.com\/index\/wp-json\/wp\/v2\/media\/108103"}],"wp:attachment":[{"href":"https:\/\/www.noticiasperfil.com\/index\/wp-json\/wp\/v2\/media?parent=108102"}],"wp:term":[{"taxonomy":"category","embeddable":true,"href":"https:\/\/www.noticiasperfil.com\/index\/wp-json\/wp\/v2\/categories?post=108102"},{"taxonomy":"post_tag","embeddable":true,"href":"https:\/\/www.noticiasperfil.com\/index\/wp-json\/wp\/v2\/tags?post=108102"}],"curies":[{"name":"wp","href":"https:\/\/api.w.org\/{rel}","templated":true}]}}