{"id":108107,"date":"2024-07-23T12:51:57","date_gmt":"2024-07-23T17:51:57","guid":{"rendered":"https:\/\/www.noticiasperfil.com\/index\/?p=108107"},"modified":"2024-07-23T12:51:57","modified_gmt":"2024-07-23T17:51:57","slug":"se-mantiene-aviso-especial-por-temporal-lluvioso-en-la-entidad","status":"publish","type":"post","link":"https:\/\/www.noticiasperfil.com\/index\/2024\/07\/23\/se-mantiene-aviso-especial-por-temporal-lluvioso-en-la-entidad\/","title":{"rendered":"Se mantiene Aviso Especial por temporal lluvioso en la entidad"},"content":{"rendered":"<p><img loading=\"lazy\" decoding=\"async\" data-attachment-id=\"108108\" data-permalink=\"https:\/\/www.noticiasperfil.com\/index\/2024\/07\/23\/se-mantiene-aviso-especial-por-temporal-lluvioso-en-la-entidad\/clima-ver-7\/\" data-orig-file=\"https:\/\/i0.wp.com\/www.noticiasperfil.com\/index\/wp-content\/uploads\/2024\/07\/clima-ver.jpg?fit=1195%2C894&amp;ssl=1\" data-orig-size=\"1195,894\" data-comments-opened=\"1\" data-image-meta=\"{&quot;aperture&quot;:&quot;0&quot;,&quot;credit&quot;:&quot;&quot;,&quot;camera&quot;:&quot;&quot;,&quot;caption&quot;:&quot;&quot;,&quot;created_timestamp&quot;:&quot;0&quot;,&quot;copyright&quot;:&quot;&quot;,&quot;focal_length&quot;:&quot;0&quot;,&quot;iso&quot;:&quot;0&quot;,&quot;shutter_speed&quot;:&quot;0&quot;,&quot;title&quot;:&quot;&quot;,&quot;orientation&quot;:&quot;0&quot;}\" data-image-title=\"clima-ver\" data-image-description=\"\" data-medium-file=\"https:\/\/i0.wp.com\/www.noticiasperfil.com\/index\/wp-content\/uploads\/2024\/07\/clima-ver.jpg?fit=660%2C365&amp;ssl=1\" data-large-file=\"https:\/\/i0.wp.com\/www.noticiasperfil.com\/index\/wp-content\/uploads\/2024\/07\/clima-ver.jpg?fit=640%2C366&amp;ssl=1\" class=\"aligncenter size-full wp-image-108108\" src=\"https:\/\/i0.wp.com\/www.noticiasperfil.com\/index\/wp-content\/uploads\/2024\/07\/clima-ver.jpg?resize=640%2C479&#038;ssl=1\" alt=\"\" width=\"640\" height=\"479\" data-recalc-dims=\"1\" \/><\/p>\n<p>Xalapa, Ver.- La Secretar\u00eda de Protecci\u00f3n Civil en el Estado mantiene el Aviso Especial por temporal lluvioso a lo largo y ancho de la geograf\u00eda veracruzana, as\u00ed lo inform\u00f3 mediante sus redes sociales.<\/p>\n<p>Precauci\u00f3n ante posibles:<\/p>\n<p>-Deslaves, deslizamientos de tierra y derrumbes.<\/p>\n<p>-Inundaciones de tipo pluvial.<\/p>\n<p>-Vigilar crecida de r\u00edos\/arroyos.<\/p>\n<p>SISTEMAS METEOROL\u00d3GICOS Y SU PREVISI\u00d3N. Dos vaguadas sobre el oeste y suroeste del Golfo de M\u00e9xico respectivamente, y el avance hacia el oeste de la onda tropical 13 con eje esta ma\u00f1ana sobre y al sur de Quintana Roo, seguir\u00e1n combin\u00e1ndose con el comportamiento del viento en altura (cizalladura-divergencia) para mantener el Temporal Lluvioso en el estado de Veracruz, con tormentas el\u00e9ctricas y algunos eventos localmente fuertes e intensos.<\/p>\n<p>Por su parte, el viento dominante en superficie ser\u00e1 del Noreste, Este y Sureste con velocidades de 20 a 35 km\/h, rachas en zonas de tormentas. Tome en cuenta que, derivado de este pron\u00f3stico y de la saturaci\u00f3n del suelo, es posible que algunos r\u00edos de la entidad mantengan niveles altos o presenten crecidas, haya inundaciones en zonas bajas y urbanas, y aumente la probabilidad de m\u00e1s procesos de remoci\u00f3n en masa (deslaves, derrumbes y deslizamientos de ladera).<\/p>\n","protected":false},"excerpt":{"rendered":"<p>Xalapa, Ver.- La Secretar\u00eda de Protecci\u00f3n Civil en el Estado mantiene el Aviso Especial por temporal lluvioso a lo largo y ancho de la geograf\u00eda veracruzana, as\u00ed lo inform\u00f3 mediante sus redes sociales. Precauci\u00f3n ante posibles: -Deslaves, deslizamientos de tierra y derrumbes. -Inundaciones de tipo pluvial. -Vigilar crecida de r\u00edos\/arroyos. SISTEMAS METEOROL\u00d3GICOS Y SU PREVISI\u00d3N. Dos vaguadas sobre el oeste y suroeste del Golfo de M\u00e9xico respectivamente, y el avance hacia el oeste de la onda tropical 13 con eje esta ma\u00f1ana sobre y al sur de Quintana Roo, seguir\u00e1n&hellip;<\/p>\n","protected":false},"author":1,"featured_media":108108,"comment_status":"open","ping_status":"closed","sticky":false,"template":"","format":"standard","meta":{"footnotes":""},"categories":[3,4],"tags":[844],"class_list":["post-108107","post","type-post","status-publish","format-standard","has-post-thumbnail","hentry","category-destacadas","category-estatal","tag-lluvias-veracruz"],"jetpack-related-posts":[],"_links":{"self":[{"href":"https:\/\/www.noticiasperfil.com\/index\/wp-json\/wp\/v2\/posts\/108107","targetHints":{"allow":["GET"]}}],"collection":[{"href":"https:\/\/www.noticiasperfil.com\/index\/wp-json\/wp\/v2\/posts"}],"about":[{"href":"https:\/\/www.noticiasperfil.com\/index\/wp-json\/wp\/v2\/types\/post"}],"author":[{"embeddable":true,"href":"https:\/\/www.noticiasperfil.com\/index\/wp-json\/wp\/v2\/users\/1"}],"replies":[{"embeddable":true,"href":"https:\/\/www.noticiasperfil.com\/index\/wp-json\/wp\/v2\/comments?post=108107"}],"version-history":[{"count":1,"href":"https:\/\/www.noticiasperfil.com\/index\/wp-json\/wp\/v2\/posts\/108107\/revisions"}],"predecessor-version":[{"id":108109,"href":"https:\/\/www.noticiasperfil.com\/index\/wp-json\/wp\/v2\/posts\/108107\/revisions\/108109"}],"wp:featuredmedia":[{"embeddable":true,"href":"https:\/\/www.noticiasperfil.com\/index\/wp-json\/wp\/v2\/media\/108108"}],"wp:attachment":[{"href":"https:\/\/www.noticiasperfil.com\/index\/wp-json\/wp\/v2\/media?parent=108107"}],"wp:term":[{"taxonomy":"category","embeddable":true,"href":"https:\/\/www.noticiasperfil.com\/index\/wp-json\/wp\/v2\/categories?post=108107"},{"taxonomy":"post_tag","embeddable":true,"href":"https:\/\/www.noticiasperfil.com\/index\/wp-json\/wp\/v2\/tags?post=108107"}],"curies":[{"name":"wp","href":"https:\/\/api.w.org\/{rel}","templated":true}]}}