{"id":108113,"date":"2024-07-23T15:12:05","date_gmt":"2024-07-23T20:12:05","guid":{"rendered":"https:\/\/www.noticiasperfil.com\/index\/?p=108113"},"modified":"2024-07-23T15:12:05","modified_gmt":"2024-07-23T20:12:05","slug":"playas-de-boca-del-rio-son-aptas-para-vacacionistas","status":"publish","type":"post","link":"https:\/\/www.noticiasperfil.com\/index\/2024\/07\/23\/playas-de-boca-del-rio-son-aptas-para-vacacionistas\/","title":{"rendered":"Playas de Boca del R\u00edo son aptas para vacacionistas"},"content":{"rendered":"<p><img loading=\"lazy\" decoding=\"async\" data-attachment-id=\"108114\" data-permalink=\"https:\/\/www.noticiasperfil.com\/index\/2024\/07\/23\/playas-de-boca-del-rio-son-aptas-para-vacacionistas\/playas-boca-del-rio\/\" data-orig-file=\"https:\/\/i1.wp.com\/www.noticiasperfil.com\/index\/wp-content\/uploads\/2024\/07\/playas-boca-del-rio.jpg?fit=1280%2C853&amp;ssl=1\" data-orig-size=\"1280,853\" data-comments-opened=\"1\" data-image-meta=\"{&quot;aperture&quot;:&quot;0&quot;,&quot;credit&quot;:&quot;&quot;,&quot;camera&quot;:&quot;&quot;,&quot;caption&quot;:&quot;&quot;,&quot;created_timestamp&quot;:&quot;0&quot;,&quot;copyright&quot;:&quot;&quot;,&quot;focal_length&quot;:&quot;0&quot;,&quot;iso&quot;:&quot;0&quot;,&quot;shutter_speed&quot;:&quot;0&quot;,&quot;title&quot;:&quot;&quot;,&quot;orientation&quot;:&quot;0&quot;}\" data-image-title=\"playas-boca-del-rio\" data-image-description=\"\" data-medium-file=\"https:\/\/i1.wp.com\/www.noticiasperfil.com\/index\/wp-content\/uploads\/2024\/07\/playas-boca-del-rio.jpg?fit=660%2C365&amp;ssl=1\" data-large-file=\"https:\/\/i1.wp.com\/www.noticiasperfil.com\/index\/wp-content\/uploads\/2024\/07\/playas-boca-del-rio.jpg?fit=640%2C366&amp;ssl=1\" class=\"aligncenter size-full wp-image-108114\" src=\"https:\/\/i1.wp.com\/www.noticiasperfil.com\/index\/wp-content\/uploads\/2024\/07\/playas-boca-del-rio.jpg?resize=640%2C427&#038;ssl=1\" alt=\"\" width=\"640\" height=\"427\" data-recalc-dims=\"1\" \/><\/p>\n<ul>\n<li><em><strong>Gobernador coincide con el alcalde Juan Manuel Unanue que los muestreos de la Cofepris son imprecisos.<\/strong><\/em><\/li>\n<\/ul>\n<p>Veracruz, Ver.- El gobernador Cuitl\u00e1huac Garc\u00eda Jim\u00e9nez, asegur\u00f3 que las playas de Boca del R\u00edo son aptas para los ba\u00f1istas.<\/p>\n<p>Coincidi\u00f3 con el alcalde Juan Manuel de Unanue que los muestreos de la Comisi\u00f3n Federal para la Protecci\u00f3n contra Riesgos Sanitarios (Cofepris), son imprecisos en relaci\u00f3n al estado de contaminaci\u00f3n del agua.<\/p>\n<p>\u00abRecuerden que el an\u00e1lisis en este caso, el agua en las playas del mar, la cercan\u00eda de la playa si se toma la prueba se lleva al an\u00e1lisis, y en ese momento cuando se tom\u00f3 la prueba es el resultado qu\u00e9 sucedi\u00f3, que esa prueba la tomaron cuando estaba la tormenta me parece que Alberto y estaban las lluvias de varias vaguadas y que se vino el arrastre de todo lo que los r\u00edos crecidos hicieron fue tema de muchos videos en Veracruz en las redes de c\u00f3mo se vino la lluvia con tormenta o no simplemente una lluvia muy copiosa que se dio por la temporal que tenemos si y en ese momento pues se toma la prueba pues imag\u00ednense si no va a salir con residuos\u00bb.<\/p>\n<p>En ese sentido, el gobernador Cuitl\u00e1huac Garc\u00eda Jim\u00e9nez dijo que tras las lluvias, los r\u00edos y playas volvieron a estar transparentes.<\/p>\n<p>\u00abEl informe lo sacan en el momento en que las playas s\u00ed son aptas para el turismo y nadar y meterse en ellas esa fue la inconformidad no solamente del alcalde tambi\u00e9n nuestra y sacamos un comunicado\u00bb.<\/p>\n<p>Cabe recordar que ante el informe de la Cofepris en el que expone que algunas playas del pa\u00eds y de la ciudad de Boca del R\u00edo no son aptas para su uso, el alcalde Juan Manuel Un\u00e1nue Abascal asegur\u00f3 que dichos resultados no son precisos, pues el monitoreo se realiz\u00f3 en plena temporada de lluvias.<\/p>\n<p>Precis\u00f3 que los estudios que se realizaron deber\u00e1n estar mejor planificados dependiendo de las condiciones del tiempo de cada estado, pero sobre todo, de cada ciudad y con ello evitar una posible afectaci\u00f3n a la llegada del turismo que es tan importante para los prestadores de servicios en este periodo.<\/p>\n<p>Record\u00f3 tambi\u00e9n que en fechas recientes, en espec\u00edfico el municipio de Boca del R\u00edo y nuestra regi\u00f3n fue impactado por diferentes fen\u00f3menos meteorol\u00f3gicos, y como resultado de ello a trav\u00e9s del R\u00edo Jamapa, \u00e9ste ha arrojado a las playas de Boca del R\u00edo un sin fin de residuos de todo tipo, pues diariamente se recolectan m\u00e1s de 220 toneladas de palizada, lo que ha impedido que las aguas mantengan su color natural.<\/p>\n<p>El presidente municipal de Boca del R\u00edo, dijo que si bien es importante el proceso t\u00e9cnico de verificaci\u00f3n en zonas costeras, tambi\u00e9n es importante ser precisos en los momentos de an\u00e1lisis para obtener resultados m\u00e1s certeros y confiables.<\/p>\n<p>Destac\u00f3 que el gobierno de Boca del R\u00edo diariamente y desde el inicio de la actual administraci\u00f3n, ha implementado un operativo de limpieza de playas mediante personal de la direcci\u00f3n de Limpia P\u00fablica para mantenerlas en \u00f3ptimas condiciones para su uso y disfrute.<\/p>\n","protected":false},"excerpt":{"rendered":"<p>Gobernador coincide con el alcalde Juan Manuel Unanue que los muestreos de la Cofepris son imprecisos. Veracruz, Ver.- El gobernador Cuitl\u00e1huac Garc\u00eda Jim\u00e9nez, asegur\u00f3 que las playas de Boca del R\u00edo son aptas para los ba\u00f1istas. Coincidi\u00f3 con el alcalde Juan Manuel de Unanue que los muestreos de la Comisi\u00f3n Federal para la Protecci\u00f3n contra Riesgos Sanitarios (Cofepris), son imprecisos en relaci\u00f3n al estado de contaminaci\u00f3n del agua. \u00abRecuerden que el an\u00e1lisis en este caso, el agua en las playas del mar, la cercan\u00eda de la playa si se toma&hellip;<\/p>\n","protected":false},"author":1,"featured_media":108114,"comment_status":"open","ping_status":"closed","sticky":false,"template":"","format":"standard","meta":{"footnotes":""},"categories":[3,4],"tags":[10488],"class_list":["post-108113","post","type-post","status-publish","format-standard","has-post-thumbnail","hentry","category-destacadas","category-estatal","tag-playass-boca-del-rio"],"jetpack-related-posts":[],"_links":{"self":[{"href":"https:\/\/www.noticiasperfil.com\/index\/wp-json\/wp\/v2\/posts\/108113","targetHints":{"allow":["GET"]}}],"collection":[{"href":"https:\/\/www.noticiasperfil.com\/index\/wp-json\/wp\/v2\/posts"}],"about":[{"href":"https:\/\/www.noticiasperfil.com\/index\/wp-json\/wp\/v2\/types\/post"}],"author":[{"embeddable":true,"href":"https:\/\/www.noticiasperfil.com\/index\/wp-json\/wp\/v2\/users\/1"}],"replies":[{"embeddable":true,"href":"https:\/\/www.noticiasperfil.com\/index\/wp-json\/wp\/v2\/comments?post=108113"}],"version-history":[{"count":1,"href":"https:\/\/www.noticiasperfil.com\/index\/wp-json\/wp\/v2\/posts\/108113\/revisions"}],"predecessor-version":[{"id":108115,"href":"https:\/\/www.noticiasperfil.com\/index\/wp-json\/wp\/v2\/posts\/108113\/revisions\/108115"}],"wp:featuredmedia":[{"embeddable":true,"href":"https:\/\/www.noticiasperfil.com\/index\/wp-json\/wp\/v2\/media\/108114"}],"wp:attachment":[{"href":"https:\/\/www.noticiasperfil.com\/index\/wp-json\/wp\/v2\/media?parent=108113"}],"wp:term":[{"taxonomy":"category","embeddable":true,"href":"https:\/\/www.noticiasperfil.com\/index\/wp-json\/wp\/v2\/categories?post=108113"},{"taxonomy":"post_tag","embeddable":true,"href":"https:\/\/www.noticiasperfil.com\/index\/wp-json\/wp\/v2\/tags?post=108113"}],"curies":[{"name":"wp","href":"https:\/\/api.w.org\/{rel}","templated":true}]}}