{"id":108119,"date":"2024-07-23T16:26:40","date_gmt":"2024-07-23T21:26:40","guid":{"rendered":"https:\/\/www.noticiasperfil.com\/index\/?p=108119"},"modified":"2024-07-23T16:26:40","modified_gmt":"2024-07-23T21:26:40","slug":"adios-coordinacion-general-de-comunicacion-social","status":"publish","type":"post","link":"https:\/\/www.noticiasperfil.com\/index\/2024\/07\/23\/adios-coordinacion-general-de-comunicacion-social\/","title":{"rendered":"\u00bfAdi\u00f3s, Coordinaci\u00f3n General de Comunicaci\u00f3n Social?"},"content":{"rendered":"<p><img loading=\"lazy\" decoding=\"async\" class=\"aligncenter size-full wp-image-93555\" src=\"https:\/\/i0.wp.com\/www.noticiasperfil.com\/index\/wp-content\/uploads\/2022\/10\/prosa-aprisa.jpg?resize=480%2C270&#038;ssl=1\" alt=\"\" width=\"480\" height=\"270\" data-recalc-dims=\"1\" \/><\/p>\n<p><strong>Prosa Aprisa\/Por Arturo Reyes Isidoro.<\/strong><\/p>\n<p>&nbsp;<\/p>\n<p>Qu\u00e9 recuerde \u2013tantos a\u00f1os ha\u2013 la Coordinaci\u00f3n General de Comunicaci\u00f3n Social (CGCS) naci\u00f3 en el bienio en el que gobern\u00f3 Fernando Guti\u00e9rrez Barrios (1986-1988), o sea, hace 36 a\u00f1os.<\/p>\n<p>Antes, hasta el gobierno de Agust\u00edn Acosta Lagunes, hab\u00eda sido Direcci\u00f3n de Prensa aunque \u2013eso creo recordar\u2013 hasta el gobierno de Rafael Hern\u00e1ndez Ochoa fue Jefatura de Prensa.<\/p>\n<p>La aparici\u00f3n de nuevos medios sumados a los tradicionales\u00a0<em>El Dictamen\u00a0<\/em>y el\u00a0<em>Diario de Xalapa,\u00a0<\/em>el crecimiento de reporteros y corresponsales de diarios de la Ciudad de M\u00e9xico, los avances tecnol\u00f3gicos, la aparici\u00f3n de nuevas herramientas que impulsaban la modernidad, nuevos medios de la prensa regional, todo eso y muchos otros factores motivaron el nacimiento de la CGCS.<\/p>\n<p>Con el actual gobierno de Cuitl\u00e1huac Garc\u00eda, la Coordinaci\u00f3n ha tenido un papel discreto, acaso porque, a diferencia del pasado de los gobiernos del PRI, casi se acab\u00f3 con los convenios de publicidad, no hubo cabildeo con los representantes de los medios y la dependencia se limit\u00f3 a la emisi\u00f3n de boletines de prensa y la difusi\u00f3n de fotograf\u00edas y videos.<\/p>\n<p>Pero, as\u00ed como la aparici\u00f3n del Fax, el advenimiento de los tel\u00e9fonos celulares y luego las nuevas herramientas digitales impulsaron el papel que juegan las coordinaciones de comunicaci\u00f3n social, el surgimiento de los portales WEB informativos y las redes sociales impact\u00f3 en los medios tradicionales impresos y de televisi\u00f3n y cambi\u00f3 el enfoque del manejo informativo oficial.<\/p>\n<p>El pasado 2 de julio, al anochecer, la Gobernadora Electa, Roc\u00edo Nahle, dio a conocer, a trav\u00e9s de un video en sus redes sociales, que Rodolfo Bouzas y Adriana Mu\u00f1oz, quienes estuvieron con ella en su campa\u00f1a electoral, \u201cnos van a continuar apoyando\u201d. Me llam\u00f3 la atenci\u00f3n que apunt\u00f3 que \u201cellos son de la zona del Istmo\u201d, tal vez porque Adriana es oaxaque\u00f1a y no s\u00e9 si Rodolfo sea de J\u00e1ltipan o de ah\u00ed sean sus padres o sus abuelos (Carmen Bouzas, esposa del gobernador Fernando L\u00f3pez Arias era de J\u00e1ltipan, tengo entendido).<\/p>\n<p>Roc\u00edo anunci\u00f3 que ellos la ayudar\u00e1n en el \u00e1rea de comunicaci\u00f3n social, aunque me imagino que se refer\u00eda en cuanto a la funci\u00f3n, porque seg\u00fan tengo informaci\u00f3n, desaparecer\u00e1 como dependencia. Una versi\u00f3n que corre en el interior del gobierno es que antes de irse, el gobernador Cuitl\u00e1huac Garc\u00eda enviar\u00e1 al Congreso una iniciativa para hacer una reingenier\u00eda administrativa, que desaparecer\u00e1 la CGCS.<\/p>\n<p>Dentro de la reingenier\u00eda de la que se habla, sus funciones las podr\u00eda absorber la Oficina de la Gobernadora (as\u00ed la nombr\u00f3 Roc\u00edo en un video al anunciar una reestructuraci\u00f3n administrativa), que absorber\u00e1 la Oficina de Gobierno y la del Programa de Gobierno, que estar\u00e1 a cargo de Irma D\u00e1vila Espinosa.<\/p>\n<p>Quedar\u00edan tres direcciones: la de Radiotelevisi\u00f3n de Veracruz (RTV), la de Prensa y la de Contenidos Digitales. Los actuales funcionarios se ir\u00edan todos, se despedir\u00eda al personal de contrato y se reubicar\u00eda al personal de base, si no es que tambi\u00e9n se le liquidar\u00eda.<\/p>\n<p>Se esperar\u00eda que se privilegie el uso de las herramientas digitales sobre los medios tradicionales y no se sabe c\u00f3mo se manejar\u00e1 la relaci\u00f3n con las secretar\u00edas, si se concentrar\u00e1 la informaci\u00f3n o si se les dar\u00e1 autonom\u00eda para que cada una informe de sus actividades.<\/p>\n<p><strong>Gestos de condolencia y solidaridad hablan bien de Nahle<\/strong><\/p>\n<p>Fot\u00f3grafos de Coatzacoalcos captaron el momento en que la Gobernadora Electa, Roc\u00edo Nahle, se fusion\u00f3 en un abrazo de condolencia y solidaridad con el joven Jorge Quezada, quien acudi\u00f3 a un mitin de la se\u00f1ora para pedirle justicia por el asesinato de su joven hermana, la pasante de enfermer\u00eda Noriko Dallana, un caso que conmocion\u00f3 el sur de Veracruz.<\/p>\n<p>La escena tuvo lugar el s\u00e1bado por la tarde en el parque Independencia, de Coatzacoalcos, la tierra adoptiva de Roc\u00edo. Un d\u00eda antes, la joven enfermera, de 21 a\u00f1os de edad, recibi\u00f3 un disparo en la cabeza cuando llegaba a laborar al Hospital General de la Zona del IMSS en Coatzacoalcos. Al t\u00e9rmino de su mitin, Nahle atendi\u00f3 a su hermano y le expres\u00f3 condolencias a nombre suyo y de familia y le dijo que estaba enterada del caso, prometi\u00e9ndole que no quedar\u00e1 impune.<\/p>\n<p>Lo ocurrido el s\u00e1bado no tendr\u00eda mayor relevancia si Veracruz tuviera autoridades cercanas a la gente, que en casos como el ocurrido atendieran personalmente a los deudos, los acompa\u00f1aran en su dolor, les dieran calor, palabras de aliento y les ofrecieran atender su petici\u00f3n de justicia, pero Cuitl\u00e1huac Garc\u00eda, que est\u00e1 a menos de un mes de irse, jam\u00e1s tuvo un gesto de compasi\u00f3n con sus representados y ha sido un gobernador deshumanizado, carente de sentimientos.<\/p>\n<p>La se\u00f1ora se vio bien y su gesto le da otra dimensi\u00f3n como inminente autoridad estatal cuando necesariamente se le tiene que comparar con Cuitl\u00e1huac. De entrada, cuando de hecho ya ha tomado el poder y est\u00e1 gobernando ante la el desinter\u00e9s del otro por Veracruz y los veracruzanos, se le tiene que reconocer que atienda a quienes ser\u00e1n sus gobernados en momentos de dolor. Habr\u00e1 que ver si con el paso del tiempo no cambia.<\/p>\n<p><strong>\u00a1Ooorale! Facebook me concede insignia de \u201cfan en ascenso\u201d \u00a1de Roc\u00edo!<\/strong><\/p>\n<p>El s\u00e1bado casi me ca\u00ed de la cama. Tan pronto despert\u00e9 y chequ\u00e9 mi tel\u00e9fono m\u00f3vil para ver qu\u00e9 novedad hab\u00eda, me encontr\u00e9 con que Facebook me acababa de otorgar una insignia \u00a1por interactuar de forma activa con Roc\u00edo Nahle!<\/p>\n<p>\u00a1Ooorale!, exclam\u00e9 sin salir de mi asombro. Me acord\u00e9 del lector que al primero o segundo d\u00eda del triunfo de Roc\u00edo, lo que registr\u00e9 en la columna, me advirti\u00f3 que si segu\u00eda escribiendo de ella me iba a dejar de leer, y de una amiga que me dijo que le costaba abrir Prosa aprisa sabiendo que escrib\u00eda de Nahle. Adem\u00e1s, me dijo Facebook que estoy \u201cen camino a convertirte en fan destacado\u201d.<\/p>\n<p>Y lo que se dice en esos casos: \u201cAcepta la insignia para mostrarla cuando comentes en su perfil o p\u00e1gina. Es posible que tambi\u00e9n se muestren tu nombre y foto del perfil si se te reconoce p\u00fablicamente\u201d. Ya me imagino a Roc\u00edo queriendo ver el nombre y la foto de uno de sus cr\u00edticos durante su campa\u00f1a. \u00a1Aj\u00e1, Facebook!, exclam\u00e9 dentro de m\u00ed.<\/p>\n<p>Aprovecho la oportunidad para comentar que, por supuesto, la se\u00f1ora no interact\u00faa conmigo y, que se sepa, con casi nadie. Seg\u00fan mis fuentes que han tratado con ella, son contados con quienes lo hace y hasta se tiene la mala idea de que muchos y muchas por haber andado en su campa\u00f1a reciben su saludo. Falso. Ni siquiera eso.<\/p>\n<p>En la campa\u00f1a fui muy claro en mi postura, y adem\u00e1s la coment\u00e9, mis razones, motivos, pero resulta que la campa\u00f1a ya pas\u00f3 y las autoridades ya validaron su triunfo y la proclamaron Gobernadora Electa. Me guste o no, es la figura pol\u00edtica estelar del momento y lo va a ser en los pr\u00f3ximos seis a\u00f1os, y como figura p\u00fablica necesariamente me voy a ocupar de ella como periodista y columnista pol\u00edtico.<\/p>\n<p>Tal vez porque lo he estado haciendo ya, Facebook interpret\u00f3 como que he ca\u00eddo en sus redes, \u00bfo en sus garras?, y estoy convertido en su fan y camino en convertirme en su \u00a1fan destacado! \u201cEn lo que par\u00f3\u201d, dir\u00e1n mis lectores; \u201ccreo que ya lo perdimos\u201d, expresar\u00e1n otros; \u201cconfirm\u00f3, no lo volver\u00e9 a leer\u201d, comentar\u00e1 aqu\u00e9l. \u00a1Ay!<\/p>\n<p>&nbsp;<\/p>\n","protected":false},"excerpt":{"rendered":"<p>Prosa Aprisa\/Por Arturo Reyes Isidoro. &nbsp; Qu\u00e9 recuerde \u2013tantos a\u00f1os ha\u2013 la Coordinaci\u00f3n General de Comunicaci\u00f3n Social (CGCS) naci\u00f3 en el bienio en el que gobern\u00f3 Fernando Guti\u00e9rrez Barrios (1986-1988), o sea, hace 36 a\u00f1os. Antes, hasta el gobierno de Agust\u00edn Acosta Lagunes, hab\u00eda sido Direcci\u00f3n de Prensa aunque \u2013eso creo recordar\u2013 hasta el gobierno de Rafael Hern\u00e1ndez Ochoa fue Jefatura de Prensa. La aparici\u00f3n de nuevos medios sumados a los tradicionales\u00a0El Dictamen\u00a0y el\u00a0Diario de Xalapa,\u00a0el crecimiento de reporteros y corresponsales de diarios de la Ciudad de M\u00e9xico, los avances&hellip;<\/p>\n","protected":false},"author":1,"featured_media":0,"comment_status":"open","ping_status":"closed","sticky":false,"template":"","format":"standard","meta":{"footnotes":""},"categories":[8,10],"tags":[112],"class_list":["post-108119","post","type-post","status-publish","format-standard","hentry","category-opinion","category-prosa-aprisa","tag-arturo-reyes-isidoro"],"jetpack-related-posts":[],"_links":{"self":[{"href":"https:\/\/www.noticiasperfil.com\/index\/wp-json\/wp\/v2\/posts\/108119","targetHints":{"allow":["GET"]}}],"collection":[{"href":"https:\/\/www.noticiasperfil.com\/index\/wp-json\/wp\/v2\/posts"}],"about":[{"href":"https:\/\/www.noticiasperfil.com\/index\/wp-json\/wp\/v2\/types\/post"}],"author":[{"embeddable":true,"href":"https:\/\/www.noticiasperfil.com\/index\/wp-json\/wp\/v2\/users\/1"}],"replies":[{"embeddable":true,"href":"https:\/\/www.noticiasperfil.com\/index\/wp-json\/wp\/v2\/comments?post=108119"}],"version-history":[{"count":1,"href":"https:\/\/www.noticiasperfil.com\/index\/wp-json\/wp\/v2\/posts\/108119\/revisions"}],"predecessor-version":[{"id":108120,"href":"https:\/\/www.noticiasperfil.com\/index\/wp-json\/wp\/v2\/posts\/108119\/revisions\/108120"}],"wp:attachment":[{"href":"https:\/\/www.noticiasperfil.com\/index\/wp-json\/wp\/v2\/media?parent=108119"}],"wp:term":[{"taxonomy":"category","embeddable":true,"href":"https:\/\/www.noticiasperfil.com\/index\/wp-json\/wp\/v2\/categories?post=108119"},{"taxonomy":"post_tag","embeddable":true,"href":"https:\/\/www.noticiasperfil.com\/index\/wp-json\/wp\/v2\/tags?post=108119"}],"curies":[{"name":"wp","href":"https:\/\/api.w.org\/{rel}","templated":true}]}}