{"id":108121,"date":"2024-07-23T22:22:27","date_gmt":"2024-07-24T03:22:27","guid":{"rendered":"https:\/\/www.noticiasperfil.com\/index\/?p=108121"},"modified":"2024-07-23T22:22:27","modified_gmt":"2024-07-24T03:22:27","slug":"inicia-curso-de-verano-mis-vacaciones-en-la-biblioteca-en-san-andres-tuxtla","status":"publish","type":"post","link":"https:\/\/www.noticiasperfil.com\/index\/2024\/07\/23\/inicia-curso-de-verano-mis-vacaciones-en-la-biblioteca-en-san-andres-tuxtla\/","title":{"rendered":"Inicia Curso de Verano \u00abMis Vacaciones en la Biblioteca\u00bb en San Andr\u00e9s Tuxtla"},"content":{"rendered":"<p><img loading=\"lazy\" decoding=\"async\" data-attachment-id=\"108122\" data-permalink=\"https:\/\/www.noticiasperfil.com\/index\/2024\/07\/23\/inicia-curso-de-verano-mis-vacaciones-en-la-biblioteca-en-san-andres-tuxtla\/biblioteca-sat-01\/\" data-orig-file=\"https:\/\/i1.wp.com\/www.noticiasperfil.com\/index\/wp-content\/uploads\/2024\/07\/biblioteca-sat-01.jpg?fit=960%2C720&amp;ssl=1\" data-orig-size=\"960,720\" data-comments-opened=\"1\" data-image-meta=\"{&quot;aperture&quot;:&quot;0&quot;,&quot;credit&quot;:&quot;&quot;,&quot;camera&quot;:&quot;&quot;,&quot;caption&quot;:&quot;&quot;,&quot;created_timestamp&quot;:&quot;0&quot;,&quot;copyright&quot;:&quot;&quot;,&quot;focal_length&quot;:&quot;0&quot;,&quot;iso&quot;:&quot;0&quot;,&quot;shutter_speed&quot;:&quot;0&quot;,&quot;title&quot;:&quot;&quot;,&quot;orientation&quot;:&quot;0&quot;}\" data-image-title=\"biblioteca-sat-01\" data-image-description=\"\" data-medium-file=\"https:\/\/i1.wp.com\/www.noticiasperfil.com\/index\/wp-content\/uploads\/2024\/07\/biblioteca-sat-01.jpg?fit=660%2C365&amp;ssl=1\" data-large-file=\"https:\/\/i1.wp.com\/www.noticiasperfil.com\/index\/wp-content\/uploads\/2024\/07\/biblioteca-sat-01.jpg?fit=640%2C366&amp;ssl=1\" class=\"aligncenter size-full wp-image-108122\" src=\"https:\/\/i1.wp.com\/www.noticiasperfil.com\/index\/wp-content\/uploads\/2024\/07\/biblioteca-sat-01.jpg?resize=640%2C480&#038;ssl=1\" alt=\"\" width=\"640\" height=\"480\" data-recalc-dims=\"1\" \/><\/p>\n<ul>\n<li><em><strong>De manera entretenida los ni\u00f1os aprenden y se divierten con este programa que ofrece el Gobierno Municipal de manera gratuita.<\/strong><\/em><\/li>\n<\/ul>\n<p>San Andr\u00e9s Tuxtla.- Este martes, con el respaldo del gobierno que encabeza la alcaldesa de San Andr\u00e9s Tuxtla, la doctora Mar\u00eda Elena Solana Calzada, y bajo la coordinaci\u00f3n de la encargada de la Biblioteca P\u00fablica Municipal la maestra Zahjira Tellez V\u00e1zquez, dio inicio el curso infantil \u00abMis Vacaciones en la Biblioteca\u00bb, donde a trav\u00e9s de actividades l\u00fadicas y did\u00e1cticas, los peque\u00f1os podr\u00e1n entretenerse y divertirse durante las semanas de vacaciones.<\/p>\n<p><img loading=\"lazy\" decoding=\"async\" data-attachment-id=\"108123\" data-permalink=\"https:\/\/www.noticiasperfil.com\/index\/2024\/07\/23\/inicia-curso-de-verano-mis-vacaciones-en-la-biblioteca-en-san-andres-tuxtla\/biblioteca-sat-02\/\" data-orig-file=\"https:\/\/i1.wp.com\/www.noticiasperfil.com\/index\/wp-content\/uploads\/2024\/07\/biblioteca-sat-02.jpg?fit=960%2C720&amp;ssl=1\" data-orig-size=\"960,720\" data-comments-opened=\"1\" data-image-meta=\"{&quot;aperture&quot;:&quot;0&quot;,&quot;credit&quot;:&quot;&quot;,&quot;camera&quot;:&quot;&quot;,&quot;caption&quot;:&quot;&quot;,&quot;created_timestamp&quot;:&quot;0&quot;,&quot;copyright&quot;:&quot;&quot;,&quot;focal_length&quot;:&quot;0&quot;,&quot;iso&quot;:&quot;0&quot;,&quot;shutter_speed&quot;:&quot;0&quot;,&quot;title&quot;:&quot;&quot;,&quot;orientation&quot;:&quot;0&quot;}\" data-image-title=\"biblioteca-sat-02\" data-image-description=\"\" data-medium-file=\"https:\/\/i1.wp.com\/www.noticiasperfil.com\/index\/wp-content\/uploads\/2024\/07\/biblioteca-sat-02.jpg?fit=660%2C365&amp;ssl=1\" data-large-file=\"https:\/\/i1.wp.com\/www.noticiasperfil.com\/index\/wp-content\/uploads\/2024\/07\/biblioteca-sat-02.jpg?fit=640%2C366&amp;ssl=1\" class=\"aligncenter size-full wp-image-108123\" src=\"https:\/\/i1.wp.com\/www.noticiasperfil.com\/index\/wp-content\/uploads\/2024\/07\/biblioteca-sat-02.jpg?resize=640%2C480&#038;ssl=1\" alt=\"\" width=\"640\" height=\"480\" data-recalc-dims=\"1\" \/><\/p>\n<p>A trav\u00e9s de la lectura, juegos y din\u00e1micas educativas, los peque\u00f1os participantes obtendr\u00e1n conocimientos.<\/p>\n<p><img loading=\"lazy\" decoding=\"async\" data-attachment-id=\"108124\" data-permalink=\"https:\/\/www.noticiasperfil.com\/index\/2024\/07\/23\/inicia-curso-de-verano-mis-vacaciones-en-la-biblioteca-en-san-andres-tuxtla\/biblioteca-sat-03\/\" data-orig-file=\"https:\/\/i1.wp.com\/www.noticiasperfil.com\/index\/wp-content\/uploads\/2024\/07\/biblioteca-sat-03.jpg?fit=960%2C720&amp;ssl=1\" data-orig-size=\"960,720\" data-comments-opened=\"1\" data-image-meta=\"{&quot;aperture&quot;:&quot;0&quot;,&quot;credit&quot;:&quot;&quot;,&quot;camera&quot;:&quot;&quot;,&quot;caption&quot;:&quot;&quot;,&quot;created_timestamp&quot;:&quot;0&quot;,&quot;copyright&quot;:&quot;&quot;,&quot;focal_length&quot;:&quot;0&quot;,&quot;iso&quot;:&quot;0&quot;,&quot;shutter_speed&quot;:&quot;0&quot;,&quot;title&quot;:&quot;&quot;,&quot;orientation&quot;:&quot;0&quot;}\" data-image-title=\"biblioteca-sat-03\" data-image-description=\"\" data-medium-file=\"https:\/\/i1.wp.com\/www.noticiasperfil.com\/index\/wp-content\/uploads\/2024\/07\/biblioteca-sat-03.jpg?fit=660%2C365&amp;ssl=1\" data-large-file=\"https:\/\/i1.wp.com\/www.noticiasperfil.com\/index\/wp-content\/uploads\/2024\/07\/biblioteca-sat-03.jpg?fit=640%2C366&amp;ssl=1\" class=\"aligncenter size-full wp-image-108124\" src=\"https:\/\/i1.wp.com\/www.noticiasperfil.com\/index\/wp-content\/uploads\/2024\/07\/biblioteca-sat-03.jpg?resize=640%2C480&#038;ssl=1\" alt=\"\" width=\"640\" height=\"480\" data-recalc-dims=\"1\" \/><\/p>\n<p>En representaci\u00f3n de la alcaldesa,el regidor cuarto, Edgar Leoncio Antemate Caixba, fue el encargado de inaugurar las actividades acompa\u00f1ado de padres de familia, ni\u00f1os y el personal de la Biblioteca P\u00fablica Municipal \u00abHermila Solana Ruiseco\u00bb, quienes colaborar\u00e1n como instructores durante los talleres.<\/p>\n<p><img loading=\"lazy\" decoding=\"async\" data-attachment-id=\"108125\" data-permalink=\"https:\/\/www.noticiasperfil.com\/index\/2024\/07\/23\/inicia-curso-de-verano-mis-vacaciones-en-la-biblioteca-en-san-andres-tuxtla\/biblioteca-sat-04\/\" data-orig-file=\"https:\/\/i1.wp.com\/www.noticiasperfil.com\/index\/wp-content\/uploads\/2024\/07\/biblioteca-sat-04.jpg?fit=960%2C720&amp;ssl=1\" data-orig-size=\"960,720\" data-comments-opened=\"1\" data-image-meta=\"{&quot;aperture&quot;:&quot;0&quot;,&quot;credit&quot;:&quot;&quot;,&quot;camera&quot;:&quot;&quot;,&quot;caption&quot;:&quot;&quot;,&quot;created_timestamp&quot;:&quot;0&quot;,&quot;copyright&quot;:&quot;&quot;,&quot;focal_length&quot;:&quot;0&quot;,&quot;iso&quot;:&quot;0&quot;,&quot;shutter_speed&quot;:&quot;0&quot;,&quot;title&quot;:&quot;&quot;,&quot;orientation&quot;:&quot;0&quot;}\" data-image-title=\"biblioteca-sat-04\" data-image-description=\"\" data-medium-file=\"https:\/\/i1.wp.com\/www.noticiasperfil.com\/index\/wp-content\/uploads\/2024\/07\/biblioteca-sat-04.jpg?fit=660%2C365&amp;ssl=1\" data-large-file=\"https:\/\/i1.wp.com\/www.noticiasperfil.com\/index\/wp-content\/uploads\/2024\/07\/biblioteca-sat-04.jpg?fit=640%2C366&amp;ssl=1\" class=\"aligncenter size-full wp-image-108125\" src=\"https:\/\/i1.wp.com\/www.noticiasperfil.com\/index\/wp-content\/uploads\/2024\/07\/biblioteca-sat-04.jpg?resize=640%2C480&#038;ssl=1\" alt=\"\" width=\"640\" height=\"480\" data-recalc-dims=\"1\" \/><\/p>\n<p>\u00abCon el respaldo de la maestra Zahjira Tellez V\u00e1zquez y en coordinaci\u00f3n con todo el equipo de la Biblioteca P\u00fablica Municipal, nos da gusto inaugurar este curso que se impartir\u00e1 a peque\u00f1os de diferentes edades, aprovechando de manera productiva sus vacaciones y demostrando que la educaci\u00f3n puede ser divertida. Agradecemos a nombre de la doctora Mar\u00eda Elena Solana Calzada, nuestra Presidenta Municipal, la confianza de los padres de familia y los invitamos a que sigan trayendo a sus hijos a la biblioteca, no solo en vacaciones porque aqu\u00ed hay un mundo de diversi\u00f3n e imaginaci\u00f3n en cada libro, esta es su casa, un recinto del saber, gracias\u00bb, concluy\u00f3 el regidor al inaugurar las actividades.<\/p>\n<p><img loading=\"lazy\" decoding=\"async\" data-attachment-id=\"108126\" data-permalink=\"https:\/\/www.noticiasperfil.com\/index\/2024\/07\/23\/inicia-curso-de-verano-mis-vacaciones-en-la-biblioteca-en-san-andres-tuxtla\/biblioteca-sat-05\/\" data-orig-file=\"https:\/\/i2.wp.com\/www.noticiasperfil.com\/index\/wp-content\/uploads\/2024\/07\/biblioteca-sat-05.jpg?fit=960%2C720&amp;ssl=1\" data-orig-size=\"960,720\" data-comments-opened=\"1\" data-image-meta=\"{&quot;aperture&quot;:&quot;0&quot;,&quot;credit&quot;:&quot;&quot;,&quot;camera&quot;:&quot;&quot;,&quot;caption&quot;:&quot;&quot;,&quot;created_timestamp&quot;:&quot;0&quot;,&quot;copyright&quot;:&quot;&quot;,&quot;focal_length&quot;:&quot;0&quot;,&quot;iso&quot;:&quot;0&quot;,&quot;shutter_speed&quot;:&quot;0&quot;,&quot;title&quot;:&quot;&quot;,&quot;orientation&quot;:&quot;0&quot;}\" data-image-title=\"biblioteca-sat-05\" data-image-description=\"\" data-medium-file=\"https:\/\/i2.wp.com\/www.noticiasperfil.com\/index\/wp-content\/uploads\/2024\/07\/biblioteca-sat-05.jpg?fit=660%2C365&amp;ssl=1\" data-large-file=\"https:\/\/i2.wp.com\/www.noticiasperfil.com\/index\/wp-content\/uploads\/2024\/07\/biblioteca-sat-05.jpg?fit=640%2C366&amp;ssl=1\" class=\"aligncenter size-full wp-image-108126\" src=\"https:\/\/i2.wp.com\/www.noticiasperfil.com\/index\/wp-content\/uploads\/2024\/07\/biblioteca-sat-05.jpg?resize=640%2C480&#038;ssl=1\" alt=\"\" width=\"640\" height=\"480\" data-recalc-dims=\"1\" \/><\/p>\n","protected":false},"excerpt":{"rendered":"<p>De manera entretenida los ni\u00f1os aprenden y se divierten con este programa que ofrece el Gobierno Municipal de manera gratuita. San Andr\u00e9s Tuxtla.- Este martes, con el respaldo del gobierno que encabeza la alcaldesa de San Andr\u00e9s Tuxtla, la doctora Mar\u00eda Elena Solana Calzada, y bajo la coordinaci\u00f3n de la encargada de la Biblioteca P\u00fablica Municipal la maestra Zahjira Tellez V\u00e1zquez, dio inicio el curso infantil \u00abMis Vacaciones en la Biblioteca\u00bb, donde a trav\u00e9s de actividades l\u00fadicas y did\u00e1cticas, los peque\u00f1os podr\u00e1n entretenerse y divertirse durante las semanas de vacaciones.&hellip;<\/p>\n","protected":false},"author":1,"featured_media":108122,"comment_status":"open","ping_status":"closed","sticky":false,"template":"","format":"standard","meta":{"footnotes":""},"categories":[3,12],"tags":[],"class_list":["post-108121","post","type-post","status-publish","format-standard","has-post-thumbnail","hentry","category-destacadas","category-san-andres-tuxtla"],"jetpack-related-posts":[],"_links":{"self":[{"href":"https:\/\/www.noticiasperfil.com\/index\/wp-json\/wp\/v2\/posts\/108121","targetHints":{"allow":["GET"]}}],"collection":[{"href":"https:\/\/www.noticiasperfil.com\/index\/wp-json\/wp\/v2\/posts"}],"about":[{"href":"https:\/\/www.noticiasperfil.com\/index\/wp-json\/wp\/v2\/types\/post"}],"author":[{"embeddable":true,"href":"https:\/\/www.noticiasperfil.com\/index\/wp-json\/wp\/v2\/users\/1"}],"replies":[{"embeddable":true,"href":"https:\/\/www.noticiasperfil.com\/index\/wp-json\/wp\/v2\/comments?post=108121"}],"version-history":[{"count":1,"href":"https:\/\/www.noticiasperfil.com\/index\/wp-json\/wp\/v2\/posts\/108121\/revisions"}],"predecessor-version":[{"id":108127,"href":"https:\/\/www.noticiasperfil.com\/index\/wp-json\/wp\/v2\/posts\/108121\/revisions\/108127"}],"wp:featuredmedia":[{"embeddable":true,"href":"https:\/\/www.noticiasperfil.com\/index\/wp-json\/wp\/v2\/media\/108122"}],"wp:attachment":[{"href":"https:\/\/www.noticiasperfil.com\/index\/wp-json\/wp\/v2\/media?parent=108121"}],"wp:term":[{"taxonomy":"category","embeddable":true,"href":"https:\/\/www.noticiasperfil.com\/index\/wp-json\/wp\/v2\/categories?post=108121"},{"taxonomy":"post_tag","embeddable":true,"href":"https:\/\/www.noticiasperfil.com\/index\/wp-json\/wp\/v2\/tags?post=108121"}],"curies":[{"name":"wp","href":"https:\/\/api.w.org\/{rel}","templated":true}]}}