{"id":108131,"date":"2024-07-24T12:16:38","date_gmt":"2024-07-24T17:16:38","guid":{"rendered":"https:\/\/www.noticiasperfil.com\/index\/?p=108131"},"modified":"2024-07-24T12:16:38","modified_gmt":"2024-07-24T17:16:38","slug":"carlos-juarez-y-ricardo-ahued-inician-proceso-de-entrega-recepcion-de-la-segob","status":"publish","type":"post","link":"https:\/\/www.noticiasperfil.com\/index\/2024\/07\/24\/carlos-juarez-y-ricardo-ahued-inician-proceso-de-entrega-recepcion-de-la-segob\/","title":{"rendered":"Carlos Ju\u00e1rez y Ricardo Ahued inician proceso de entrega-recepci\u00f3n de la Segob"},"content":{"rendered":"<p><img loading=\"lazy\" decoding=\"async\" data-attachment-id=\"108132\" data-permalink=\"https:\/\/www.noticiasperfil.com\/index\/2024\/07\/24\/carlos-juarez-y-ricardo-ahued-inician-proceso-de-entrega-recepcion-de-la-segob\/juarez-ahued\/\" data-orig-file=\"https:\/\/i2.wp.com\/www.noticiasperfil.com\/index\/wp-content\/uploads\/2024\/07\/juarez-ahued.jpg?fit=913%2C843&amp;ssl=1\" data-orig-size=\"913,843\" data-comments-opened=\"1\" data-image-meta=\"{&quot;aperture&quot;:&quot;0&quot;,&quot;credit&quot;:&quot;&quot;,&quot;camera&quot;:&quot;&quot;,&quot;caption&quot;:&quot;&quot;,&quot;created_timestamp&quot;:&quot;0&quot;,&quot;copyright&quot;:&quot;&quot;,&quot;focal_length&quot;:&quot;0&quot;,&quot;iso&quot;:&quot;0&quot;,&quot;shutter_speed&quot;:&quot;0&quot;,&quot;title&quot;:&quot;&quot;,&quot;orientation&quot;:&quot;0&quot;}\" data-image-title=\"juarez-ahued\" data-image-description=\"\" data-medium-file=\"https:\/\/i2.wp.com\/www.noticiasperfil.com\/index\/wp-content\/uploads\/2024\/07\/juarez-ahued.jpg?fit=660%2C365&amp;ssl=1\" data-large-file=\"https:\/\/i2.wp.com\/www.noticiasperfil.com\/index\/wp-content\/uploads\/2024\/07\/juarez-ahued.jpg?fit=640%2C366&amp;ssl=1\" class=\"aligncenter size-full wp-image-108132\" src=\"https:\/\/i2.wp.com\/www.noticiasperfil.com\/index\/wp-content\/uploads\/2024\/07\/juarez-ahued.jpg?resize=640%2C591&#038;ssl=1\" alt=\"\" width=\"640\" height=\"591\" data-recalc-dims=\"1\" \/><\/p>\n<p>Xalapa, Ver.- El secretario de Gobierno en el Estado, Carlos Ju\u00e1rez Gil inform\u00f3 a trav\u00e9s de sus redes sociales que este martes por la tarde sostuvo reuni\u00f3n con Ricardo Ahued Bardahuil, con motivo del inicio del proceso entrega-recepci\u00f3n de dicha dependencia en la entidad.<\/p>\n<p>\u00abEsta tarde, recib\u00ed a Ricardo Ahued Bardahuil, para iniciar el proceso de entrega-recepci\u00f3n de la Secretar\u00eda de Gobierno.<\/p>\n<p>Nos da gusto que una persona con mucho reconocimiento social en nuestra bella capital y af\u00edn a nuestro movimiento, suceda este cargo de gran responsabilidad para la gobernabilidad de Veracruz.<\/p>\n<p>Llevaremos a cabo una transici\u00f3n con armon\u00eda, orden y transparencia, atendiendo las instrucciones del gobernador Cuitl\u00e1huac Garc\u00eda Jim\u00e9nez y la gobernadora electa Roc\u00edo Nahle\u00bb, as\u00ed lo inform\u00f3 el titular de Segob en su cuenta de la red social, Facebook.<\/p>\n<p>&nbsp;<\/p>\n<p>&nbsp;<\/p>\n","protected":false},"excerpt":{"rendered":"<p>Xalapa, Ver.- El secretario de Gobierno en el Estado, Carlos Ju\u00e1rez Gil inform\u00f3 a trav\u00e9s de sus redes sociales que este martes por la tarde sostuvo reuni\u00f3n con Ricardo Ahued Bardahuil, con motivo del inicio del proceso entrega-recepci\u00f3n de dicha dependencia en la entidad. \u00abEsta tarde, recib\u00ed a Ricardo Ahued Bardahuil, para iniciar el proceso de entrega-recepci\u00f3n de la Secretar\u00eda de Gobierno. Nos da gusto que una persona con mucho reconocimiento social en nuestra bella capital y af\u00edn a nuestro movimiento, suceda este cargo de gran responsabilidad para la gobernabilidad&hellip;<\/p>\n","protected":false},"author":1,"featured_media":108132,"comment_status":"open","ping_status":"closed","sticky":false,"template":"","format":"standard","meta":{"footnotes":""},"categories":[3,4],"tags":[5625,1722],"class_list":["post-108131","post","type-post","status-publish","format-standard","has-post-thumbnail","hentry","category-destacadas","category-estatal","tag-carlos-juarez-gil","tag-ricardo-ahued-bardahuil"],"jetpack-related-posts":[],"_links":{"self":[{"href":"https:\/\/www.noticiasperfil.com\/index\/wp-json\/wp\/v2\/posts\/108131","targetHints":{"allow":["GET"]}}],"collection":[{"href":"https:\/\/www.noticiasperfil.com\/index\/wp-json\/wp\/v2\/posts"}],"about":[{"href":"https:\/\/www.noticiasperfil.com\/index\/wp-json\/wp\/v2\/types\/post"}],"author":[{"embeddable":true,"href":"https:\/\/www.noticiasperfil.com\/index\/wp-json\/wp\/v2\/users\/1"}],"replies":[{"embeddable":true,"href":"https:\/\/www.noticiasperfil.com\/index\/wp-json\/wp\/v2\/comments?post=108131"}],"version-history":[{"count":1,"href":"https:\/\/www.noticiasperfil.com\/index\/wp-json\/wp\/v2\/posts\/108131\/revisions"}],"predecessor-version":[{"id":108133,"href":"https:\/\/www.noticiasperfil.com\/index\/wp-json\/wp\/v2\/posts\/108131\/revisions\/108133"}],"wp:featuredmedia":[{"embeddable":true,"href":"https:\/\/www.noticiasperfil.com\/index\/wp-json\/wp\/v2\/media\/108132"}],"wp:attachment":[{"href":"https:\/\/www.noticiasperfil.com\/index\/wp-json\/wp\/v2\/media?parent=108131"}],"wp:term":[{"taxonomy":"category","embeddable":true,"href":"https:\/\/www.noticiasperfil.com\/index\/wp-json\/wp\/v2\/categories?post=108131"},{"taxonomy":"post_tag","embeddable":true,"href":"https:\/\/www.noticiasperfil.com\/index\/wp-json\/wp\/v2\/tags?post=108131"}],"curies":[{"name":"wp","href":"https:\/\/api.w.org\/{rel}","templated":true}]}}