{"id":108134,"date":"2024-07-24T12:48:38","date_gmt":"2024-07-24T17:48:38","guid":{"rendered":"https:\/\/www.noticiasperfil.com\/index\/?p=108134"},"modified":"2024-07-24T12:48:38","modified_gmt":"2024-07-24T17:48:38","slug":"bajo-investigacion-policias-de-la-ssp-por-disparar-contra-estudiantes-de-la-ibero-puebla-informa-gobernador","status":"publish","type":"post","link":"https:\/\/www.noticiasperfil.com\/index\/2024\/07\/24\/bajo-investigacion-policias-de-la-ssp-por-disparar-contra-estudiantes-de-la-ibero-puebla-informa-gobernador\/","title":{"rendered":"Bajo investigaci\u00f3n polic\u00edas de la SSP por disparar contra estudiantes de la Ibero Puebla, informa Gobernador"},"content":{"rendered":"<p><img loading=\"lazy\" decoding=\"async\" data-attachment-id=\"108135\" data-permalink=\"https:\/\/www.noticiasperfil.com\/index\/2024\/07\/24\/bajo-investigacion-policias-de-la-ssp-por-disparar-contra-estudiantes-de-la-ibero-puebla-informa-gobernador\/cuitlahuac-garcia-225\/\" data-orig-file=\"https:\/\/i2.wp.com\/www.noticiasperfil.com\/index\/wp-content\/uploads\/2024\/07\/cuitlahuac-garcia.jpg?fit=1600%2C1066&amp;ssl=1\" data-orig-size=\"1600,1066\" data-comments-opened=\"1\" data-image-meta=\"{&quot;aperture&quot;:&quot;0&quot;,&quot;credit&quot;:&quot;&quot;,&quot;camera&quot;:&quot;&quot;,&quot;caption&quot;:&quot;&quot;,&quot;created_timestamp&quot;:&quot;0&quot;,&quot;copyright&quot;:&quot;&quot;,&quot;focal_length&quot;:&quot;0&quot;,&quot;iso&quot;:&quot;0&quot;,&quot;shutter_speed&quot;:&quot;0&quot;,&quot;title&quot;:&quot;&quot;,&quot;orientation&quot;:&quot;0&quot;}\" data-image-title=\"cuitlahuac-garcia\" data-image-description=\"\" data-medium-file=\"https:\/\/i2.wp.com\/www.noticiasperfil.com\/index\/wp-content\/uploads\/2024\/07\/cuitlahuac-garcia.jpg?fit=660%2C365&amp;ssl=1\" data-large-file=\"https:\/\/i2.wp.com\/www.noticiasperfil.com\/index\/wp-content\/uploads\/2024\/07\/cuitlahuac-garcia.jpg?fit=640%2C366&amp;ssl=1\" class=\"aligncenter size-full wp-image-108135\" src=\"https:\/\/i2.wp.com\/www.noticiasperfil.com\/index\/wp-content\/uploads\/2024\/07\/cuitlahuac-garcia.jpg?resize=640%2C426&#038;ssl=1\" alt=\"\" width=\"640\" height=\"426\" srcset=\"https:\/\/i2.wp.com\/www.noticiasperfil.com\/index\/wp-content\/uploads\/2024\/07\/cuitlahuac-garcia.jpg?w=1600&amp;ssl=1 1600w, https:\/\/i2.wp.com\/www.noticiasperfil.com\/index\/wp-content\/uploads\/2024\/07\/cuitlahuac-garcia.jpg?resize=1536%2C1023&amp;ssl=1 1536w, https:\/\/i2.wp.com\/www.noticiasperfil.com\/index\/wp-content\/uploads\/2024\/07\/cuitlahuac-garcia.jpg?w=1280&amp;ssl=1 1280w\" sizes=\"auto, (max-width: 640px) 100vw, 640px\" data-recalc-dims=\"1\" \/><\/p>\n<p>Xalapa, Ver.- El gobernador Cuitl\u00e1huac Garc\u00eda Jim\u00e9nez, inform\u00f3 que ya se investiga a elementos de la Secretaria de Seguridad P\u00fablica que habr\u00edan disparado contra dos estudiantes de la Universidad Iberoamericana (IBERO) de Puebla, la madrugada de este mi\u00e9rcoles en Xalapa.<\/p>\n<p>\u00abInformarles que he instruido que se preste la atenci\u00f3n a los j\u00f3venes que se vieron involucrados ayer en una situaci\u00f3n dif\u00edcil, d\u00f3nde dos patrulleros motorizados fueron arrollados y de ah\u00ed se desata la persecuci\u00f3n, dispararon contra los dos j\u00f3venes\u00bb.<\/p>\n<p>Los hechos se registraron la madrugada de este mi\u00e9rcoles en el fraccionamiento residencial \u00abLos Lagos\u00bb de esta capital, cuando elementos de la Secretar\u00eda de Seguridad P\u00fablica habr\u00edan disparado dn contra de 2 j\u00f3venes estudiantes de la Ibero de Puebla.<\/p>\n<p>Los j\u00f3venes presuntamente se opusieron a una revisi\u00f3n que les pidieron los uniformados, por lo que fueron perseguidos y posteriormente baleados.<\/p>\n<p>Ante las heridas de las armas de fuego fueron trasladados a un hospital privado de la ciudad.<\/p>\n<p>Dos polic\u00edas motorizados tambi\u00e9n resultaron lesionados al caer de sus motos dado al impacto de la camioneta donde circulaban los j\u00f3venes; sin embargo fueron auxiliados por param\u00e9dicos y trasladados al hospital.<\/p>\n<p>De acuerdo al reporte oficial, los uniformados percibieron sospechosos a las v\u00edctimas, pues eran m\u00e1s de la media noche y estaban estacionados presuntamente solo platicado en una calle de la \u00c1nimas, cuando les pidieron la revisi\u00f3n, no obstante, el conductor de la camioneta se dirigi\u00f3 a refugiarse a su domicilio el Residencial Los Lagos donde fueron alcanzados por varias unidades de la SSP y motociclistas.<\/p>\n<p>Posteriormente a lo anterior, las v\u00edctimas lograron escapar de las patrullas y llegar a un domicilio particular de una amiga y ah\u00ed se refugiaron, hasta que llegaron abogados y param\u00e9dicos para poder atenderlos y trasladarlos a un nosocomio.<\/p>\n<p>En conferencia de gobierno, el gobernador Cuitl\u00e1huac Garc\u00eda Jim\u00e9nez, precis\u00f3 que los j\u00f3venes se encuentran bien.<br \/>\n\u00abHay que darle oportunidad a los j\u00f3venes y al abogado de ellos a que se den su versi\u00f3n y ten\u00edamos un c\u00f3digo rojo por un hecho en la Estanzuela y la zona se estaba cubriendo con el c\u00f3digo rojo y bueno pues lleg\u00f3 a pasar esto, pero s\u00ed es muy importante que los j\u00f3venes se les preste toda la atenci\u00f3n que tengan su oportunidad tambi\u00e9n de dar su versi\u00f3n\u00bb.<\/p>\n<p>En otro tema, Garc\u00eda Jim\u00e9nez precis\u00f3 que ya se atiende el accidente de Omealca donde una persona falleci\u00f3 y 8 resultaron heridas por el colapso de un puente en la localidad de Tenejapan el pasado martes.<\/p>\n<p>Donde cuatro ya fueron dadas de alta y 4 a\u00fan permanecen en observaci\u00f3n.<\/p>\n<p>\u00abEstamos atendiendo desde que sucedi\u00f3 y de los de las ocho personas que fueron trasladadas al hospital general de C\u00f3rdoba ya est\u00e1n dados de alta cuatro personas y cuatro todav\u00eda est\u00e1n en el hospital por fortuna todos estables con algunas lesiones pero estables todos o sea no tienen este riesgo de que sea grave\u00bb.<\/p>\n","protected":false},"excerpt":{"rendered":"<p>Xalapa, Ver.- El gobernador Cuitl\u00e1huac Garc\u00eda Jim\u00e9nez, inform\u00f3 que ya se investiga a elementos de la Secretaria de Seguridad P\u00fablica que habr\u00edan disparado contra dos estudiantes de la Universidad Iberoamericana (IBERO) de Puebla, la madrugada de este mi\u00e9rcoles en Xalapa. \u00abInformarles que he instruido que se preste la atenci\u00f3n a los j\u00f3venes que se vieron involucrados ayer en una situaci\u00f3n dif\u00edcil, d\u00f3nde dos patrulleros motorizados fueron arrollados y de ah\u00ed se desata la persecuci\u00f3n, dispararon contra los dos j\u00f3venes\u00bb. Los hechos se registraron la madrugada de este mi\u00e9rcoles en el&hellip;<\/p>\n","protected":false},"author":1,"featured_media":108135,"comment_status":"open","ping_status":"closed","sticky":false,"template":"","format":"standard","meta":{"footnotes":""},"categories":[3,4],"tags":[339,1370],"class_list":["post-108134","post","type-post","status-publish","format-standard","has-post-thumbnail","hentry","category-destacadas","category-estatal","tag-cuitlahuac-garcia-jimenez","tag-ssp-veracruz"],"jetpack-related-posts":[],"_links":{"self":[{"href":"https:\/\/www.noticiasperfil.com\/index\/wp-json\/wp\/v2\/posts\/108134","targetHints":{"allow":["GET"]}}],"collection":[{"href":"https:\/\/www.noticiasperfil.com\/index\/wp-json\/wp\/v2\/posts"}],"about":[{"href":"https:\/\/www.noticiasperfil.com\/index\/wp-json\/wp\/v2\/types\/post"}],"author":[{"embeddable":true,"href":"https:\/\/www.noticiasperfil.com\/index\/wp-json\/wp\/v2\/users\/1"}],"replies":[{"embeddable":true,"href":"https:\/\/www.noticiasperfil.com\/index\/wp-json\/wp\/v2\/comments?post=108134"}],"version-history":[{"count":1,"href":"https:\/\/www.noticiasperfil.com\/index\/wp-json\/wp\/v2\/posts\/108134\/revisions"}],"predecessor-version":[{"id":108136,"href":"https:\/\/www.noticiasperfil.com\/index\/wp-json\/wp\/v2\/posts\/108134\/revisions\/108136"}],"wp:featuredmedia":[{"embeddable":true,"href":"https:\/\/www.noticiasperfil.com\/index\/wp-json\/wp\/v2\/media\/108135"}],"wp:attachment":[{"href":"https:\/\/www.noticiasperfil.com\/index\/wp-json\/wp\/v2\/media?parent=108134"}],"wp:term":[{"taxonomy":"category","embeddable":true,"href":"https:\/\/www.noticiasperfil.com\/index\/wp-json\/wp\/v2\/categories?post=108134"},{"taxonomy":"post_tag","embeddable":true,"href":"https:\/\/www.noticiasperfil.com\/index\/wp-json\/wp\/v2\/tags?post=108134"}],"curies":[{"name":"wp","href":"https:\/\/api.w.org\/{rel}","templated":true}]}}