{"id":108137,"date":"2024-07-24T13:39:02","date_gmt":"2024-07-24T18:39:02","guid":{"rendered":"https:\/\/www.noticiasperfil.com\/index\/?p=108137"},"modified":"2024-07-24T13:39:02","modified_gmt":"2024-07-24T18:39:02","slug":"defiende-amlo-trabajo-de-migrantes-integracion-economica-y-apertura-ordenada-de-frontera-en-carta-a-donald-trump","status":"publish","type":"post","link":"https:\/\/www.noticiasperfil.com\/index\/2024\/07\/24\/defiende-amlo-trabajo-de-migrantes-integracion-economica-y-apertura-ordenada-de-frontera-en-carta-a-donald-trump\/","title":{"rendered":"Defiende AMLO trabajo de migrantes, integraci\u00f3n econ\u00f3mica y apertura ordenada de frontera en carta a Donald Trump"},"content":{"rendered":"<p><img loading=\"lazy\" decoding=\"async\" data-attachment-id=\"108138\" data-permalink=\"https:\/\/www.noticiasperfil.com\/index\/2024\/07\/24\/defiende-amlo-trabajo-de-migrantes-integracion-economica-y-apertura-ordenada-de-frontera-en-carta-a-donald-trump\/amlo-277\/\" data-orig-file=\"https:\/\/i0.wp.com\/www.noticiasperfil.com\/index\/wp-content\/uploads\/2024\/07\/amlo-2.jpg?fit=745%2C450&amp;ssl=1\" data-orig-size=\"745,450\" data-comments-opened=\"1\" data-image-meta=\"{&quot;aperture&quot;:&quot;0&quot;,&quot;credit&quot;:&quot;&quot;,&quot;camera&quot;:&quot;&quot;,&quot;caption&quot;:&quot;&quot;,&quot;created_timestamp&quot;:&quot;0&quot;,&quot;copyright&quot;:&quot;&quot;,&quot;focal_length&quot;:&quot;0&quot;,&quot;iso&quot;:&quot;0&quot;,&quot;shutter_speed&quot;:&quot;0&quot;,&quot;title&quot;:&quot;&quot;,&quot;orientation&quot;:&quot;0&quot;}\" data-image-title=\"amlo\" data-image-description=\"\" data-medium-file=\"https:\/\/i0.wp.com\/www.noticiasperfil.com\/index\/wp-content\/uploads\/2024\/07\/amlo-2.jpg?fit=660%2C365&amp;ssl=1\" data-large-file=\"https:\/\/i0.wp.com\/www.noticiasperfil.com\/index\/wp-content\/uploads\/2024\/07\/amlo-2.jpg?fit=640%2C387&amp;ssl=1\" class=\"aligncenter size-full wp-image-108138\" src=\"https:\/\/i0.wp.com\/www.noticiasperfil.com\/index\/wp-content\/uploads\/2024\/07\/amlo-2.jpg?resize=640%2C387&#038;ssl=1\" alt=\"\" width=\"640\" height=\"387\" data-recalc-dims=\"1\" \/><\/p>\n<p>Ciudad de M\u00e9xico.- El presidente Andr\u00e9s Manuel L\u00f3pez Obrador present\u00f3 la\u00a0<strong>carta que enviar\u00e1 a Donald Trump<\/strong>, expresidente y candidato presidencial republicano en Estados Unidos, en la que reafirma la defensa a la poblaci\u00f3n mexicana migrante y su contribuci\u00f3n al desarrollo de ese pa\u00eds; explica la importancia de la integraci\u00f3n econ\u00f3mica entre las naciones y plantea que es posible una apertura ordenada de la frontera.<\/p>\n<p>En la misiva con fecha del 23 de julio de 2024, le\u00edda por el mandatario en conferencia matutina, expone que viven 37.7 millones de mexicanos, quienes engrandecen con su fuerza de trabajo a esa naci\u00f3n:<\/p>\n<blockquote><p>\u00abEl a\u00f1o pasado, los mexicanos en Estados Unidos contribuyeron a la econom\u00eda de ese pa\u00eds con 325 mil millones de d\u00f3lares y generosamente enviaron a sus familiares en M\u00e9xico 63 mil millones de d\u00f3lares; es decir, mandan 18.5% y dejan en Estados Unidos el 81.5 % del total de sus ingresos\u00bb.<\/p><\/blockquote>\n<p>Tambi\u00e9n resalta que la frontera entre M\u00e9xico y Estados Unidos marca la integraci\u00f3n econ\u00f3mica y comercial por el cruce diario en ambas direcciones de un mill\u00f3n de personas y 300 mil veh\u00edculos en puentes y aduanas, de los cuales, 70 mil transportan mercanc\u00edas.<\/p>\n<p>El cierre de la l\u00ednea divisoria entre pa\u00edses ser\u00eda equivalente a convocar a una rebeli\u00f3n en ambos pa\u00edses por los da\u00f1os que causar\u00eda a los pueblos, a la industria y al comercio, se\u00f1al\u00f3 el jefe del Ejecutivo:<\/p>\n<blockquote><p>\u00abEsta perspectiva indeseable se manifestar\u00eda con particular gravedad en Estados Unidos y especialmente en California, Arizona, Nuevo M\u00e9xico y Texas, que junto con los seis estados fronterizos del lado mexicano representan la cuarta econom\u00eda mundial\u00bb.<\/p><\/blockquote>\n<blockquote><p>\u00abEs incuestionable que Estados Unidos posee en esta actividad una experiencia hist\u00f3rica inigualable en el mundo y que cuenta, adem\u00e1s, con tecnolog\u00eda y capital; sin embargo, sus costos de producci\u00f3n son muy altos, situaci\u00f3n que se ha venido resolviendo precisamente con la creaci\u00f3n de plantas automotrices y de autopartes en nuestro pa\u00eds, en beneficio tanto de los inversionistas y de las empresas como de los trabajadores y los consumidores estadunidenses\u00bb, expresa el presidente L\u00f3pez Obrador en la carta.<\/p><\/blockquote>\n<p>Por ejemplo, dijo, la compra de un autom\u00f3vil importado de M\u00e9xico representa al ciudadano estadounidense ahorros de entre 10 y 15 mil d\u00f3lares.<\/p>\n<p>Llam\u00f3 al di\u00e1logo, a la cooperaci\u00f3n y a la construcci\u00f3n de acuerdos en materia de migraci\u00f3n que, reiter\u00f3, debe atenderse este fen\u00f3meno desde las causas y a partir de la creaci\u00f3n de mejores condiciones de vida y trabajo en los pa\u00edses de origen, en lugar de adoptar medidas coercitivas y unilaterales que da\u00f1ar\u00edan las econom\u00edas y a las poblaciones.<\/p>\n<p>Indic\u00f3 que el Tratado de Libre Comercio entre M\u00e9xico, Estados Unidos y Canad\u00e1 (T-MEC) es la \u00fanica opci\u00f3n para hacer frente a la competencia que significa el avance econ\u00f3mico y comercial de China:<\/p>\n<blockquote><p>\u00abAmigo presidente Trump: sin el tratado comercial que tanto nos ha beneficiado a los pueblos de Canad\u00e1, Estados Unidos y M\u00e9xico \u2014fundamentalmente por la sustituci\u00f3n de importaciones y la creaci\u00f3n de empleos en las tres naciones\u2014 correr\u00edamos el riesgo de quedarnos rezagados, pues China pretende leg\u00edtimamente alcanzar el 32% del PIB mundial en 2040; en contraste, si las naciones de Norteam\u00e9rica no nos unimos y no nos fortalecemos mutuamente, apenas lograremos el 23% por ciento\u00bb.<\/p><\/blockquote>\n<p>Record\u00f3 que la propuesta del Gobierno de M\u00e9xico es consolidar a Am\u00e9rica del Norte como una regi\u00f3n independiente en el abasto de mercanc\u00edas e insumos, promover la apertura ordenada de las fronteras entre los tres pa\u00edses e integrar a todo el continente americano en materia econ\u00f3mica aprovechando el potencial en recursos naturales, tecnolog\u00eda y mano de obra.<\/p>\n<blockquote><p>\u00abBuscamos, en suma, convertir este continente en la regi\u00f3n m\u00e1s poderosa del mundo, sin exclusiones y con respeto a la libertad, la independencia y la soberan\u00eda de todos sus pueblos y naciones\u00bb, afirma el jefe del Ejecutivo a Donald Trump.<\/p><\/blockquote>\n<p>Refiri\u00f3 que los discursos de candidatos en campa\u00f1a en Estados Unidos y en cualquier pa\u00eds del mundo tienen la intenci\u00f3n de obtener y convencer a la mayor cantidad de electores:<\/p>\n<blockquote><p>\u00abLas propuestas siempre se orientan m\u00e1s a convencer a los electores y a despertar sus pasiones que a buscar el equilibrio entre sentimientos y razones; por eso no me preocupa tanto lo que se diga en esta temporada de mucha ret\u00f3rica en que suele hablarse fuerte y en demas\u00eda\u00bb.<\/p><\/blockquote>\n<p>En el Sal\u00f3n de la Tesorer\u00eda de Palacio Nacional mencion\u00f3 que la carta demuestra el inter\u00e9s del Gobierno de la Cuarta Transformaci\u00f3n en la integraci\u00f3n comercial y la protecci\u00f3n de migrantes.<\/p>\n<p>Hizo un llamado a las y los connacionales en Estados Unidos a mantenerse informados y a no caer en provocaciones.<\/p>\n<blockquote><p>\u201cDecirle a la gente, a todos los mexicanos paisanos y a todos los que ven la ma\u00f1anera, que no se crean mucho lo que se dice en las campa\u00f1as. Lo ideal es que se act\u00fae de manera consecuente\u201d, remarc\u00f3.<\/p><\/blockquote>\n","protected":false},"excerpt":{"rendered":"<p>Ciudad de M\u00e9xico.- El presidente Andr\u00e9s Manuel L\u00f3pez Obrador present\u00f3 la\u00a0carta que enviar\u00e1 a Donald Trump, expresidente y candidato presidencial republicano en Estados Unidos, en la que reafirma la defensa a la poblaci\u00f3n mexicana migrante y su contribuci\u00f3n al desarrollo de ese pa\u00eds; explica la importancia de la integraci\u00f3n econ\u00f3mica entre las naciones y plantea que es posible una apertura ordenada de la frontera. En la misiva con fecha del 23 de julio de 2024, le\u00edda por el mandatario en conferencia matutina, expone que viven 37.7 millones de mexicanos, quienes&hellip;<\/p>\n","protected":false},"author":1,"featured_media":108138,"comment_status":"open","ping_status":"closed","sticky":false,"template":"","format":"standard","meta":{"footnotes":""},"categories":[3,7],"tags":[86],"class_list":["post-108137","post","type-post","status-publish","format-standard","has-post-thumbnail","hentry","category-destacadas","category-nacional","tag-andres-manuel-lopez-obrador"],"jetpack-related-posts":[],"_links":{"self":[{"href":"https:\/\/www.noticiasperfil.com\/index\/wp-json\/wp\/v2\/posts\/108137","targetHints":{"allow":["GET"]}}],"collection":[{"href":"https:\/\/www.noticiasperfil.com\/index\/wp-json\/wp\/v2\/posts"}],"about":[{"href":"https:\/\/www.noticiasperfil.com\/index\/wp-json\/wp\/v2\/types\/post"}],"author":[{"embeddable":true,"href":"https:\/\/www.noticiasperfil.com\/index\/wp-json\/wp\/v2\/users\/1"}],"replies":[{"embeddable":true,"href":"https:\/\/www.noticiasperfil.com\/index\/wp-json\/wp\/v2\/comments?post=108137"}],"version-history":[{"count":1,"href":"https:\/\/www.noticiasperfil.com\/index\/wp-json\/wp\/v2\/posts\/108137\/revisions"}],"predecessor-version":[{"id":108139,"href":"https:\/\/www.noticiasperfil.com\/index\/wp-json\/wp\/v2\/posts\/108137\/revisions\/108139"}],"wp:featuredmedia":[{"embeddable":true,"href":"https:\/\/www.noticiasperfil.com\/index\/wp-json\/wp\/v2\/media\/108138"}],"wp:attachment":[{"href":"https:\/\/www.noticiasperfil.com\/index\/wp-json\/wp\/v2\/media?parent=108137"}],"wp:term":[{"taxonomy":"category","embeddable":true,"href":"https:\/\/www.noticiasperfil.com\/index\/wp-json\/wp\/v2\/categories?post=108137"},{"taxonomy":"post_tag","embeddable":true,"href":"https:\/\/www.noticiasperfil.com\/index\/wp-json\/wp\/v2\/tags?post=108137"}],"curies":[{"name":"wp","href":"https:\/\/api.w.org\/{rel}","templated":true}]}}