{"id":108181,"date":"2024-07-29T12:51:07","date_gmt":"2024-07-29T17:51:07","guid":{"rendered":"https:\/\/www.noticiasperfil.com\/index\/?p=108181"},"modified":"2024-07-29T12:51:07","modified_gmt":"2024-07-29T17:51:07","slug":"la-transicion-esta-en-marcha-rocio-nahle","status":"publish","type":"post","link":"https:\/\/www.noticiasperfil.com\/index\/2024\/07\/29\/la-transicion-esta-en-marcha-rocio-nahle\/","title":{"rendered":"La transici\u00f3n est\u00e1 en marcha: Roc\u00edo Nahle"},"content":{"rendered":"<p><img loading=\"lazy\" decoding=\"async\" data-attachment-id=\"108182\" data-permalink=\"https:\/\/www.noticiasperfil.com\/index\/2024\/07\/29\/la-transicion-esta-en-marcha-rocio-nahle\/rocio-nahle-45\/\" data-orig-file=\"https:\/\/i2.wp.com\/www.noticiasperfil.com\/index\/wp-content\/uploads\/2024\/07\/rocio-nahle-3.jpg?fit=1600%2C1067&amp;ssl=1\" data-orig-size=\"1600,1067\" data-comments-opened=\"1\" data-image-meta=\"{&quot;aperture&quot;:&quot;0&quot;,&quot;credit&quot;:&quot;&quot;,&quot;camera&quot;:&quot;&quot;,&quot;caption&quot;:&quot;&quot;,&quot;created_timestamp&quot;:&quot;0&quot;,&quot;copyright&quot;:&quot;&quot;,&quot;focal_length&quot;:&quot;0&quot;,&quot;iso&quot;:&quot;0&quot;,&quot;shutter_speed&quot;:&quot;0&quot;,&quot;title&quot;:&quot;&quot;,&quot;orientation&quot;:&quot;0&quot;}\" data-image-title=\"rocio-nahle\" data-image-description=\"\" data-medium-file=\"https:\/\/i2.wp.com\/www.noticiasperfil.com\/index\/wp-content\/uploads\/2024\/07\/rocio-nahle-3.jpg?fit=660%2C365&amp;ssl=1\" data-large-file=\"https:\/\/i2.wp.com\/www.noticiasperfil.com\/index\/wp-content\/uploads\/2024\/07\/rocio-nahle-3.jpg?fit=640%2C366&amp;ssl=1\" class=\"aligncenter size-full wp-image-108182\" src=\"https:\/\/i2.wp.com\/www.noticiasperfil.com\/index\/wp-content\/uploads\/2024\/07\/rocio-nahle-3.jpg?resize=640%2C427&#038;ssl=1\" alt=\"\" width=\"640\" height=\"427\" srcset=\"https:\/\/i2.wp.com\/www.noticiasperfil.com\/index\/wp-content\/uploads\/2024\/07\/rocio-nahle-3.jpg?w=1600&amp;ssl=1 1600w, https:\/\/i2.wp.com\/www.noticiasperfil.com\/index\/wp-content\/uploads\/2024\/07\/rocio-nahle-3.jpg?resize=1536%2C1024&amp;ssl=1 1536w, https:\/\/i2.wp.com\/www.noticiasperfil.com\/index\/wp-content\/uploads\/2024\/07\/rocio-nahle-3.jpg?w=1280&amp;ssl=1 1280w\" sizes=\"auto, (max-width: 640px) 100vw, 640px\" data-recalc-dims=\"1\" \/><\/p>\n<p>C\u00f3rdoba, Ver.- La gobernadora electa de Veracruz, Roc\u00edo Nahle Garc\u00eda, afirm\u00f3 que por ley, el proceso de transici\u00f3n inici\u00f3 desde febrero pasado, por ende, est\u00e1 en marcha.<\/p>\n<p>Desde el Parque 21 de mayo en esta cabecera, Roc\u00edo Nahle, explic\u00f3 que son diversas etapas las que concurren en este proceso y actualmente est\u00e1n en la segunda fase.<\/p>\n<p>Tanto los integrantes del gobierno saliente como los del gabinete que la acompa\u00f1ar\u00e1 en la administraci\u00f3n entrante, han sostenido reuniones para avanzar en este proceso de entrega- recepci\u00f3n, enfatiz\u00f3.<\/p>\n<p>\u201cYa vamos en la segunda etapa donde nuestro equipo formamos comit\u00e9s para la transici\u00f3n, debe de haber una comunicaci\u00f3n para que en noviembre sea la recepci\u00f3n y el primero de diciembre tomemos protesta como la nueva gobernadora del estado de Veracruz e iniciar con la administraci\u00f3n\u201d, asegur\u00f3.<\/p>\n<p>En estas asambleas ciudadanas e informativas, el Plan Veracruzano de Desarrollo 2025-2030 se nutre de las solicitudes que llegan a la mesa ciudadana que se instala cada fin de semana.<\/p>\n<p>Nahle Garc\u00eda indic\u00f3 que se impulsar\u00e1 el estado con las aportaciones de los ciudadanos y con el trabajo de los tres niveles de gobierno.<\/p>\n<p>Record\u00f3 que son 80 los compromisos signados con los veracruzanos y veracruzanas durante la pasada campa\u00f1a rumbo a la gubernatura, as\u00ed como ocho ejes de trabajo sobre los que descansar\u00e1 su administraci\u00f3n.<\/p>\n<p>\u201cVamos a impulsar nuestro estado, poner a Veracruz donde se merece, en la posici\u00f3n econ\u00f3mica, cultural, tur\u00edstica, en todo, en todo vamos a poner en alto a Veracruz con todo el trabajo, con toda la disposici\u00f3n, tengo que atender muchas cosas, cuando inici\u00e9 campa\u00f1a hice 80 compromisos en ocho ejes de trabajo, a lo largo de la campa\u00f1a se fueron sumando solicitudes y hoy otro de los prop\u00f3sitos de estar aqu\u00ed es porque tambi\u00e9n tengo que escucharlos\u201d, afirm\u00f3.<\/p>\n","protected":false},"excerpt":{"rendered":"<p>C\u00f3rdoba, Ver.- La gobernadora electa de Veracruz, Roc\u00edo Nahle Garc\u00eda, afirm\u00f3 que por ley, el proceso de transici\u00f3n inici\u00f3 desde febrero pasado, por ende, est\u00e1 en marcha. Desde el Parque 21 de mayo en esta cabecera, Roc\u00edo Nahle, explic\u00f3 que son diversas etapas las que concurren en este proceso y actualmente est\u00e1n en la segunda fase. Tanto los integrantes del gobierno saliente como los del gabinete que la acompa\u00f1ar\u00e1 en la administraci\u00f3n entrante, han sostenido reuniones para avanzar en este proceso de entrega- recepci\u00f3n, enfatiz\u00f3. \u201cYa vamos en la segunda&hellip;<\/p>\n","protected":false},"author":1,"featured_media":108182,"comment_status":"open","ping_status":"closed","sticky":false,"template":"","format":"standard","meta":{"footnotes":""},"categories":[3,4],"tags":[3387],"class_list":["post-108181","post","type-post","status-publish","format-standard","has-post-thumbnail","hentry","category-destacadas","category-estatal","tag-rocio-nahle-garcia"],"jetpack-related-posts":[],"_links":{"self":[{"href":"https:\/\/www.noticiasperfil.com\/index\/wp-json\/wp\/v2\/posts\/108181","targetHints":{"allow":["GET"]}}],"collection":[{"href":"https:\/\/www.noticiasperfil.com\/index\/wp-json\/wp\/v2\/posts"}],"about":[{"href":"https:\/\/www.noticiasperfil.com\/index\/wp-json\/wp\/v2\/types\/post"}],"author":[{"embeddable":true,"href":"https:\/\/www.noticiasperfil.com\/index\/wp-json\/wp\/v2\/users\/1"}],"replies":[{"embeddable":true,"href":"https:\/\/www.noticiasperfil.com\/index\/wp-json\/wp\/v2\/comments?post=108181"}],"version-history":[{"count":1,"href":"https:\/\/www.noticiasperfil.com\/index\/wp-json\/wp\/v2\/posts\/108181\/revisions"}],"predecessor-version":[{"id":108183,"href":"https:\/\/www.noticiasperfil.com\/index\/wp-json\/wp\/v2\/posts\/108181\/revisions\/108183"}],"wp:featuredmedia":[{"embeddable":true,"href":"https:\/\/www.noticiasperfil.com\/index\/wp-json\/wp\/v2\/media\/108182"}],"wp:attachment":[{"href":"https:\/\/www.noticiasperfil.com\/index\/wp-json\/wp\/v2\/media?parent=108181"}],"wp:term":[{"taxonomy":"category","embeddable":true,"href":"https:\/\/www.noticiasperfil.com\/index\/wp-json\/wp\/v2\/categories?post=108181"},{"taxonomy":"post_tag","embeddable":true,"href":"https:\/\/www.noticiasperfil.com\/index\/wp-json\/wp\/v2\/tags?post=108181"}],"curies":[{"name":"wp","href":"https:\/\/api.w.org\/{rel}","templated":true}]}}