{"id":108186,"date":"2024-07-29T13:49:24","date_gmt":"2024-07-29T18:49:24","guid":{"rendered":"https:\/\/www.noticiasperfil.com\/index\/?p=108186"},"modified":"2024-07-29T13:49:24","modified_gmt":"2024-07-29T18:49:24","slug":"los-yunes-enemigos-publicos-1-de-3-gobernadores-y-de-nahle-tambien","status":"publish","type":"post","link":"https:\/\/www.noticiasperfil.com\/index\/2024\/07\/29\/los-yunes-enemigos-publicos-1-de-3-gobernadores-y-de-nahle-tambien\/","title":{"rendered":"Los Yunes, enemigos p\u00fablicos #1 de 3 gobernadores, \u00bfy de Nahle tambi\u00e9n?"},"content":{"rendered":"<p><img loading=\"lazy\" decoding=\"async\" class=\"aligncenter size-full wp-image-93555\" src=\"https:\/\/i0.wp.com\/www.noticiasperfil.com\/index\/wp-content\/uploads\/2022\/10\/prosa-aprisa.jpg?resize=480%2C270&#038;ssl=1\" alt=\"\" width=\"480\" height=\"270\" data-recalc-dims=\"1\" \/><\/p>\n<p><strong>Prosa Aprisa\/Por Arturo Reyes Isidoro.<\/strong><\/p>\n<p>La historia se repite: en 2004, 2010 y 2018 los respectivos gobernadores declararon como su enemigo p\u00fablico n\u00famero 1 a Miguel \u00c1ngel Yunes Linares, y en 2024 todo indica que nada va a cambiar, aunque ahora se agregar\u00edan a la etiqueta sus hijos Miguel \u00c1ngel y Fernando Yunes M\u00e1rquez.<\/p>\n<p>Fidel Herrera Beltr\u00e1n hoy est\u00e1 muy delicado de salud, Javier Duarte de Ochoa se encuentra en la c\u00e1rcel acusado de los delitos de asociaci\u00f3n delictuosa y operaciones con recursos de procedencia il\u00edcita, y Cuitl\u00e1huac Garc\u00eda Jim\u00e9nez est\u00e1 a punto de dejar el gobierno, sin pena ni gloria, para presuntamente irse a un cargo de segundo nivel en el pr\u00f3ximo gobierno federal. Los tres trataron en forma infructuosa de acabar pol\u00edticamente con ellos y fracasaron, no obstante que Cuitl\u00e1huac tuvo todo el respaldo del presidente.<\/p>\n<p>Y los llamados Yunes azules (por panistas) ah\u00ed siguen, Miguel pap\u00e1 disfrutando en los caf\u00e9s del puerto o corriendo en el malec\u00f3n, Miguel hijo en v\u00edas de ser senador (con su padre como suplente) y Fernando en camino a ser diputado local plurinominal, vigentes, con poder pol\u00edtico y a punto de ganarle un primer punto a Roc\u00edo Nahle.<\/p>\n<p>Creo que la Gobernadora Electa se precipit\u00f3 y dio un paso equivocado al abrirse en forma abierta en contra de Yunes M\u00e1rquez y expresar su deseo de que no llegue al Senado, sin la seguridad de que la fiscal general del estado, Ver\u00f3nica Hern\u00e1ndez Giad\u00e1ns, ten\u00eda consolidada una denuncia penal en su contra para impedirle siquiera ser candidato.<\/p>\n<p>El 17 de junio, Roc\u00edo critic\u00f3 a la fiscal y la acus\u00f3 de tardarse tres a\u00f1os en investigar al hoy senador electo; dijo que hab\u00eda retrasado el seguimiento a una denuncia, que Yunes M\u00e1rquez ten\u00eda que acudir al proceso y que la fiscal\u00eda deb\u00eda enviar documentaci\u00f3n informando al Senado de su situaci\u00f3n para que Miguel \u00c1ngel hijo no pueda rendir protesta como senador el pr\u00f3ximo 1\u00ba de septiembre.<\/p>\n<p>Eso indicar\u00eda que el gobierno que viene continuar\u00e1 el enfrentamiento con los Yunes de El Estero (conocidos as\u00ed tambi\u00e9n por tener ah\u00ed su residencia, municipio de Boca del R\u00edo), que ya se prolonga por 18 a\u00f1os y se va a extender a 24.<\/p>\n<p>Sin embargo, Yunes M\u00e1rquez parece querer eludir una confrontaci\u00f3n con Roc\u00edo, pues a quien acusa de lo que \u00e9l llama una persecuci\u00f3n pol\u00edtica en su contra es al gobernador Cuitl\u00e1huac Garc\u00eda Jim\u00e9nez y para nada menciona a Nahle.<\/p>\n<p>El s\u00e1bado, en un mensaje a trav\u00e9s de las redes sociales dijo que \u00e9l y su familia est\u00e1n \u201cdispuestos a enfrentarlos, a exhibirlos y a dejarlos p\u00fablicamente en rid\u00edculo por usar los recursos de la fiscal\u00eda y del poder judicial no para perseguir delincuentes, sino para perseguir opositores\u201d, luego de que la Sala Regional, en Xalapa, del Tribunal Federal Electoral (TFE) desech\u00f3 una demanda que present\u00f3 Morena en su contra para impedir que rindiera protesta como senador.<\/p>\n<p>\u201cQuieren impedir a toda costa que llegue al Senado de la Rep\u00fablica porque saben que desde ah\u00ed luchar\u00e9 para que Veracruz salga de la corrupci\u00f3n, del abandono, de la miseria y la inseguridad en que lo ha dejado Cuitl\u00e1huac Garc\u00eda, el peor gobernador de la historia\u201d. Se\u00f1al\u00f3 que el gobierno y Morena \u201csiembran encono, divisi\u00f3n, odio, venganza, y eso es lo que van a cosechar\u201d. Pero nada sobre Nahle.<\/p>\n<p>Pero al haber hecho p\u00fablica su postura personal contra el tambi\u00e9n conocido como \u201cChiquiyunes\u201d y el TFE haber fallado a favor del panista, coloc\u00e1ndolo en la antesala del Senado, Roc\u00edo sufre su primer rasp\u00f3n pol\u00edtico como gobernadora, y de paso seguramente le deja claro que los Yunes azules no ser\u00e1n un hueso f\u00e1cil de roer si es que decide mantener un enfrentamiento con ellos.<\/p>\n<p><strong>La suerte de la fiscal est\u00e1 echada: se va<\/strong><\/p>\n<p>Culpable o no de que Yunes M\u00e1rquez est\u00e9 ya pr\u00e1cticamente dentro del Senado, sin duda la suerte de la fiscal Hern\u00e1ndez Giad\u00e1ns est\u00e1 echada: se ir\u00e1 del cargo, porque renuncie por presi\u00f3n (\u201cvoluntariamente\u201d, se dir\u00e1) o porque, si se resiste a hacerlo, le armen un \u201ccaso\u201d en el Congreso que la lleve a juicio pol\u00edtico y la echen.<\/p>\n<p>Ayer en Orizaba, Roc\u00edo volvi\u00f3 a declarar sobre el tema. Dijo que Ver\u00f3nica tiene \u201ctres o cuatro\u201d a\u00f1os (lleva ya cinco) haciendo su trabajo \u201cconsiderablemente bien\u201d, pero que nadie debe durar tanto tiempo en el cargo.<\/p>\n<p>\u201cCreo que nadie debe durar nueve a\u00f1os; ni el presidente dura nueve a\u00f1os, porque hay un desgaste de la persona y de la instituci\u00f3n, pero eso lo vamos a revisar, est\u00e1 en la ley y yo soy respetuosa de ello, pero tenemos que hacer lo mejor para Veracruz, evaluar, si las cosas est\u00e1n bien, adelante, y si se requiere tambi\u00e9n un cambio, tambi\u00e9n se va plantear y este es un tema del Congreso (local)\u201d.<\/p>\n<p>\u00bfEstar\u00eda insistiendo en el tema si viera que est\u00e1n bien las cosas en la fiscal\u00eda y con la actuaci\u00f3n y la duraci\u00f3n de la fiscal?<\/p>\n<p>D\u00edas antes, el viernes, hab\u00eda dicho que revisar\u00e1 la actuaci\u00f3n de Hern\u00e1ndez Giad\u00e1ns, que la fiscal\u00eda es aut\u00f3noma pero que se debe revisar \u201csu actuar\u201d, aunque es un tema que no tiene como prioridad en su agenda, entendible porque por ahora debe acabar de integrar su equipo, estar atenta a la entrega-recepci\u00f3n y asumir el gobierno para tener facultades y poder actuar.<\/p>\n<p>Tambi\u00e9n se dijo respetuosa sobre la iniciativa que se present\u00f3 en el Congreso local para dar autonom\u00eda a la Fiscal\u00eda Anticorrupci\u00f3n, equipar\u00e1ndola con la propia Fiscal\u00eda General, y si se lee entre l\u00edneas, no exent\u00f3 a la fiscal de ser investigada: \u00abYo creo que todos los servidores p\u00fablicos, absolutamente todos, debemos estar sometidos a transparencia sin excepci\u00f3n, creo que en ese sentido fue la iniciativa que presentaron los diputados y yo la respeto\u00bb.<\/p>\n<p><strong>Roc\u00edo lleva ya la iniciativa; Cuitl\u00e1huac, anulado<\/strong><\/p>\n<p>Me sigue llamando la atenci\u00f3n el hecho de que Veracruz tiene dos gobernadores activos, uno constitucional y otra electa, aunque la segunda ha rebasado totalmente al primero.<\/p>\n<p>El s\u00e1bado, en Zongolica, la Gobernadora Electa, Roc\u00edo Nahle, coment\u00f3 en Zongolica que invit\u00f3 al presidente Andr\u00e9s Manuel L\u00f3pez Obrador a que antes de que concluya su mandato (en 63 d\u00edas) regrese a Veracruz en una visita de despedida, para una \u201casamblea grande\u201d.<\/p>\n<p>Tanto ella como Cuitl\u00e1huac Garc\u00eda Jim\u00e9nez tienen suficientes motivos para estar agradecidos con el tabasque\u00f1o, porque a los dos los hizo gobernadores, pero como gobernador constitucional, porque en las buenas, pero sobre todo en las malas, lo sostuvo contra viento y marea, porque \u00e9l es quien tiene todos los recursos que da el poder, \u00e9l es quien debi\u00f3 haber tomado la iniciativa, aunque por el anuncio que hizo Roc\u00edo, se ve que ella es quien la ha tomado y pr\u00e1cticamente lo ha anulado y reducido a solo un convidado de piedra.<\/p>\n<p>Por la m\u00edstica que se supone que tra\u00eda cuando lleg\u00f3 al gobierno, nadie se imagin\u00f3 que Cuitl\u00e1huac se iba a aferrar a estar dentro del poder, a seguir mamando en la ubre presupuestal, a vivir del erario, pues, y hoy, porque \u00e9l lo ha venido repitiendo, est\u00e1 a punto de incorporarse a un nuevo cargo dentro de la pr\u00f3xima administraci\u00f3n, pero de segundo o tercer nivel, ya lo sabremos.<\/p>\n<p>Con tan poco se conforma. El \u00faltimo gobernador constitucional (1986-1988) que solicit\u00f3 licencia para integrarse al gobierno federal fue don Fernando Guti\u00e9rrez Barrios, pero dej\u00f3 la gubernatura para irse como secretario de Gobernaci\u00f3n, o sea, para ascender, no para degradarse como un funcionario m\u00e1s.<\/p>\n<p>&nbsp;<\/p>\n","protected":false},"excerpt":{"rendered":"<p>Prosa Aprisa\/Por Arturo Reyes Isidoro. La historia se repite: en 2004, 2010 y 2018 los respectivos gobernadores declararon como su enemigo p\u00fablico n\u00famero 1 a Miguel \u00c1ngel Yunes Linares, y en 2024 todo indica que nada va a cambiar, aunque ahora se agregar\u00edan a la etiqueta sus hijos Miguel \u00c1ngel y Fernando Yunes M\u00e1rquez. Fidel Herrera Beltr\u00e1n hoy est\u00e1 muy delicado de salud, Javier Duarte de Ochoa se encuentra en la c\u00e1rcel acusado de los delitos de asociaci\u00f3n delictuosa y operaciones con recursos de procedencia il\u00edcita, y Cuitl\u00e1huac Garc\u00eda Jim\u00e9nez&hellip;<\/p>\n","protected":false},"author":1,"featured_media":0,"comment_status":"open","ping_status":"closed","sticky":false,"template":"","format":"standard","meta":{"footnotes":""},"categories":[8,10],"tags":[112],"class_list":["post-108186","post","type-post","status-publish","format-standard","hentry","category-opinion","category-prosa-aprisa","tag-arturo-reyes-isidoro"],"jetpack-related-posts":[],"_links":{"self":[{"href":"https:\/\/www.noticiasperfil.com\/index\/wp-json\/wp\/v2\/posts\/108186","targetHints":{"allow":["GET"]}}],"collection":[{"href":"https:\/\/www.noticiasperfil.com\/index\/wp-json\/wp\/v2\/posts"}],"about":[{"href":"https:\/\/www.noticiasperfil.com\/index\/wp-json\/wp\/v2\/types\/post"}],"author":[{"embeddable":true,"href":"https:\/\/www.noticiasperfil.com\/index\/wp-json\/wp\/v2\/users\/1"}],"replies":[{"embeddable":true,"href":"https:\/\/www.noticiasperfil.com\/index\/wp-json\/wp\/v2\/comments?post=108186"}],"version-history":[{"count":1,"href":"https:\/\/www.noticiasperfil.com\/index\/wp-json\/wp\/v2\/posts\/108186\/revisions"}],"predecessor-version":[{"id":108187,"href":"https:\/\/www.noticiasperfil.com\/index\/wp-json\/wp\/v2\/posts\/108186\/revisions\/108187"}],"wp:attachment":[{"href":"https:\/\/www.noticiasperfil.com\/index\/wp-json\/wp\/v2\/media?parent=108186"}],"wp:term":[{"taxonomy":"category","embeddable":true,"href":"https:\/\/www.noticiasperfil.com\/index\/wp-json\/wp\/v2\/categories?post=108186"},{"taxonomy":"post_tag","embeddable":true,"href":"https:\/\/www.noticiasperfil.com\/index\/wp-json\/wp\/v2\/tags?post=108186"}],"curies":[{"name":"wp","href":"https:\/\/api.w.org\/{rel}","templated":true}]}}