{"id":108190,"date":"2024-07-29T17:06:20","date_gmt":"2024-07-29T22:06:20","guid":{"rendered":"https:\/\/www.noticiasperfil.com\/index\/?p=108190"},"modified":"2024-07-29T17:06:20","modified_gmt":"2024-07-29T22:06:20","slug":"si-tuvieras-verguenza-no-hablarias-de-persecucion-politica-cazarin-a-yunes","status":"publish","type":"post","link":"https:\/\/www.noticiasperfil.com\/index\/2024\/07\/29\/si-tuvieras-verguenza-no-hablarias-de-persecucion-politica-cazarin-a-yunes\/","title":{"rendered":"\u201cSi tuvieras verg\u00fcenza, no hablar\u00edas de persecuci\u00f3n pol\u00edtica\u201d: Cazar\u00edn a Yunes"},"content":{"rendered":"<p><img loading=\"lazy\" decoding=\"async\" data-attachment-id=\"108191\" data-permalink=\"https:\/\/www.noticiasperfil.com\/index\/2024\/07\/29\/si-tuvieras-verguenza-no-hablarias-de-persecucion-politica-cazarin-a-yunes\/juan-javier-gomez-cazarin-101\/\" data-orig-file=\"https:\/\/i1.wp.com\/www.noticiasperfil.com\/index\/wp-content\/uploads\/2024\/07\/juan-javier-gomez-cazarin-2.jpg?fit=900%2C592&amp;ssl=1\" data-orig-size=\"900,592\" data-comments-opened=\"1\" data-image-meta=\"{&quot;aperture&quot;:&quot;0&quot;,&quot;credit&quot;:&quot;&quot;,&quot;camera&quot;:&quot;&quot;,&quot;caption&quot;:&quot;&quot;,&quot;created_timestamp&quot;:&quot;0&quot;,&quot;copyright&quot;:&quot;&quot;,&quot;focal_length&quot;:&quot;0&quot;,&quot;iso&quot;:&quot;0&quot;,&quot;shutter_speed&quot;:&quot;0&quot;,&quot;title&quot;:&quot;&quot;,&quot;orientation&quot;:&quot;0&quot;}\" data-image-title=\"juan-javier-gomez-cazarin\" data-image-description=\"\" data-medium-file=\"https:\/\/i1.wp.com\/www.noticiasperfil.com\/index\/wp-content\/uploads\/2024\/07\/juan-javier-gomez-cazarin-2.jpg?fit=660%2C365&amp;ssl=1\" data-large-file=\"https:\/\/i1.wp.com\/www.noticiasperfil.com\/index\/wp-content\/uploads\/2024\/07\/juan-javier-gomez-cazarin-2.jpg?fit=640%2C366&amp;ssl=1\" class=\"aligncenter size-full wp-image-108191\" src=\"https:\/\/i1.wp.com\/www.noticiasperfil.com\/index\/wp-content\/uploads\/2024\/07\/juan-javier-gomez-cazarin-2.jpg?resize=640%2C421&#038;ssl=1\" alt=\"\" width=\"640\" height=\"421\" data-recalc-dims=\"1\" \/><\/p>\n<p>Xalapa, Ver.- El diputado local y coordinador del Grupo Legislativo de Morena en el Congreso local, Juan Javier G\u00f3mez Cazar\u00edn mencion\u00f3 que si el ex gobernador panista Miguel \u00c1ngel Yunes Linares, tuviera verg\u00fcenza, no se estar\u00eda quejando de persecuci\u00f3n pol\u00edtica, ni denunciar\u00eda todos los abusos que \u00e9l ha cometido en su vida pol\u00edtica.<\/p>\n<p>El legislador relat\u00f3 los actos cometidos por Yunes Linares, y de los cuales \u00e9l mismo se hace el ofendido.<\/p>\n<p>\u201cYo ofendo e insulto a la candidata (hoy Gobernadora Electa) y luego denuncio que hay campa\u00f1as de odio. Yo ofendo al Presidente, le digo loco, lo insulto sin l\u00edmite y despu\u00e9s digo que estoy atento de las ma\u00f1aneras. Y ahora, digo que soy un perseguido pol\u00edtico de la 4T\u201d, expres\u00f3.<\/p>\n<p>Juan Javier G\u00f3mez Cazar\u00edn le record\u00f3 que el fraude del sistema de videovigilancia, con el cual hizo un negocio, y el colmo, es que este mismo lunes, el propio Yunes Linares denuncia el hecho.<\/p>\n<p>\u201cYo hago los acuerdos con Grupo M\u00e1s y con NL Technologies, endeudando a todos los municipios y al Estado y luego yo lo denuncio. Yo robo todo lo que puedo en el Issste y a los pensionados del Issste y luego denuncio\u201d, a\u00f1adi\u00f3.<\/p>\n<p>De igual forma resalt\u00f3, cuando Yunes Linares impuso a un \u201cfiscal carnal\u201d en Jorge Winckler y meti\u00f3 a sus opositores a la c\u00e1rcel, para ahora denunciar persecuci\u00f3n polic\u00eda.<\/p>\n<p>\u201cYo opero contra mis adversarios con la polic\u00eda, la misma polic\u00eda que le echo encima al pueblo y luego denuncio\u201d, refiri\u00f3.<br \/>\nAnte esto, G\u00f3mez Cazar\u00edn le dijo, que aunque se diga un santo, le hace falta m\u00e1s Sukrol para la memoria, pues si tuviera memoria o verg\u00fcenza, no dir\u00eda nada de lo anterior.<\/p>\n<p>Por \u00faltimo calific\u00f3 como \u201cmuy bajo\u201d usar el tema de los siete j\u00f3venes que fallecieron en un accidente en Coatzacoalcos, para justificar sus fines pol\u00edticos.<\/p>\n","protected":false},"excerpt":{"rendered":"<p>Xalapa, Ver.- El diputado local y coordinador del Grupo Legislativo de Morena en el Congreso local, Juan Javier G\u00f3mez Cazar\u00edn mencion\u00f3 que si el ex gobernador panista Miguel \u00c1ngel Yunes Linares, tuviera verg\u00fcenza, no se estar\u00eda quejando de persecuci\u00f3n pol\u00edtica, ni denunciar\u00eda todos los abusos que \u00e9l ha cometido en su vida pol\u00edtica. El legislador relat\u00f3 los actos cometidos por Yunes Linares, y de los cuales \u00e9l mismo se hace el ofendido. \u201cYo ofendo e insulto a la candidata (hoy Gobernadora Electa) y luego denuncio que hay campa\u00f1as de odio.&hellip;<\/p>\n","protected":false},"author":1,"featured_media":108191,"comment_status":"open","ping_status":"closed","sticky":false,"template":"","format":"standard","meta":{"footnotes":""},"categories":[3,4],"tags":[4842],"class_list":["post-108190","post","type-post","status-publish","format-standard","has-post-thumbnail","hentry","category-destacadas","category-estatal","tag-juan-javier-gomez-cazarin"],"jetpack-related-posts":[],"_links":{"self":[{"href":"https:\/\/www.noticiasperfil.com\/index\/wp-json\/wp\/v2\/posts\/108190","targetHints":{"allow":["GET"]}}],"collection":[{"href":"https:\/\/www.noticiasperfil.com\/index\/wp-json\/wp\/v2\/posts"}],"about":[{"href":"https:\/\/www.noticiasperfil.com\/index\/wp-json\/wp\/v2\/types\/post"}],"author":[{"embeddable":true,"href":"https:\/\/www.noticiasperfil.com\/index\/wp-json\/wp\/v2\/users\/1"}],"replies":[{"embeddable":true,"href":"https:\/\/www.noticiasperfil.com\/index\/wp-json\/wp\/v2\/comments?post=108190"}],"version-history":[{"count":1,"href":"https:\/\/www.noticiasperfil.com\/index\/wp-json\/wp\/v2\/posts\/108190\/revisions"}],"predecessor-version":[{"id":108192,"href":"https:\/\/www.noticiasperfil.com\/index\/wp-json\/wp\/v2\/posts\/108190\/revisions\/108192"}],"wp:featuredmedia":[{"embeddable":true,"href":"https:\/\/www.noticiasperfil.com\/index\/wp-json\/wp\/v2\/media\/108191"}],"wp:attachment":[{"href":"https:\/\/www.noticiasperfil.com\/index\/wp-json\/wp\/v2\/media?parent=108190"}],"wp:term":[{"taxonomy":"category","embeddable":true,"href":"https:\/\/www.noticiasperfil.com\/index\/wp-json\/wp\/v2\/categories?post=108190"},{"taxonomy":"post_tag","embeddable":true,"href":"https:\/\/www.noticiasperfil.com\/index\/wp-json\/wp\/v2\/tags?post=108190"}],"curies":[{"name":"wp","href":"https:\/\/api.w.org\/{rel}","templated":true}]}}