{"id":108193,"date":"2024-07-29T19:22:20","date_gmt":"2024-07-30T00:22:20","guid":{"rendered":"https:\/\/www.noticiasperfil.com\/index\/?p=108193"},"modified":"2024-07-29T19:22:20","modified_gmt":"2024-07-30T00:22:20","slug":"refuerza-gobierno-el-parque-vehicular-para-la-seguridad-y-proteccion-ciudadana","status":"publish","type":"post","link":"https:\/\/www.noticiasperfil.com\/index\/2024\/07\/29\/refuerza-gobierno-el-parque-vehicular-para-la-seguridad-y-proteccion-ciudadana\/","title":{"rendered":"Refuerza Gobierno el parque vehicular para la seguridad y protecci\u00f3n ciudadana"},"content":{"rendered":"<p><img loading=\"lazy\" decoding=\"async\" data-attachment-id=\"108194\" data-permalink=\"https:\/\/www.noticiasperfil.com\/index\/2024\/07\/29\/refuerza-gobierno-el-parque-vehicular-para-la-seguridad-y-proteccion-ciudadana\/cuitlahuac-ssp-unidades\/\" data-orig-file=\"https:\/\/i2.wp.com\/www.noticiasperfil.com\/index\/wp-content\/uploads\/2024\/07\/cuitlahuac-ssp-unidades.jpg?fit=960%2C640&amp;ssl=1\" data-orig-size=\"960,640\" data-comments-opened=\"1\" data-image-meta=\"{&quot;aperture&quot;:&quot;0&quot;,&quot;credit&quot;:&quot;&quot;,&quot;camera&quot;:&quot;&quot;,&quot;caption&quot;:&quot;&quot;,&quot;created_timestamp&quot;:&quot;0&quot;,&quot;copyright&quot;:&quot;&quot;,&quot;focal_length&quot;:&quot;0&quot;,&quot;iso&quot;:&quot;0&quot;,&quot;shutter_speed&quot;:&quot;0&quot;,&quot;title&quot;:&quot;&quot;,&quot;orientation&quot;:&quot;0&quot;}\" data-image-title=\"cuitlahuac-ssp-unidades\" data-image-description=\"\" data-medium-file=\"https:\/\/i2.wp.com\/www.noticiasperfil.com\/index\/wp-content\/uploads\/2024\/07\/cuitlahuac-ssp-unidades.jpg?fit=660%2C365&amp;ssl=1\" data-large-file=\"https:\/\/i2.wp.com\/www.noticiasperfil.com\/index\/wp-content\/uploads\/2024\/07\/cuitlahuac-ssp-unidades.jpg?fit=640%2C366&amp;ssl=1\" class=\"aligncenter size-full wp-image-108194\" src=\"https:\/\/i2.wp.com\/www.noticiasperfil.com\/index\/wp-content\/uploads\/2024\/07\/cuitlahuac-ssp-unidades.jpg?resize=640%2C427&#038;ssl=1\" alt=\"\" width=\"640\" height=\"427\" data-recalc-dims=\"1\" \/><\/p>\n<p>Xalapa, Ver., 29 de julio de 2024.- El gobernador Cuitl\u00e1huac Garc\u00eda Jim\u00e9nez reiter\u00f3 el compromiso de mantener el combate a la delincuencia y la reducci\u00f3n de los \u00edndices de mayor impacto, al informar que los delitos en general han disminuido m\u00e1s del 50 por ciento en comparaci\u00f3n con el r\u00e9gimen anterior y entregar nuevas patrullas a la Secretar\u00eda de Seguridad P\u00fablica (SSP).<\/p>\n<p>En el marco del Operativo Vacacional de Verano y la ampliaci\u00f3n del parque vehicular destinado a la protecci\u00f3n ciudadana, el mandatario enfatiz\u00f3 que los homicidios dolosos registran una disminuci\u00f3n superior a 52%, los secuestros un 91 y el robo de autom\u00f3viles 36, datos avalados por el Secretariado Ejecutivo del Sistema Nacional de Seguridad P\u00fablica.<\/p>\n<p>Sobre el equipamiento, se trata de 47 camionetas RAM 4\u00d74, motor V8 acondicionadas con torretas LED de \u00faltima generaci\u00f3n, sirena de 100 watts, radio de comunicaci\u00f3n y GPS para monitoreo de la ubicaci\u00f3n y velocidad de desplazamiento, adquiridas con el Fondo de Aportaciones para la Seguridad P\u00fablica 2024.<\/p>\n<p>Durante el banderazo de salida a las nuevas unidades, acompa\u00f1aron al Gobernador el titular de la SSP, Cuauht\u00e9moc Z\u00fa\u00f1iga Bonilla; la fiscal general del Estado, Ver\u00f3nica Hern\u00e1ndez Giad\u00e1ns; mandos regionales de Marina y Defensa Nacional, entre otros integrantes de la Coordinaci\u00f3n Estatal para la Construcci\u00f3n de la Paz y legisladores locales.<\/p>\n","protected":false},"excerpt":{"rendered":"<p>Xalapa, Ver., 29 de julio de 2024.- El gobernador Cuitl\u00e1huac Garc\u00eda Jim\u00e9nez reiter\u00f3 el compromiso de mantener el combate a la delincuencia y la reducci\u00f3n de los \u00edndices de mayor impacto, al informar que los delitos en general han disminuido m\u00e1s del 50 por ciento en comparaci\u00f3n con el r\u00e9gimen anterior y entregar nuevas patrullas a la Secretar\u00eda de Seguridad P\u00fablica (SSP). En el marco del Operativo Vacacional de Verano y la ampliaci\u00f3n del parque vehicular destinado a la protecci\u00f3n ciudadana, el mandatario enfatiz\u00f3 que los homicidios dolosos registran una&hellip;<\/p>\n","protected":false},"author":1,"featured_media":108194,"comment_status":"open","ping_status":"closed","sticky":false,"template":"","format":"standard","meta":{"footnotes":""},"categories":[3,4],"tags":[339],"class_list":["post-108193","post","type-post","status-publish","format-standard","has-post-thumbnail","hentry","category-destacadas","category-estatal","tag-cuitlahuac-garcia-jimenez"],"jetpack-related-posts":[],"_links":{"self":[{"href":"https:\/\/www.noticiasperfil.com\/index\/wp-json\/wp\/v2\/posts\/108193","targetHints":{"allow":["GET"]}}],"collection":[{"href":"https:\/\/www.noticiasperfil.com\/index\/wp-json\/wp\/v2\/posts"}],"about":[{"href":"https:\/\/www.noticiasperfil.com\/index\/wp-json\/wp\/v2\/types\/post"}],"author":[{"embeddable":true,"href":"https:\/\/www.noticiasperfil.com\/index\/wp-json\/wp\/v2\/users\/1"}],"replies":[{"embeddable":true,"href":"https:\/\/www.noticiasperfil.com\/index\/wp-json\/wp\/v2\/comments?post=108193"}],"version-history":[{"count":1,"href":"https:\/\/www.noticiasperfil.com\/index\/wp-json\/wp\/v2\/posts\/108193\/revisions"}],"predecessor-version":[{"id":108195,"href":"https:\/\/www.noticiasperfil.com\/index\/wp-json\/wp\/v2\/posts\/108193\/revisions\/108195"}],"wp:featuredmedia":[{"embeddable":true,"href":"https:\/\/www.noticiasperfil.com\/index\/wp-json\/wp\/v2\/media\/108194"}],"wp:attachment":[{"href":"https:\/\/www.noticiasperfil.com\/index\/wp-json\/wp\/v2\/media?parent=108193"}],"wp:term":[{"taxonomy":"category","embeddable":true,"href":"https:\/\/www.noticiasperfil.com\/index\/wp-json\/wp\/v2\/categories?post=108193"},{"taxonomy":"post_tag","embeddable":true,"href":"https:\/\/www.noticiasperfil.com\/index\/wp-json\/wp\/v2\/tags?post=108193"}],"curies":[{"name":"wp","href":"https:\/\/api.w.org\/{rel}","templated":true}]}}