{"id":108199,"date":"2024-07-29T19:59:18","date_gmt":"2024-07-30T00:59:18","guid":{"rendered":"https:\/\/www.noticiasperfil.com\/index\/?p=108199"},"modified":"2024-07-29T19:59:18","modified_gmt":"2024-07-30T00:59:18","slug":"concluye-fase-de-entrevistas-con-aspirantes-a-contraloria-del-ople-en-el-congreso-de-veracruz","status":"publish","type":"post","link":"https:\/\/www.noticiasperfil.com\/index\/2024\/07\/29\/concluye-fase-de-entrevistas-con-aspirantes-a-contraloria-del-ople-en-el-congreso-de-veracruz\/","title":{"rendered":"Concluye fase de entrevistas con aspirantes a Contralor\u00eda del OPLE en el Congreso de Veracruz"},"content":{"rendered":"<p><img loading=\"lazy\" decoding=\"async\" data-attachment-id=\"108200\" data-permalink=\"https:\/\/www.noticiasperfil.com\/index\/2024\/07\/29\/concluye-fase-de-entrevistas-con-aspirantes-a-contraloria-del-ople-en-el-congreso-de-veracruz\/entrevistas-congreso\/\" data-orig-file=\"https:\/\/i0.wp.com\/www.noticiasperfil.com\/index\/wp-content\/uploads\/2024\/07\/entrevistas-congreso.jpg?fit=1440%2C960&amp;ssl=1\" data-orig-size=\"1440,960\" data-comments-opened=\"1\" data-image-meta=\"{&quot;aperture&quot;:&quot;0&quot;,&quot;credit&quot;:&quot;&quot;,&quot;camera&quot;:&quot;&quot;,&quot;caption&quot;:&quot;&quot;,&quot;created_timestamp&quot;:&quot;0&quot;,&quot;copyright&quot;:&quot;&quot;,&quot;focal_length&quot;:&quot;0&quot;,&quot;iso&quot;:&quot;0&quot;,&quot;shutter_speed&quot;:&quot;0&quot;,&quot;title&quot;:&quot;&quot;,&quot;orientation&quot;:&quot;0&quot;}\" data-image-title=\"entrevistas-congreso\" data-image-description=\"\" data-medium-file=\"https:\/\/i0.wp.com\/www.noticiasperfil.com\/index\/wp-content\/uploads\/2024\/07\/entrevistas-congreso.jpg?fit=660%2C365&amp;ssl=1\" data-large-file=\"https:\/\/i0.wp.com\/www.noticiasperfil.com\/index\/wp-content\/uploads\/2024\/07\/entrevistas-congreso.jpg?fit=640%2C366&amp;ssl=1\" class=\"aligncenter size-full wp-image-108200\" src=\"https:\/\/i0.wp.com\/www.noticiasperfil.com\/index\/wp-content\/uploads\/2024\/07\/entrevistas-congreso.jpg?resize=640%2C427&#038;ssl=1\" alt=\"\" width=\"640\" height=\"427\" srcset=\"https:\/\/i0.wp.com\/www.noticiasperfil.com\/index\/wp-content\/uploads\/2024\/07\/entrevistas-congreso.jpg?w=1440&amp;ssl=1 1440w, https:\/\/i0.wp.com\/www.noticiasperfil.com\/index\/wp-content\/uploads\/2024\/07\/entrevistas-congreso.jpg?w=1280&amp;ssl=1 1280w\" sizes=\"auto, (max-width: 640px) 100vw, 640px\" data-recalc-dims=\"1\" \/><\/p>\n<p>Xalapa, Ver.- Como parte del procedimiento para la designaci\u00f3n de la persona titular de la Contralor\u00eda General del Organismo P\u00fablico Local Electoral (OPLE) del estado de Veracruz, la Comisi\u00f3n Permanente de Organizaci\u00f3n Pol\u00edtica y Procesos Electorales del Congreso local entrevist\u00f3 a las 15 personas aspirantes que, sumadas a los 16 entrevistadas el pasado viernes, dan el total de las 31 inscritas.<\/p>\n<p>En la sala Venustiano Carranza del Palacio Legislativo, la diputada Lourdes Ju\u00e1rez Lara, el diputade Ky Dur\u00e1n Chincoya y el legislador Enrique Cambranis Torres, presidenta, secretario y vocal respectivamente de la citada comisi\u00f3n, fueron los encargados de realizar este ejercicio de participaci\u00f3n ciudadana, en el que las y los aspirantes dieron a conocer su trayectoria, perfil y logros profesionales, experiencia laboral y las acciones que llevar\u00edan a cabo en el desempe\u00f1o del cargo.<\/p>\n<p>Las ciudadanas y ciudadanos entrevistados por la Comisi\u00f3n este lunes son: Oscar L\u00f3pez Herrera, Evelyn L\u00f3pez L\u00f3pez, Marco Antonio Mart\u00ednez Hern\u00e1ndez, Ricardo Gabriel Mart\u00ednez Mar, Luis Alberto Morales Gonz\u00e1lez, Alejandro Ort\u00edz Luna, David Quintano D\u00edaz, Laura Lorena Rivera Rosado, Lauro Ruiz M\u00e9ndez, Claudia Esperanza Sandoval Herrera, Arturo Tenorio Vara, Elvia Karina Torres Flores, Edson Vargas Reyes, Katia Karine Vera Hern\u00e1ndez y Fluvio C\u00e9sar Vista Narv\u00e1ez.<\/p>\n<p>Los cuestionamientos formulados por la diputada y los legisladores fueron en relaci\u00f3n con las actividades relevantes de la Contralor\u00eda del OPLE fuera de periodos electorales, los nombres de las subcontralor\u00edas del organismo, cu\u00e1ntas auditor\u00edas y de qu\u00e9 tipo podr\u00edan efectuarse y qu\u00e9 se hace en el \u00d3rgano Interno de Control para detectar actos de corrupci\u00f3n tras la entrega de las declaraciones patrimoniales de las y los servidores p\u00fablicos.<\/p>\n<p>Adem\u00e1s, la explicaci\u00f3n de la experiencia profesional en caso de ocupar el cargo, el procedimiento que debe darse a las acciones administrativas que se obtienen de las auditor\u00edas aplicadas, los mecanismos para hacer cumplir las conductas adecuadas de las y los servidores p\u00fablicos, los cargos y personal adscrito a la Contralor\u00eda del OPLE, las atribuciones de la subcontralor\u00eda de procedimientos administrativos y la opini\u00f3n sobre la reglamentaci\u00f3n estricta del correcto ejercicio del gasto.<\/p>\n<p>Tambi\u00e9n, las caracter\u00edsticas ideales de la persona titular de la Contralor\u00eda del organismo electoral, criterios para la elaboraci\u00f3n del Programa Operativo Anual, la intervenci\u00f3n del Contralor o Contralora que derive de los sucesos en el proceso electoral y de qu\u00e9 forma pueden mejorarse los protocolos de actuaci\u00f3n para evitar conflictos de inter\u00e9s entre las y los servidores p\u00fablicos.<\/p>\n<p>De acuerdo con lo establecido en la Convocatoria, aprobada por el Pleno el pasado 16 de julio, al t\u00e9rmino de esta fase de entrevistas, la Comisi\u00f3n Permanente de Organizaci\u00f3n Pol\u00edtica y Procesos Electorales rendir\u00e1 a la Junta de Coordinaci\u00f3n Pol\u00edtica (Jucopo) un informe de lo realizado.<\/p>\n<p>Posteriormente, la Jucopo formular\u00e1 un proyecto de punto de acuerdo en el que se propondr\u00e1 una terna para el nombramiento de la persona titular de la Contralor\u00eda General del OPLE Veracruz, que se someter\u00e1 a la consideraci\u00f3n del Pleno de la LXVI Legislatura, para que \u00e9ste designe, a m\u00e1s tardar el 31 de julio de 2024, a la persona que ocupar\u00e1 el cargo.<\/p>\n","protected":false},"excerpt":{"rendered":"<p>Xalapa, Ver.- Como parte del procedimiento para la designaci\u00f3n de la persona titular de la Contralor\u00eda General del Organismo P\u00fablico Local Electoral (OPLE) del estado de Veracruz, la Comisi\u00f3n Permanente de Organizaci\u00f3n Pol\u00edtica y Procesos Electorales del Congreso local entrevist\u00f3 a las 15 personas aspirantes que, sumadas a los 16 entrevistadas el pasado viernes, dan el total de las 31 inscritas. En la sala Venustiano Carranza del Palacio Legislativo, la diputada Lourdes Ju\u00e1rez Lara, el diputade Ky Dur\u00e1n Chincoya y el legislador Enrique Cambranis Torres, presidenta, secretario y vocal respectivamente&hellip;<\/p>\n","protected":false},"author":1,"featured_media":108200,"comment_status":"open","ping_status":"closed","sticky":false,"template":"","format":"standard","meta":{"footnotes":""},"categories":[3,4],"tags":[305,980],"class_list":["post-108199","post","type-post","status-publish","format-standard","has-post-thumbnail","hentry","category-destacadas","category-estatal","tag-congreso-veracruz","tag-ople-veracruz"],"jetpack-related-posts":[],"_links":{"self":[{"href":"https:\/\/www.noticiasperfil.com\/index\/wp-json\/wp\/v2\/posts\/108199","targetHints":{"allow":["GET"]}}],"collection":[{"href":"https:\/\/www.noticiasperfil.com\/index\/wp-json\/wp\/v2\/posts"}],"about":[{"href":"https:\/\/www.noticiasperfil.com\/index\/wp-json\/wp\/v2\/types\/post"}],"author":[{"embeddable":true,"href":"https:\/\/www.noticiasperfil.com\/index\/wp-json\/wp\/v2\/users\/1"}],"replies":[{"embeddable":true,"href":"https:\/\/www.noticiasperfil.com\/index\/wp-json\/wp\/v2\/comments?post=108199"}],"version-history":[{"count":1,"href":"https:\/\/www.noticiasperfil.com\/index\/wp-json\/wp\/v2\/posts\/108199\/revisions"}],"predecessor-version":[{"id":108201,"href":"https:\/\/www.noticiasperfil.com\/index\/wp-json\/wp\/v2\/posts\/108199\/revisions\/108201"}],"wp:featuredmedia":[{"embeddable":true,"href":"https:\/\/www.noticiasperfil.com\/index\/wp-json\/wp\/v2\/media\/108200"}],"wp:attachment":[{"href":"https:\/\/www.noticiasperfil.com\/index\/wp-json\/wp\/v2\/media?parent=108199"}],"wp:term":[{"taxonomy":"category","embeddable":true,"href":"https:\/\/www.noticiasperfil.com\/index\/wp-json\/wp\/v2\/categories?post=108199"},{"taxonomy":"post_tag","embeddable":true,"href":"https:\/\/www.noticiasperfil.com\/index\/wp-json\/wp\/v2\/tags?post=108199"}],"curies":[{"name":"wp","href":"https:\/\/api.w.org\/{rel}","templated":true}]}}