{"id":108202,"date":"2024-07-30T19:53:12","date_gmt":"2024-07-31T00:53:12","guid":{"rendered":"https:\/\/www.noticiasperfil.com\/index\/?p=108202"},"modified":"2024-07-30T19:53:12","modified_gmt":"2024-07-31T00:53:12","slug":"realiza-ayuntamiento-de-san-andres-limpieza-en-colectores-marginales-de-la-colonia-el-jardin","status":"publish","type":"post","link":"https:\/\/www.noticiasperfil.com\/index\/2024\/07\/30\/realiza-ayuntamiento-de-san-andres-limpieza-en-colectores-marginales-de-la-colonia-el-jardin\/","title":{"rendered":"Realiza Ayuntamiento de San Andr\u00e9s, limpieza en colectores marginales de la colonia El Jard\u00edn"},"content":{"rendered":"<p><img loading=\"lazy\" decoding=\"async\" data-attachment-id=\"108203\" data-permalink=\"https:\/\/www.noticiasperfil.com\/index\/2024\/07\/30\/realiza-ayuntamiento-de-san-andres-limpieza-en-colectores-marginales-de-la-colonia-el-jardin\/colectores-sat-01\/\" data-orig-file=\"https:\/\/i2.wp.com\/www.noticiasperfil.com\/index\/wp-content\/uploads\/2024\/07\/colectores-sat-01-scaled.jpg?fit=2560%2C1145&amp;ssl=1\" data-orig-size=\"2560,1145\" data-comments-opened=\"1\" data-image-meta=\"{&quot;aperture&quot;:&quot;0&quot;,&quot;credit&quot;:&quot;&quot;,&quot;camera&quot;:&quot;&quot;,&quot;caption&quot;:&quot;&quot;,&quot;created_timestamp&quot;:&quot;0&quot;,&quot;copyright&quot;:&quot;&quot;,&quot;focal_length&quot;:&quot;0&quot;,&quot;iso&quot;:&quot;0&quot;,&quot;shutter_speed&quot;:&quot;0&quot;,&quot;title&quot;:&quot;&quot;,&quot;orientation&quot;:&quot;0&quot;}\" data-image-title=\"colectores-sat-01\" data-image-description=\"\" data-medium-file=\"https:\/\/i2.wp.com\/www.noticiasperfil.com\/index\/wp-content\/uploads\/2024\/07\/colectores-sat-01-scaled.jpg?fit=660%2C365&amp;ssl=1\" data-large-file=\"https:\/\/i2.wp.com\/www.noticiasperfil.com\/index\/wp-content\/uploads\/2024\/07\/colectores-sat-01-scaled.jpg?fit=640%2C366&amp;ssl=1\" class=\"aligncenter size-full wp-image-108203\" src=\"https:\/\/i2.wp.com\/www.noticiasperfil.com\/index\/wp-content\/uploads\/2024\/07\/colectores-sat-01-scaled.jpg?resize=640%2C286&#038;ssl=1\" alt=\"\" width=\"640\" height=\"286\" srcset=\"https:\/\/i2.wp.com\/www.noticiasperfil.com\/index\/wp-content\/uploads\/2024\/07\/colectores-sat-01-scaled.jpg?w=2560&amp;ssl=1 2560w, https:\/\/i2.wp.com\/www.noticiasperfil.com\/index\/wp-content\/uploads\/2024\/07\/colectores-sat-01-scaled.jpg?resize=1536%2C687&amp;ssl=1 1536w, https:\/\/i2.wp.com\/www.noticiasperfil.com\/index\/wp-content\/uploads\/2024\/07\/colectores-sat-01-scaled.jpg?resize=2048%2C916&amp;ssl=1 2048w, https:\/\/i2.wp.com\/www.noticiasperfil.com\/index\/wp-content\/uploads\/2024\/07\/colectores-sat-01-scaled.jpg?w=1280&amp;ssl=1 1280w, https:\/\/i2.wp.com\/www.noticiasperfil.com\/index\/wp-content\/uploads\/2024\/07\/colectores-sat-01-scaled.jpg?w=1920&amp;ssl=1 1920w\" sizes=\"auto, (max-width: 640px) 100vw, 640px\" data-recalc-dims=\"1\" \/><\/p>\n<ul>\n<li><em><strong>A trav\u00e9s de la Direcci\u00f3n de Limpia P\u00fablica, por instrucciones de la alcaldesa Mar\u00eda Elena Solana Calzada, implementan brigadas para quitar maleza y limpiar el cauce del r\u00edo.<\/strong><\/em><\/li>\n<\/ul>\n<p>San Andr\u00e9s Tuxtla, Ver.- Con la finalidad de conservar los espacios p\u00fablicos libres de maleza y basura, la Presidenta Municipal de San Andr\u00e9s Tuxtla, la doctora Mar\u00eda Elena Solana Calzada, instruy\u00f3 a personal de Limpia P\u00fablica a cargo de Edwin Sosa Lua, a para formar brigadas de limpieza en los m\u00e1rgenes del r\u00edo Tajalate, iniciando la limpieza en el tramo de colectores marginales que comprende la colonia \u00abEl Jard\u00edn\u00bb.<\/p>\n<p><img loading=\"lazy\" decoding=\"async\" data-attachment-id=\"108204\" data-permalink=\"https:\/\/www.noticiasperfil.com\/index\/2024\/07\/30\/realiza-ayuntamiento-de-san-andres-limpieza-en-colectores-marginales-de-la-colonia-el-jardin\/colectores-sat-02\/\" data-orig-file=\"https:\/\/i0.wp.com\/www.noticiasperfil.com\/index\/wp-content\/uploads\/2024\/07\/colectores-sat-02.jpg?fit=1280%2C963&amp;ssl=1\" data-orig-size=\"1280,963\" data-comments-opened=\"1\" data-image-meta=\"{&quot;aperture&quot;:&quot;0&quot;,&quot;credit&quot;:&quot;&quot;,&quot;camera&quot;:&quot;&quot;,&quot;caption&quot;:&quot;&quot;,&quot;created_timestamp&quot;:&quot;0&quot;,&quot;copyright&quot;:&quot;&quot;,&quot;focal_length&quot;:&quot;0&quot;,&quot;iso&quot;:&quot;0&quot;,&quot;shutter_speed&quot;:&quot;0&quot;,&quot;title&quot;:&quot;&quot;,&quot;orientation&quot;:&quot;0&quot;}\" data-image-title=\"colectores-sat-02\" data-image-description=\"\" data-medium-file=\"https:\/\/i0.wp.com\/www.noticiasperfil.com\/index\/wp-content\/uploads\/2024\/07\/colectores-sat-02.jpg?fit=660%2C365&amp;ssl=1\" data-large-file=\"https:\/\/i0.wp.com\/www.noticiasperfil.com\/index\/wp-content\/uploads\/2024\/07\/colectores-sat-02.jpg?fit=640%2C366&amp;ssl=1\" class=\"aligncenter size-full wp-image-108204\" src=\"https:\/\/i0.wp.com\/www.noticiasperfil.com\/index\/wp-content\/uploads\/2024\/07\/colectores-sat-02.jpg?resize=640%2C482&#038;ssl=1\" alt=\"\" width=\"640\" height=\"482\" data-recalc-dims=\"1\" \/><\/p>\n<p>En este sentido Director de Limpia P\u00fablica Municipal, coment\u00f3 que siguiendo las pol\u00edticas de conservaci\u00f3n, limpieza de r\u00edos y rescate de espacios p\u00fablicos que ha instruido la alcaldesa Mar\u00eda Elena Solana Calzada, est\u00e1n realizado de manera permanente, labores de limpieza en los espacios p\u00fablicos de nuestra cabecera municipal, destacando que ya se han realizado estas actividades en varios tramos de colectores marginales y tambi\u00e9n en algunos parques y jardines de otras colonias.<\/p>\n<p><img loading=\"lazy\" decoding=\"async\" data-attachment-id=\"108205\" data-permalink=\"https:\/\/www.noticiasperfil.com\/index\/2024\/07\/30\/realiza-ayuntamiento-de-san-andres-limpieza-en-colectores-marginales-de-la-colonia-el-jardin\/colectores-sat-03\/\" data-orig-file=\"https:\/\/i0.wp.com\/www.noticiasperfil.com\/index\/wp-content\/uploads\/2024\/07\/colectores-sat-03.jpg?fit=963%2C1280&amp;ssl=1\" data-orig-size=\"963,1280\" data-comments-opened=\"1\" data-image-meta=\"{&quot;aperture&quot;:&quot;0&quot;,&quot;credit&quot;:&quot;&quot;,&quot;camera&quot;:&quot;&quot;,&quot;caption&quot;:&quot;&quot;,&quot;created_timestamp&quot;:&quot;0&quot;,&quot;copyright&quot;:&quot;&quot;,&quot;focal_length&quot;:&quot;0&quot;,&quot;iso&quot;:&quot;0&quot;,&quot;shutter_speed&quot;:&quot;0&quot;,&quot;title&quot;:&quot;&quot;,&quot;orientation&quot;:&quot;0&quot;}\" data-image-title=\"colectores-sat-03\" data-image-description=\"\" data-medium-file=\"https:\/\/i0.wp.com\/www.noticiasperfil.com\/index\/wp-content\/uploads\/2024\/07\/colectores-sat-03.jpg?fit=660%2C365&amp;ssl=1\" data-large-file=\"https:\/\/i0.wp.com\/www.noticiasperfil.com\/index\/wp-content\/uploads\/2024\/07\/colectores-sat-03.jpg?fit=640%2C366&amp;ssl=1\" class=\"aligncenter size-full wp-image-108205\" src=\"https:\/\/i0.wp.com\/www.noticiasperfil.com\/index\/wp-content\/uploads\/2024\/07\/colectores-sat-03.jpg?resize=640%2C851&#038;ssl=1\" alt=\"\" width=\"640\" height=\"851\" data-recalc-dims=\"1\" \/><\/p>\n<p>Edwin Sosa Lua destac\u00f3 que el trabajo realizado requiere de la suma de voluntades y la colaboraci\u00f3n de la ciudadan\u00eda para seguir conservando limpias estas zonas urbanas que forman parte de nuestro entorno y que en el caso de las zonas marginales de los r\u00edos, resulta muy importante mantener libres de maleza y basura para evitar la acumulaci\u00f3n de agua en charcos que puedan ser criadero de moscos, por eso es importante, dijo, la cooperaci\u00f3n de la ciudadan\u00eda para que no arrojen botes o recipientes pl\u00e1sticos a la corriente marginal del r\u00edo Tajalate.<\/p>\n<p><img loading=\"lazy\" decoding=\"async\" data-attachment-id=\"108206\" data-permalink=\"https:\/\/www.noticiasperfil.com\/index\/2024\/07\/30\/realiza-ayuntamiento-de-san-andres-limpieza-en-colectores-marginales-de-la-colonia-el-jardin\/colectores-sat-04\/\" data-orig-file=\"https:\/\/i2.wp.com\/www.noticiasperfil.com\/index\/wp-content\/uploads\/2024\/07\/colectores-sat-04.jpg?fit=963%2C1280&amp;ssl=1\" data-orig-size=\"963,1280\" data-comments-opened=\"1\" data-image-meta=\"{&quot;aperture&quot;:&quot;0&quot;,&quot;credit&quot;:&quot;&quot;,&quot;camera&quot;:&quot;&quot;,&quot;caption&quot;:&quot;&quot;,&quot;created_timestamp&quot;:&quot;0&quot;,&quot;copyright&quot;:&quot;&quot;,&quot;focal_length&quot;:&quot;0&quot;,&quot;iso&quot;:&quot;0&quot;,&quot;shutter_speed&quot;:&quot;0&quot;,&quot;title&quot;:&quot;&quot;,&quot;orientation&quot;:&quot;0&quot;}\" data-image-title=\"colectores-sat-04\" data-image-description=\"\" data-medium-file=\"https:\/\/i2.wp.com\/www.noticiasperfil.com\/index\/wp-content\/uploads\/2024\/07\/colectores-sat-04.jpg?fit=660%2C365&amp;ssl=1\" data-large-file=\"https:\/\/i2.wp.com\/www.noticiasperfil.com\/index\/wp-content\/uploads\/2024\/07\/colectores-sat-04.jpg?fit=640%2C366&amp;ssl=1\" class=\"aligncenter size-full wp-image-108206\" src=\"https:\/\/i2.wp.com\/www.noticiasperfil.com\/index\/wp-content\/uploads\/2024\/07\/colectores-sat-04.jpg?resize=640%2C851&#038;ssl=1\" alt=\"\" width=\"640\" height=\"851\" data-recalc-dims=\"1\" \/><\/p>\n<p>Finalmente el responsable de Limpia P\u00fablica reiter\u00f3 que se sigue trabajando no s\u00f3lo en la recolecci\u00f3n regular de residuos s\u00f3lidos sino tambi\u00e9n en la limpieza y mantenimiento de espacios p\u00fablicos en beneficio de los sanandrescanos.<\/p>\n","protected":false},"excerpt":{"rendered":"<p>A trav\u00e9s de la Direcci\u00f3n de Limpia P\u00fablica, por instrucciones de la alcaldesa Mar\u00eda Elena Solana Calzada, implementan brigadas para quitar maleza y limpiar el cauce del r\u00edo. San Andr\u00e9s Tuxtla, Ver.- Con la finalidad de conservar los espacios p\u00fablicos libres de maleza y basura, la Presidenta Municipal de San Andr\u00e9s Tuxtla, la doctora Mar\u00eda Elena Solana Calzada, instruy\u00f3 a personal de Limpia P\u00fablica a cargo de Edwin Sosa Lua, a para formar brigadas de limpieza en los m\u00e1rgenes del r\u00edo Tajalate, iniciando la limpieza en el tramo de colectores&hellip;<\/p>\n","protected":false},"author":1,"featured_media":108204,"comment_status":"open","ping_status":"closed","sticky":false,"template":"","format":"standard","meta":{"footnotes":""},"categories":[3,12],"tags":[7966],"class_list":["post-108202","post","type-post","status-publish","format-standard","has-post-thumbnail","hentry","category-destacadas","category-san-andres-tuxtla","tag-maria-elena-solana-calzada"],"jetpack-related-posts":[],"_links":{"self":[{"href":"https:\/\/www.noticiasperfil.com\/index\/wp-json\/wp\/v2\/posts\/108202","targetHints":{"allow":["GET"]}}],"collection":[{"href":"https:\/\/www.noticiasperfil.com\/index\/wp-json\/wp\/v2\/posts"}],"about":[{"href":"https:\/\/www.noticiasperfil.com\/index\/wp-json\/wp\/v2\/types\/post"}],"author":[{"embeddable":true,"href":"https:\/\/www.noticiasperfil.com\/index\/wp-json\/wp\/v2\/users\/1"}],"replies":[{"embeddable":true,"href":"https:\/\/www.noticiasperfil.com\/index\/wp-json\/wp\/v2\/comments?post=108202"}],"version-history":[{"count":1,"href":"https:\/\/www.noticiasperfil.com\/index\/wp-json\/wp\/v2\/posts\/108202\/revisions"}],"predecessor-version":[{"id":108207,"href":"https:\/\/www.noticiasperfil.com\/index\/wp-json\/wp\/v2\/posts\/108202\/revisions\/108207"}],"wp:featuredmedia":[{"embeddable":true,"href":"https:\/\/www.noticiasperfil.com\/index\/wp-json\/wp\/v2\/media\/108204"}],"wp:attachment":[{"href":"https:\/\/www.noticiasperfil.com\/index\/wp-json\/wp\/v2\/media?parent=108202"}],"wp:term":[{"taxonomy":"category","embeddable":true,"href":"https:\/\/www.noticiasperfil.com\/index\/wp-json\/wp\/v2\/categories?post=108202"},{"taxonomy":"post_tag","embeddable":true,"href":"https:\/\/www.noticiasperfil.com\/index\/wp-json\/wp\/v2\/tags?post=108202"}],"curies":[{"name":"wp","href":"https:\/\/api.w.org\/{rel}","templated":true}]}}