{"id":108210,"date":"2024-07-31T12:17:17","date_gmt":"2024-07-31T17:17:17","guid":{"rendered":"https:\/\/www.noticiasperfil.com\/index\/?p=108210"},"modified":"2024-07-31T12:17:17","modified_gmt":"2024-07-31T17:17:17","slug":"kamala-aun-no-es-candidata-presidencial-y-ya-remonto","status":"publish","type":"post","link":"https:\/\/www.noticiasperfil.com\/index\/2024\/07\/31\/kamala-aun-no-es-candidata-presidencial-y-ya-remonto\/","title":{"rendered":"Kamala a\u00fan no es candidata presidencial y ya remont\u00f3"},"content":{"rendered":"<p><img loading=\"lazy\" decoding=\"async\" class=\"aligncenter size-full wp-image-93945\" src=\"https:\/\/i2.wp.com\/www.noticiasperfil.com\/index\/wp-content\/uploads\/2022\/11\/repechaje.jpg?resize=517%2C300&#038;ssl=1\" alt=\"\" width=\"517\" height=\"300\" data-recalc-dims=\"1\" \/><\/p>\n<p><strong>Repechaje\/Por Quirino Moreno Quiza.<\/strong><\/p>\n<p><em><strong>*Venezuela\u2026 la importancia de la percepci\u00f3n de fraude<br \/>\n<\/strong><strong>*Aprehensi\u00f3n de Zambada\u2026 \u00bfpor qu\u00e9 se deslinda tando AMLO<br \/>\n<\/strong><strong>*Frente C\u00edvico Nacional VS sobrerrepresentaci\u00f3n<br \/>\n<\/strong><strong>*Habr\u00e1 manifestaci\u00f3n el pr\u00f3ximo 11 de agosto en Xalapa<br \/>\n<\/strong><strong>*Los ciudadanos debe incidir en las decisiones del gobierno<br \/>\n<\/strong><strong>*La Espantosa deuda de M\u00e9xico ya rebasa los 16 billones de pesos<br \/>\n<\/strong><strong>*La deuda ha crecido 6 billones de pesos en este sexenio<br \/>\n<\/strong><strong>*La deuda creci\u00f3 m\u00e1s con AMLO que con Calderon y EPN<\/strong><\/em><\/p>\n<p>***\u00a0<strong><em>\u00a1Y apenas est\u00e1 calentando el brazo!\u00a0<\/em><\/strong>En Estados Unidos, donde las tendencias ya le dan una ventaja de hasta 4 puntos a Kamal Harris sobre Donald Trump, ocurre que la convenci\u00f3n de delegados de los dem\u00f3cratas ser\u00e1 celebrada apenas en agosto para decidir de entre los aspirantes de ese partido a quien ser\u00e1 el candidato\u2026 Es decir que\u00a0 Kamala, sin ser candidata presidencial todav\u00eda, ya aventaja a Trump a unos cuantos d\u00edas de haber sido propuesta por Joe Biden para que los sustituya\u2026<\/p>\n<p>***\u00a0<strong><em>\u00a1La importancia de la percepci\u00f3n!\u00a0<\/em><\/strong>La Organizaci\u00f3n de Estados Americanos (OEA), que tanto han criticado los presidentes de Venezuela, Cuba y M\u00e9xico, NO ha\u00a0 reconocido el triunfo de Nicol\u00e1s Maduro en la elecci\u00f3n presidencial de ese pa\u00eds\u2026 Sin embargo, los venezolanos en su mayor\u00eda siguen moviliz\u00e1ndose en grandes masas para repudiar el fraude orquestado para reelegir a Maduro\u2026 Y la tienen muy clara los de la oposici\u00f3n all\u00e1\u2026 les est\u00e1n truqueando casi 5 millones de votos que no eran de Maduro\u2026 Es notorio que al parecer esta vez se le ha pasado la mano al heredero de Hugo Ch\u00e1vez\u2026 Las manifestaciones y movilizaciones de los ciudadanos venezolanos son verdaderamente impresionantes\u2026<\/p>\n<p>***\u00a0<strong><em>\u00a1Sospechosismo!\u00a0<\/em><\/strong>Y s\u00ed, no deja de ser llamativo el hecho de que el presidente L\u00f3pez Obrador se deslinde de la aprehensi\u00f3n del Mayo Zambada y un hijo de Capo Guzm\u00e1n por autoridades estadounidenses\u2026 Pero si ponemos atenci\u00f3n, desde el principio, el presidente se deslinda todos los d\u00edas\u2026 \u00bfPor qu\u00e9, a qu\u00e9 y para qu\u00e9?&#8230; Y ciertamente tampoco celebra la ca\u00edda de dos de los traficantes de drogas\u00a0 m\u00e1s grandes de M\u00e9xico\u2026 Aunque s\u00ed\u2026 la pregunta salta\u2026 \u00bfA qu\u00e9 se debe que en M\u00e9xico no pudieron aprehender a ambos narcotraficantes teni\u00e9ndolos tan a la mano?&#8230;<\/p>\n<p>***\u00a0<strong><em>\u00a1Movilizaci\u00f3n a la vista!\u00a0<\/em><\/strong>El\u00a0<strong>Frente C\u00edvico Nacional<\/strong>\u00a0en su cap\u00edtulo Veracruz ha comenzado a mostrar su rechazo a la pretendida sobrerrepresentaci\u00f3n en el Congreso\u00a0 que ha estado intentando perpetrar Morena sin considerar que con ello estar\u00edan acallando las voces de los ciudadanos con trampas e interpretaciones legaloides de la Constituci\u00f3n, lo que contraviene con lo que con su voto decidieron millones de mexicanos\u2026 Por ello, el mencionado Frente C\u00edvico Nacional convoca ya a una movilizaci\u00f3n que tendr\u00e1 lugar el pr\u00f3ximo 11 de agosto a las 11:00 horas frente a \u00a0la sede de la Junta Local Ejecutiva del INE ubicada en Avenida \u00c1vila Camacho 119, en la zona central de esta ciudad capital, Xalapa\u2026 La movilizaci\u00f3n ser\u00e1 espec\u00edficamente en contra de la sobrerrepresentaci\u00f3n legislativa pretendida por Morena y sus aliados\u2026<\/p>\n<p>***\u00a0<strong><em>\u00a1Incidir es el verbo!\u00a0<\/em><\/strong>Salvo los prop\u00f3sitos democr\u00e1ticos en los\u00a0 que coinciden mucho, el Frente C\u00edvico Nacional y los ciudadanos de la denominada \u201cMarea Rosa\u201d en nuestro pa\u00eds no son lo mismo, si son realmente una excelente\u00a0 manera de que los ciudadanos mexicanos incidan en la toma de decisiones de los gobiernos luego de que no son pocas las malas decisiones que est\u00e1n afectando a todos los mexicanos\u2026<\/p>\n<p>***\u00a0<strong><em>\u00a1Ah b\u00e1rbaros!\u00a0<\/em><\/strong>En el primer trimestre del presente a\u00f1o, la deuda de M\u00e9xico creci\u00f3 en 1.1 billones de pesos, que sumados, ya suman una deuda de m\u00e1s 16 mil millones de millones\u00a0 (16.14 billones de pesos) seg\u00fan el informe de la Secretar\u00eda de Hacienda y Cr\u00e9dito P\u00fablico del gobierno federal\u2026 Lo malo es que en esa secretar\u00eda contin\u00faan ejemplificando como motivo de tal endeudamiento a las obras magnas de L\u00f3pez Obrador, como el Tren Maya o la refiner\u00eda de Dos Bocas\u2026 Sin embargo, ambas obras no llegaron a sumar ese bill\u00f3n de pesos de nueva deuda en los \u00faltimos 6 meses\u2026Esto de la deuda de M\u00e9xico, sin duda ser\u00e1 un asunto que tendr\u00e1 que abordar de inmediato la presidente electa, Claudia Sehinbaum, a quien le est\u00e1n heredando hasta la explicaci\u00f3n de los que ha ocurrido con tant\u00edsimo dinero\u2026 \u00bfY qu\u00e9 pas\u00f3 con los 500 mil millones de pesos que seg\u00fan L\u00f3pez Obrador se ahorrar\u00eda al eliminar la corrupci\u00f3n y que ser\u00edan destinados para beneficiar a los ciudadanos?&#8230; \u00bfY d\u00f3nde quedaron lso recursos de los fideicomisos?&#8230; y mucho m\u00e1s\u2026 Todo apunta a que el presidente le dejar\u00e1 esa bola caliente a Chaudia\u2026La deuda, hasta ahora, ha crecido 6 billones de pesos desde que L\u00f3pez asumi\u00f3 la presidencia\u2026 Felipe Calderon la dej\u00f3 en 5 billones; con Pe\u00f1a creci\u00f3 a 10 billones y con AMLO van 6 mil billones de pesos m\u00e1s\u2026<\/p>\n<p><strong>columnarepechaje@gmail.com<\/strong><\/p>\n<p><strong>X: quirinomq<\/strong><\/p>\n<p><a href=\"http:\/\/www.entornopolitico.com\/\"><strong>www.entornopolitico.co<\/strong><\/a><strong>m<\/strong><\/p>\n","protected":false},"excerpt":{"rendered":"<p>Repechaje\/Por Quirino Moreno Quiza. *Venezuela\u2026 la importancia de la percepci\u00f3n de fraude *Aprehensi\u00f3n de Zambada\u2026 \u00bfpor qu\u00e9 se deslinda tando AMLO *Frente C\u00edvico Nacional VS sobrerrepresentaci\u00f3n *Habr\u00e1 manifestaci\u00f3n el pr\u00f3ximo 11 de agosto en Xalapa *Los ciudadanos debe incidir en las decisiones del gobierno *La Espantosa deuda de M\u00e9xico ya rebasa los 16 billones de pesos *La deuda ha crecido 6 billones de pesos en este sexenio *La deuda creci\u00f3 m\u00e1s con AMLO que con Calderon y EPN ***\u00a0\u00a1Y apenas est\u00e1 calentando el brazo!\u00a0En Estados Unidos, donde las tendencias ya&hellip;<\/p>\n","protected":false},"author":1,"featured_media":0,"comment_status":"open","ping_status":"closed","sticky":false,"template":"","format":"standard","meta":{"footnotes":""},"categories":[8,11],"tags":[1155],"class_list":["post-108210","post","type-post","status-publish","format-standard","hentry","category-opinion","category-repechaje","tag-quirino-moreno-quiza"],"jetpack-related-posts":[],"_links":{"self":[{"href":"https:\/\/www.noticiasperfil.com\/index\/wp-json\/wp\/v2\/posts\/108210","targetHints":{"allow":["GET"]}}],"collection":[{"href":"https:\/\/www.noticiasperfil.com\/index\/wp-json\/wp\/v2\/posts"}],"about":[{"href":"https:\/\/www.noticiasperfil.com\/index\/wp-json\/wp\/v2\/types\/post"}],"author":[{"embeddable":true,"href":"https:\/\/www.noticiasperfil.com\/index\/wp-json\/wp\/v2\/users\/1"}],"replies":[{"embeddable":true,"href":"https:\/\/www.noticiasperfil.com\/index\/wp-json\/wp\/v2\/comments?post=108210"}],"version-history":[{"count":1,"href":"https:\/\/www.noticiasperfil.com\/index\/wp-json\/wp\/v2\/posts\/108210\/revisions"}],"predecessor-version":[{"id":108211,"href":"https:\/\/www.noticiasperfil.com\/index\/wp-json\/wp\/v2\/posts\/108210\/revisions\/108211"}],"wp:attachment":[{"href":"https:\/\/www.noticiasperfil.com\/index\/wp-json\/wp\/v2\/media?parent=108210"}],"wp:term":[{"taxonomy":"category","embeddable":true,"href":"https:\/\/www.noticiasperfil.com\/index\/wp-json\/wp\/v2\/categories?post=108210"},{"taxonomy":"post_tag","embeddable":true,"href":"https:\/\/www.noticiasperfil.com\/index\/wp-json\/wp\/v2\/tags?post=108210"}],"curies":[{"name":"wp","href":"https:\/\/api.w.org\/{rel}","templated":true}]}}