{"id":108212,"date":"2024-07-31T12:40:47","date_gmt":"2024-07-31T17:40:47","guid":{"rendered":"https:\/\/www.noticiasperfil.com\/index\/?p=108212"},"modified":"2024-07-31T12:40:47","modified_gmt":"2024-07-31T17:40:47","slug":"fiscalia-anticorrupcion-golpe-al-gobernador","status":"publish","type":"post","link":"https:\/\/www.noticiasperfil.com\/index\/2024\/07\/31\/fiscalia-anticorrupcion-golpe-al-gobernador\/","title":{"rendered":"Fiscal\u00eda Anticorrupci\u00f3n, golpe al Gobernador"},"content":{"rendered":"<p><img loading=\"lazy\" decoding=\"async\" class=\"aligncenter size-full wp-image-93555\" src=\"https:\/\/i0.wp.com\/www.noticiasperfil.com\/index\/wp-content\/uploads\/2022\/10\/prosa-aprisa.jpg?resize=480%2C270&#038;ssl=1\" alt=\"\" width=\"480\" height=\"270\" data-recalc-dims=\"1\" \/><\/p>\n<p><strong>Prosa Aprisa\/Por Arturo Reyes Isidoro.<\/strong><\/p>\n<p>Seis a\u00f1os tuvo el gobernador Cuitl\u00e1huac Garc\u00eda Jim\u00e9nez para haber fortalecido la Fiscal\u00eda Especializada en Combate a la Corrupci\u00f3n (Fiscal\u00eda Anticorrupci\u00f3n) dot\u00e1ndola de autonom\u00eda y equipar\u00e1ndola a la Fiscal\u00eda General del Estado, de la que ahora es solo un \u00e1rea especializada, pero no lo hizo, no tuvo inter\u00e9s.<\/p>\n<p>A punto de irse, por lo que no se vio nunca, se puede afirmar que esa \u00e1rea la tuvo de adorno porque no estuvo entre sus planes aplicarla, pues no se sabe de un solo funcionario de cualquier nivel, de su administraci\u00f3n, o ex funcionario, o alcalde o ex alcalde, que haya sido investigado, menos castigado, porque haya ca\u00eddo en actos de corrupci\u00f3n.<\/p>\n<p>Tener el \u00e1rea bajo el control de la fiscal Ver\u00f3nica Hern\u00e1ndez Giad\u00e1ns era para utilizarla como un brazo represor contra sus enemigos pol\u00edticos, como un garrote pol\u00edtico, pero no para castigar actos de corrupci\u00f3n de los servidores o exservidores p\u00fablicos (nunca se investig\u00f3 el caso de la \u201cempresaria\u201d Araly Rodr\u00edguez, por ejemplo).<\/p>\n<p>Este mi\u00e9rcoles se someter\u00e1 a votaci\u00f3n en el Congreso local la creaci\u00f3n de la Fiscal\u00eda Anticorrupci\u00f3n como organismo aut\u00f3nomo, que tendr\u00e1 competencia para conocer presuntos actos de corrupci\u00f3n, investigarlos y denunciarlos formalmente, sin necesidad de darle vista a la fiscal, contra la que tambi\u00e9n se podr\u00e1 proceder.<\/p>\n<p>Llama la atenci\u00f3n que de pronto la diputada local Janix Lilian Castro present\u00f3 la propuesta para la nueva fiscal\u00eda y que fast track ya se dictamin\u00f3 y seguramente hoy ser\u00e1 aprobada por el pleno. Es obvio que se trata de una propuesta de la nueva gobernadora Roc\u00edo Nahle, quien se ve que tiene la intenci\u00f3n de castigar a corruptos funcionarios y exfuncionarios, incluidos alcaldes.<\/p>\n<p>Con su acci\u00f3n, muestra desconfianza de la fiscal, y necesariamente del gobernador, de quien depende y le da \u00f3rdenes, y por eso le quita el \u00e1rea. Se trata de un golpe a Cuitl\u00e1huac Garc\u00eda y lo exhibe como quien habl\u00f3 y habl\u00f3 de combate a la corrupci\u00f3n pero nunca hizo un intento serio por materializarlo, como quien lo toler\u00f3 en su gobierno.<\/p>\n<p>Se va a reivindicar la se\u00f1ora con los veracruzanos que no votaron con ella si aplica la ley, sin venganzas, con af\u00e1n de hacer justicia, y castiga a quienes cometieron actos de corrupci\u00f3n y los hace que regresen lo que es patrimonio de los veracruzanos.<\/p>\n<p><strong>Adi\u00f3s curr\u00edculum, adi\u00f3s<\/strong><\/p>\n<p>Pues el destino nos alcanz\u00f3 (evoco aquella pel\u00edcula de ciencia ficci\u00f3n, Cuando el destino nos alcance, que protagoniza Charlton Heston y que los j\u00f3venes debieran ver alg\u00fan d\u00eda) y, para la contrataci\u00f3n de personal, aunque tal vez hasta con retraso, entramos a la era digital en Veracruz.<\/p>\n<p>Ayer le\u00ed con sorpresa que Dulce Mar\u00eda Nena de la Reguera est\u00e1 contratando personal para que trabaje a su lado en la Secretar\u00eda de Turismo, para lo cual pide a los interesados que le env\u00eden un reel (un video corto) porque, dice, son m\u00e1s \u201ccortitos y como que conozco m\u00e1s a la gente\u201d.<\/p>\n<p>Parece un detalle menor, pero con su decisi\u00f3n le da una muy fuerte sacudida al mundo de la burocracia, que hasta ayer que me enter\u00e9 lo de la Nena se segu\u00eda rigiendo, para la contrataci\u00f3n de personal, con el curr\u00edculum escrito y cuando se pod\u00eda con la presencia f\u00edsica del aspirante.<\/p>\n<p>El curr\u00edculum lleg\u00f3 a tener tanta importancia que hubo alguna vez \u201cacademias comerciales\u201d que ense\u00f1aban mecanograf\u00eda y taquimecanograf\u00eda y que pon\u00edan todo su empe\u00f1o en que sus alumnos (eran m\u00e1s mujeres que hombres) aprendieran a redactar de la mejor forma posible un curr\u00edculum porque iba a ser su carta de presentaci\u00f3n para que los contrataran en alg\u00fan lado.<\/p>\n<p>Y qui\u00e9n iba a decir que una mujer, adulta mayor adem\u00e1s (a Nena no le inhibe que se sepa que tiene m\u00e1s de 70 a\u00f1os) ser\u00eda la pionera de la innovaci\u00f3n, lo que nos habla adem\u00e1s de que es una mujer que est\u00e1 actualizada con las herramientas digitales y las nuevas plataformas de comunicaci\u00f3n a las que han dado lugar, y no pod\u00eda ser de otra forma cuando ella es una influencer (celebridad, famosa, personalidad de internet, influyente) en la zona conurbada Veracruz-Boca del R\u00edo.<\/p>\n<p>De la Reguera mam\u00e1 (hay De la Reguera hija, la famosa actriz Ana) dijo que s\u00ed solicita el curr\u00edculum, pero que para ella es m\u00e1s importante conocer a la gente mediante la din\u00e1mica de los reels y que incluso a trav\u00e9s de ese medio ya reclut\u00f3 a algunas personas.<\/p>\n<p>\u00a1Ay! \u00bfY qu\u00e9 va a ser de los adultos mayores que necesitan trabajar y est\u00e1n poco familiarizados con las nuevas herramientas digitales, algunos que no se preocuparon nunca por dar el salto de lo an\u00e1logo a lo digital, otros que no tienen ni cuenta de Facebook, de X (antes Twetter), de Instagram, de Tik Tok, que medio garabatean en WhatsApp?<\/p>\n<p>Seguramente ya conoceremos en su momento al equipo de Nena, me lo imagino que de preferencia de j\u00f3venes din\u00e1micos, todos de la generaci\u00f3n Alfa (nativos de la era digital), diestros en el manejo de las nuevas herramientas digitales, prestos a pedir ayuda a Inteligencia Artificial si se les atora algo, todos comandados por una mujer que promete innovaci\u00f3n en la Secretar\u00eda de Turismo y la mejor promoci\u00f3n de la riqueza natural del estado a trav\u00e9s de todas las plataformas posibles, algo nunca antes visto.<\/p>\n<p>Qu\u00e9 cambio se empieza a dar y se va a completar a partir de diciembre pr\u00f3ximo. No me aguanto las ganar de hacer una comparaci\u00f3n con el gobernador que ya se va, Cuitl\u00e1huac Garc\u00eda, quien en lugar de promover Veracruz en las plataformas de la modernidad digital anda con un machete, un pico, una pala, desbrozando maleza, haciendo tequios (faenas), porque creo que ya no le da para m\u00e1s. Qu\u00e9 cambio.<\/p>\n<p>Con otra. Al estar contratando Nena de la Reguera personal con base en reels, entonces est\u00e1 apelando al conocimiento, a la capacidad, a la habilidad y por lo tanto ha hecho a un lado la receta de Andr\u00e9s Manuel L\u00f3pez Obrador de que los funcionarios deben tener 90 por ciento de lealtad y 10 por ciento de experiencia. Soplan nuevos vientos en Veracruz.<\/p>\n<p><strong>Roc\u00edo les da libertad para escoger a sus colaboradores<\/strong><\/p>\n<p>La revelaci\u00f3n ayer de la pr\u00f3xima secretaria de Turismo dej\u00f3 en claro que, entonces, la Gobernadora Electa, Roc\u00edo Nahle, ha dejado a los futuros secretarios de despacho en libertad de escoger y contratar a sus colaboradores, contrario a lo que se hizo en la administraci\u00f3n que est\u00e1 por entregar.<\/p>\n<p>Cuitl\u00e1huac Garc\u00eda ahog\u00f3 a todos los funcionarios al permitir que su primo-hermano, Eleazar Guerrero P\u00e9rez, ahora exsubsecretario de Egresos, les impusiera a los directores administrativos y con ellos al personal con el que iban a trabajar, coart\u00e1ndoles su libertad para contratar y trabajar con los que consideraran mejores o m\u00e1s aptos.<\/p>\n<p>Con ello, Roc\u00edo expresa confianza en quienes ser\u00e1n sus colaboradores, pero adem\u00e1s se despoja del yoismo que ha caracterizado a varios gobernantes, que no han sabido delegar funciones y para todo yo, yo, yo, ellos han querido manejar todo de todas las dependencias descuidando su quehacer principal que es el de gobernar.<\/p>\n<p><strong>Caso Yunes: Nahle se baja del ring<\/strong><\/p>\n<p>En alcance a la saga Yunes Linares-M\u00e1rquez-Cuitl\u00e1huac-Nahle y dem\u00e1s, la Gobernadora Electa, Roc\u00edo Nahle, se baj\u00f3 ayer del ring. Declar\u00f3 que no va a caer en \u201cprovocaciones\u201d y que dar\u00e1 inicio a una nueva era en la que buscar\u00e1 elevar el nivel pol\u00edtico, en la que la ley se cumpla y se aplique para todos sin distingo alguno. Bastante claro. Bien.<\/p>\n","protected":false},"excerpt":{"rendered":"<p>Prosa Aprisa\/Por Arturo Reyes Isidoro. Seis a\u00f1os tuvo el gobernador Cuitl\u00e1huac Garc\u00eda Jim\u00e9nez para haber fortalecido la Fiscal\u00eda Especializada en Combate a la Corrupci\u00f3n (Fiscal\u00eda Anticorrupci\u00f3n) dot\u00e1ndola de autonom\u00eda y equipar\u00e1ndola a la Fiscal\u00eda General del Estado, de la que ahora es solo un \u00e1rea especializada, pero no lo hizo, no tuvo inter\u00e9s. A punto de irse, por lo que no se vio nunca, se puede afirmar que esa \u00e1rea la tuvo de adorno porque no estuvo entre sus planes aplicarla, pues no se sabe de un solo funcionario de&hellip;<\/p>\n","protected":false},"author":1,"featured_media":0,"comment_status":"open","ping_status":"closed","sticky":false,"template":"","format":"standard","meta":{"footnotes":""},"categories":[8,10],"tags":[112],"class_list":["post-108212","post","type-post","status-publish","format-standard","hentry","category-opinion","category-prosa-aprisa","tag-arturo-reyes-isidoro"],"jetpack-related-posts":[],"_links":{"self":[{"href":"https:\/\/www.noticiasperfil.com\/index\/wp-json\/wp\/v2\/posts\/108212","targetHints":{"allow":["GET"]}}],"collection":[{"href":"https:\/\/www.noticiasperfil.com\/index\/wp-json\/wp\/v2\/posts"}],"about":[{"href":"https:\/\/www.noticiasperfil.com\/index\/wp-json\/wp\/v2\/types\/post"}],"author":[{"embeddable":true,"href":"https:\/\/www.noticiasperfil.com\/index\/wp-json\/wp\/v2\/users\/1"}],"replies":[{"embeddable":true,"href":"https:\/\/www.noticiasperfil.com\/index\/wp-json\/wp\/v2\/comments?post=108212"}],"version-history":[{"count":1,"href":"https:\/\/www.noticiasperfil.com\/index\/wp-json\/wp\/v2\/posts\/108212\/revisions"}],"predecessor-version":[{"id":108213,"href":"https:\/\/www.noticiasperfil.com\/index\/wp-json\/wp\/v2\/posts\/108212\/revisions\/108213"}],"wp:attachment":[{"href":"https:\/\/www.noticiasperfil.com\/index\/wp-json\/wp\/v2\/media?parent=108212"}],"wp:term":[{"taxonomy":"category","embeddable":true,"href":"https:\/\/www.noticiasperfil.com\/index\/wp-json\/wp\/v2\/categories?post=108212"},{"taxonomy":"post_tag","embeddable":true,"href":"https:\/\/www.noticiasperfil.com\/index\/wp-json\/wp\/v2\/tags?post=108212"}],"curies":[{"name":"wp","href":"https:\/\/api.w.org\/{rel}","templated":true}]}}