{"id":108214,"date":"2024-07-31T12:48:31","date_gmt":"2024-07-31T17:48:31","guid":{"rendered":"https:\/\/www.noticiasperfil.com\/index\/?p=108214"},"modified":"2024-07-31T12:48:31","modified_gmt":"2024-07-31T17:48:31","slug":"dictaduras-1","status":"publish","type":"post","link":"https:\/\/www.noticiasperfil.com\/index\/2024\/07\/31\/dictaduras-1\/","title":{"rendered":"Dictaduras \/1"},"content":{"rendered":"<p><img loading=\"lazy\" decoding=\"async\" class=\"aligncenter size-full wp-image-93558\" src=\"https:\/\/i2.wp.com\/www.noticiasperfil.com\/index\/wp-content\/uploads\/2022\/10\/sergio-gonzalez-levet.jpg?resize=600%2C436&#038;ssl=1\" alt=\"\" width=\"600\" height=\"436\" data-recalc-dims=\"1\" \/><\/p>\n<p><strong>Sin Tacto\/Por Sergio Gonz\u00e1lez Levet.<\/strong><\/p>\n<p>En el panorama geopol\u00edtico de los a\u00f1os 70 del siglo pasado, Am\u00e9rica Latina estaba gobernada por un mar de dictaduras militares que hab\u00edan sido promovidas y establecidas por los Estados Unidos como su respuesta a la revoluci\u00f3n internacional que impulsaba la URSS en la regi\u00f3n, a trav\u00e9s de Cuba.<\/p>\n<p>Un repaso somero revela el \u00edmpetu controlador del imperio yanqui, que impuso a militares que se hab\u00edan adoctrinado en la Casa de las Am\u00e9ricas de Panam\u00e1 con expertos de la CIA.<\/p>\n<p>Hoy enlistar\u00e9 a los pa\u00edses que sufrieron el yugo sanguinario de los milicos y ma\u00f1ana seguir\u00e9 con el tema en la actualidad.<\/p>\n<p>En Bolivia, Hugo Banzer impuso su bota militar de 1971 al a\u00f1o 2001.<\/p>\n<p>Varias juntas militares sojuzgaron Argentina desde 1964 hasta 1982. El \u00faltimo dictador fue Jorge Rafael Videla, que fue acusado de 483 cr\u00edmenes de lesa humanidad y estuvo en la c\u00e1rcel los \u00faltimos a\u00f1os de su vida. Muri\u00f3 en el ba\u00f1o de su celda, en condiciones similares a las del Tigre de Santa Julia.<\/p>\n<p>Uruguay padeci\u00f3 de 1973 a 1985 la intervenci\u00f3n de los militares, que tomaron el poder en el contexto de la campa\u00f1a contra la guerrilla de los tupamaros. En esos 12 a\u00f1os muchos nacionalistas fueron expulsados del pa\u00eds y las prisiones se llenaron de opositores al r\u00e9gimen.<\/p>\n<p>En Chile, Augusto Pinochet depuso y asesin\u00f3 a Salvador Allende en 1973 y se mantuvo hasta 1990, cuando una consulta popular decidi\u00f3 por el regreso de la democracia.<\/p>\n<p>Paraguay tuvo que soportar 35 a\u00f1os a Alfredo Stroessner (de 1954 a 1989), un militar afecto a la ideolog\u00eda nazi que se dedic\u00f3 especialmente a violar los derechos humanos de sus gobernados. Fue derrocado por otro golpe militar que encabez\u00f3 ni m\u00e1s ni menos que su consuegro, el general de divisi\u00f3n Andr\u00e9s Rodr\u00edguez Pedotti.<\/p>\n<p>Per\u00fa estuvo bajo la f\u00e9rula militar desde 1968 a 1980. Del 68 al 75 estuvo al frente Juan Velasco Alvarado, un general con tendencias liberales que fue finalmente echado por militares m\u00e1s conservadores.<\/p>\n<p>En Brasil, el ej\u00e9rcito derroc\u00f3 al gobierno democr\u00e1tico del presidente Jo\u00e3o Goulart e instaur\u00f3 una dictadura militar encabezada por Humberto de Alencar Castelo Branco. La sangrienta dictadura dur\u00f3 hasta 1985, cuando asumi\u00f3 democr\u00e1ticamente el presidente Jos\u00e9 Sarney.<\/p>\n<p>En Ecuador, los militares gobernaron desde 1972 hasta 1984, y ejercieron reg\u00edmenes violentos y en contra de las libertades civiles.<\/p>\n<p>Nicaragua sufri\u00f3 uno de los reg\u00edmenes militares m\u00e1s largos a trav\u00e9s de la dictadura de Luis Somoza Garc\u00eda y sus hijos Luis y Anastasio Somoza Debayle. La familia se apoder\u00f3 del pa\u00eds desde 1937 hasta que fue derrocada por la revoluci\u00f3n sandinista en 1979.<\/p>\n<p>Esta es la larga lista de la ignominia conservadora. Ma\u00f1ana veremos la lista renovada de los populistas de estos tiempos.<\/p>\n<p>sglevet@gmail.com<\/p>\n","protected":false},"excerpt":{"rendered":"<p>Sin Tacto\/Por Sergio Gonz\u00e1lez Levet. En el panorama geopol\u00edtico de los a\u00f1os 70 del siglo pasado, Am\u00e9rica Latina estaba gobernada por un mar de dictaduras militares que hab\u00edan sido promovidas y establecidas por los Estados Unidos como su respuesta a la revoluci\u00f3n internacional que impulsaba la URSS en la regi\u00f3n, a trav\u00e9s de Cuba. Un repaso somero revela el \u00edmpetu controlador del imperio yanqui, que impuso a militares que se hab\u00edan adoctrinado en la Casa de las Am\u00e9ricas de Panam\u00e1 con expertos de la CIA. Hoy enlistar\u00e9 a los pa\u00edses&hellip;<\/p>\n","protected":false},"author":1,"featured_media":0,"comment_status":"open","ping_status":"closed","sticky":false,"template":"","format":"standard","meta":{"footnotes":""},"categories":[8,14],"tags":[1332],"class_list":["post-108214","post","type-post","status-publish","format-standard","hentry","category-opinion","category-sin-tacto","tag-sergio-gonzalez-levet"],"jetpack-related-posts":[],"_links":{"self":[{"href":"https:\/\/www.noticiasperfil.com\/index\/wp-json\/wp\/v2\/posts\/108214","targetHints":{"allow":["GET"]}}],"collection":[{"href":"https:\/\/www.noticiasperfil.com\/index\/wp-json\/wp\/v2\/posts"}],"about":[{"href":"https:\/\/www.noticiasperfil.com\/index\/wp-json\/wp\/v2\/types\/post"}],"author":[{"embeddable":true,"href":"https:\/\/www.noticiasperfil.com\/index\/wp-json\/wp\/v2\/users\/1"}],"replies":[{"embeddable":true,"href":"https:\/\/www.noticiasperfil.com\/index\/wp-json\/wp\/v2\/comments?post=108214"}],"version-history":[{"count":1,"href":"https:\/\/www.noticiasperfil.com\/index\/wp-json\/wp\/v2\/posts\/108214\/revisions"}],"predecessor-version":[{"id":108215,"href":"https:\/\/www.noticiasperfil.com\/index\/wp-json\/wp\/v2\/posts\/108214\/revisions\/108215"}],"wp:attachment":[{"href":"https:\/\/www.noticiasperfil.com\/index\/wp-json\/wp\/v2\/media?parent=108214"}],"wp:term":[{"taxonomy":"category","embeddable":true,"href":"https:\/\/www.noticiasperfil.com\/index\/wp-json\/wp\/v2\/categories?post=108214"},{"taxonomy":"post_tag","embeddable":true,"href":"https:\/\/www.noticiasperfil.com\/index\/wp-json\/wp\/v2\/tags?post=108214"}],"curies":[{"name":"wp","href":"https:\/\/api.w.org\/{rel}","templated":true}]}}