{"id":108219,"date":"2024-07-31T16:07:50","date_gmt":"2024-07-31T21:07:50","guid":{"rendered":"https:\/\/www.noticiasperfil.com\/index\/?p=108219"},"modified":"2024-07-31T16:07:50","modified_gmt":"2024-07-31T21:07:50","slug":"vinculdo-a-proceso-luis-alfredo-n-por-feminicidio-de-noriko-dallana-en-coatzacoalcos","status":"publish","type":"post","link":"https:\/\/www.noticiasperfil.com\/index\/2024\/07\/31\/vinculdo-a-proceso-luis-alfredo-n-por-feminicidio-de-noriko-dallana-en-coatzacoalcos\/","title":{"rendered":"Vinculdo a proceso Luis Alfredo \u00abN\u00bb por feminicidio de Noriko Dallana en Coatzacoalcos"},"content":{"rendered":"<p><img loading=\"lazy\" decoding=\"async\" data-attachment-id=\"108220\" data-permalink=\"https:\/\/www.noticiasperfil.com\/index\/2024\/07\/31\/vinculdo-a-proceso-luis-alfredo-n-por-feminicidio-de-noriko-dallana-en-coatzacoalcos\/luis-alfredo-n\/\" data-orig-file=\"https:\/\/i1.wp.com\/www.noticiasperfil.com\/index\/wp-content\/uploads\/2024\/07\/luis-alfredo-n.jpg?fit=960%2C960&amp;ssl=1\" data-orig-size=\"960,960\" data-comments-opened=\"1\" data-image-meta=\"{&quot;aperture&quot;:&quot;0&quot;,&quot;credit&quot;:&quot;&quot;,&quot;camera&quot;:&quot;&quot;,&quot;caption&quot;:&quot;&quot;,&quot;created_timestamp&quot;:&quot;0&quot;,&quot;copyright&quot;:&quot;&quot;,&quot;focal_length&quot;:&quot;0&quot;,&quot;iso&quot;:&quot;0&quot;,&quot;shutter_speed&quot;:&quot;0&quot;,&quot;title&quot;:&quot;&quot;,&quot;orientation&quot;:&quot;0&quot;}\" data-image-title=\"luis-alfredo-n\" data-image-description=\"\" data-medium-file=\"https:\/\/i1.wp.com\/www.noticiasperfil.com\/index\/wp-content\/uploads\/2024\/07\/luis-alfredo-n.jpg?fit=660%2C365&amp;ssl=1\" data-large-file=\"https:\/\/i1.wp.com\/www.noticiasperfil.com\/index\/wp-content\/uploads\/2024\/07\/luis-alfredo-n.jpg?fit=640%2C366&amp;ssl=1\" class=\"aligncenter size-full wp-image-108220\" src=\"https:\/\/i1.wp.com\/www.noticiasperfil.com\/index\/wp-content\/uploads\/2024\/07\/luis-alfredo-n.jpg?resize=640%2C640&#038;ssl=1\" alt=\"\" width=\"640\" height=\"640\" data-recalc-dims=\"1\" \/><\/p>\n<p>Xalapa, Ver.- La Fiscal\u00eda General del Estado informa que, a trav\u00e9s de la Fiscal\u00eda Especializada en Delitos de Violencia contra la Familia, Mujeres, Ni\u00f1as y Ni\u00f1os y de Trata de Personas, obtuvo vinculaci\u00f3n a proceso en contra de Luis Alfredo \u201cN\u201d, \u00a0como probable responsable del delito de feminicidio, en agravio de la v\u00edctima Noriko Dallana \u201cN\u201d. El vinculado es considerado presunto autor material del feminicidio.<\/p>\n<p>Hechos suscitados el d\u00eda 19 de este mes, a las afueras de la cl\u00ednica 36 del Instituto Mexicano del Seguro Social, ubicado en la ciudad de Coatzacoalcos.<\/p>\n<p>El juez ratific\u00f3 la medida cautelar de prisi\u00f3n preventiva justificada por un a\u00f1o y estableci\u00f3 seis meses para la investigaci\u00f3n complementaria, dentro del proceso penal 588\/2024.<\/p>\n","protected":false},"excerpt":{"rendered":"<p>Xalapa, Ver.- La Fiscal\u00eda General del Estado informa que, a trav\u00e9s de la Fiscal\u00eda Especializada en Delitos de Violencia contra la Familia, Mujeres, Ni\u00f1as y Ni\u00f1os y de Trata de Personas, obtuvo vinculaci\u00f3n a proceso en contra de Luis Alfredo \u201cN\u201d, \u00a0como probable responsable del delito de feminicidio, en agravio de la v\u00edctima Noriko Dallana \u201cN\u201d. El vinculado es considerado presunto autor material del feminicidio. Hechos suscitados el d\u00eda 19 de este mes, a las afueras de la cl\u00ednica 36 del Instituto Mexicano del Seguro Social, ubicado en la ciudad&hellip;<\/p>\n","protected":false},"author":1,"featured_media":108220,"comment_status":"open","ping_status":"closed","sticky":false,"template":"","format":"standard","meta":{"footnotes":""},"categories":[3,4,13],"tags":[10491],"class_list":["post-108219","post","type-post","status-publish","format-standard","has-post-thumbnail","hentry","category-destacadas","category-estatal","category-seguridad","tag-noriko-dallana"],"jetpack-related-posts":[],"_links":{"self":[{"href":"https:\/\/www.noticiasperfil.com\/index\/wp-json\/wp\/v2\/posts\/108219","targetHints":{"allow":["GET"]}}],"collection":[{"href":"https:\/\/www.noticiasperfil.com\/index\/wp-json\/wp\/v2\/posts"}],"about":[{"href":"https:\/\/www.noticiasperfil.com\/index\/wp-json\/wp\/v2\/types\/post"}],"author":[{"embeddable":true,"href":"https:\/\/www.noticiasperfil.com\/index\/wp-json\/wp\/v2\/users\/1"}],"replies":[{"embeddable":true,"href":"https:\/\/www.noticiasperfil.com\/index\/wp-json\/wp\/v2\/comments?post=108219"}],"version-history":[{"count":1,"href":"https:\/\/www.noticiasperfil.com\/index\/wp-json\/wp\/v2\/posts\/108219\/revisions"}],"predecessor-version":[{"id":108221,"href":"https:\/\/www.noticiasperfil.com\/index\/wp-json\/wp\/v2\/posts\/108219\/revisions\/108221"}],"wp:featuredmedia":[{"embeddable":true,"href":"https:\/\/www.noticiasperfil.com\/index\/wp-json\/wp\/v2\/media\/108220"}],"wp:attachment":[{"href":"https:\/\/www.noticiasperfil.com\/index\/wp-json\/wp\/v2\/media?parent=108219"}],"wp:term":[{"taxonomy":"category","embeddable":true,"href":"https:\/\/www.noticiasperfil.com\/index\/wp-json\/wp\/v2\/categories?post=108219"},{"taxonomy":"post_tag","embeddable":true,"href":"https:\/\/www.noticiasperfil.com\/index\/wp-json\/wp\/v2\/tags?post=108219"}],"curies":[{"name":"wp","href":"https:\/\/api.w.org\/{rel}","templated":true}]}}