{"id":108222,"date":"2024-07-31T16:25:29","date_gmt":"2024-07-31T21:25:29","guid":{"rendered":"https:\/\/www.noticiasperfil.com\/index\/?p=108222"},"modified":"2024-07-31T16:25:29","modified_gmt":"2024-07-31T21:25:29","slug":"gobierno-federal-destina-7-9-billones-de-pesos-a-programas-para-el-bienestar-y-obras-de-infraestructura","status":"publish","type":"post","link":"https:\/\/www.noticiasperfil.com\/index\/2024\/07\/31\/gobierno-federal-destina-7-9-billones-de-pesos-a-programas-para-el-bienestar-y-obras-de-infraestructura\/","title":{"rendered":"Gobierno federal destina 7.9 billones de pesos a Programas para el Bienestar y obras de infraestructura"},"content":{"rendered":"<p><img loading=\"lazy\" decoding=\"async\" data-attachment-id=\"108223\" data-permalink=\"https:\/\/www.noticiasperfil.com\/index\/2024\/07\/31\/gobierno-federal-destina-7-9-billones-de-pesos-a-programas-para-el-bienestar-y-obras-de-infraestructura\/amlo-bienestar\/\" data-orig-file=\"https:\/\/i0.wp.com\/www.noticiasperfil.com\/index\/wp-content\/uploads\/2024\/07\/amlo-bienestar.jpg?fit=745%2C450&amp;ssl=1\" data-orig-size=\"745,450\" data-comments-opened=\"1\" data-image-meta=\"{&quot;aperture&quot;:&quot;0&quot;,&quot;credit&quot;:&quot;&quot;,&quot;camera&quot;:&quot;&quot;,&quot;caption&quot;:&quot;&quot;,&quot;created_timestamp&quot;:&quot;0&quot;,&quot;copyright&quot;:&quot;&quot;,&quot;focal_length&quot;:&quot;0&quot;,&quot;iso&quot;:&quot;0&quot;,&quot;shutter_speed&quot;:&quot;0&quot;,&quot;title&quot;:&quot;&quot;,&quot;orientation&quot;:&quot;0&quot;}\" data-image-title=\"amlo-bienestar\" data-image-description=\"\" data-medium-file=\"https:\/\/i0.wp.com\/www.noticiasperfil.com\/index\/wp-content\/uploads\/2024\/07\/amlo-bienestar.jpg?fit=660%2C365&amp;ssl=1\" data-large-file=\"https:\/\/i0.wp.com\/www.noticiasperfil.com\/index\/wp-content\/uploads\/2024\/07\/amlo-bienestar.jpg?fit=640%2C387&amp;ssl=1\" class=\"aligncenter size-full wp-image-108223\" src=\"https:\/\/i0.wp.com\/www.noticiasperfil.com\/index\/wp-content\/uploads\/2024\/07\/amlo-bienestar.jpg?resize=640%2C387&#038;ssl=1\" alt=\"\" width=\"640\" height=\"387\" data-recalc-dims=\"1\" \/><\/p>\n<p>Ciudad de M\u00e9xico.- A lo largo de casi seis a\u00f1os, el Gobierno de la Cuarta Transformaci\u00f3n reconfigur\u00f3 el gasto p\u00fablico para orientar un total de 7.9 billones de pesos a los\u00a0<a href=\"https:\/\/programasparaelbienestar.gob.mx\/\" target=\"_blank\" rel=\"noopener\">Programas para el Bienestar<\/a>\u00a0y obras p\u00fablicas de infraestructura que benefician a la poblaci\u00f3n, inform\u00f3 el subsecretario de Egresos de la Secretar\u00eda de Hacienda y Cr\u00e9dito P\u00fablico (SHCP), Juan Pablo de Botton Falc\u00f3n.<\/p>\n<p>En conferencia de prensa matutina con el presidente Andr\u00e9s Manuel L\u00f3pez Obrador, resalt\u00f3 que avanzan con presupuesto suficiente las pensiones para el\u00a0<a href=\"https:\/\/programasparaelbienestar.gob.mx\/pension-bienestar-adultos-mayores\/\" target=\"_blank\" rel=\"noopener\">Bienestar de las Personas Adultas Mayores<\/a>\u00a0y de las\u00a0<a href=\"https:\/\/programasparaelbienestar.gob.mx\/pension-bienestar-personas-con-discapacidad\/\" target=\"_blank\" rel=\"noopener\">Personas con Discapacidad,<\/a>\u00a0el\u00a0<a href=\"https:\/\/programasparaelbienestar.gob.mx\/programa-de-ninas-y-ninos-hijos-de-madres-trabajadoras\/\" target=\"_blank\" rel=\"noopener\">Programa para el Bienestar de Ni\u00f1as y Ni\u00f1os Hijos de Madres Trabajadoras<\/a>, las Becas para el Bienestar Benito Ju\u00e1rez desde educaci\u00f3n b\u00e1sica hasta nivel superior,\u00a0<a href=\"https:\/\/programasparaelbienestar.gob.mx\/la-escuela-es-nuestra\/\" target=\"_blank\" rel=\"noopener\">La Escuela es Nuestra<\/a>,\u00a0<a href=\"https:\/\/programasparaelbienestar.gob.mx\/jovenes-construyendo-el-futuro\/\" target=\"_blank\" rel=\"noopener\">J\u00f3venes Construyendo el Futuro<\/a>,\u00a0<a href=\"https:\/\/programasparaelbienestar.gob.mx\/sembrando-vida\/\" target=\"_blank\" rel=\"noopener\">Sembrando Vida<\/a>,\u00a0<a href=\"https:\/\/programasparaelbienestar.gob.mx\/fertilizantes-para-el-bienestar\/\" target=\"_blank\" rel=\"noopener\">Fertilizantes para el Bienestar<\/a><a href=\"https:\/\/programasparaelbienestar.gob.mx\/produccion-para-el-bienestar\/\" target=\"_blank\" rel=\"noopener\">, Producci\u00f3n para el Bienestar<\/a>, Precios de Garant\u00eda,\u00a0<a href=\"https:\/\/programasparaelbienestar.gob.mx\/bienpesca\/\" target=\"_blank\" rel=\"noopener\">Bienpesca<\/a>\u00a0y el programa de Vivienda Social.<\/p>\n<p>Estas iniciativas, dijo, fortalecen los ingresos familiares y reducen de manera hist\u00f3rica la pobreza y la desigualdad social. Los recursos dirigidos a los programas sociales tuvieron un crecimiento real de 131 por ciento en el periodo de 2019 a 2024.<\/p>\n<p>Desde 2019 a la fecha, los recursos se redireccionaron de manera prioritaria hacia regiones marginadas del pa\u00eds, lo que garantiz\u00f3 el derecho a la educaci\u00f3n y la salud, adem\u00e1s de seguridad y bienestar a la poblaci\u00f3n m\u00e1s vulnerable a partir de una inversi\u00f3n de 2.9 billones de pesos.<\/p>\n<p>Las obras prioritarias de infraestructura suman una inversi\u00f3n de 5 billones de pesos que han impulsado la actividad econ\u00f3mica del pa\u00eds, especialmente en zonas de mayor rezago.<\/p>\n<p>La federaci\u00f3n rescata el sistema de trenes para pasajeros con la construcci\u00f3n del Tren Maya, el Tren Interoce\u00e1nico del Istmo de Tehuantepec, el ramal Buenavista-AIFA del Tren Suburbano y la conclusi\u00f3n del Tren Interurbano M\u00e9xico-Toluca, El Insurgente.<\/p>\n<p>En este gobierno se edific\u00f3 infraestructura aeroportuaria: el Aeropuerto Internacional Felipe \u00c1ngeles, en el Estado de M\u00e9xico y el Aeropuerto Internacional Felipe Carrillo Puerto, en Tulum, Quintana Roo.<\/p>\n<p>En obras de conectividad carretera resaltan los caminos artesanales en Oaxaca y Guerrero, as\u00ed como la carretera Oaxaca-Puerto Escondido.<\/p>\n<p>La 4T tambi\u00e9n construy\u00f3 infraestructura h\u00eddrica y obras para la soberan\u00eda energ\u00e9tica. En este rubro destacan la refiner\u00eda Olmeca y las plantas coquizadoras de Tula, Hidalgo, y Salina Cruz, Oaxaca; la modernizaci\u00f3n del Sistema Nacional de Refinaci\u00f3n y la compra de la refiner\u00eda Deer Park, en Texas.<\/p>\n<p>El subsecretario de Egresos puntualiz\u00f3 que la inversi\u00f3n p\u00fablica es posible por la implementaci\u00f3n de una pol\u00edtica de austeridad, combate a la corrupci\u00f3n y eliminaci\u00f3n de lujos y gastos innecesarios.<\/p>\n<p>Desde que inici\u00f3 el actual gobierno federal disminuy\u00f3 salarios de altos funcionarios, gastos de operaci\u00f3n, costos de vi\u00e1ticos, comunicaci\u00f3n social y publicidad. Elimin\u00f3 puestos con duplicidad de funciones y recuper\u00f3 fideicomisos. Resultado de estas medidas, el gasto burocr\u00e1tico se redujo 26 por ciento en t\u00e9rminos reales al pasar de 80 mil millones de pesos en 2018 a 59 mil millones de pesos en 2024.<\/p>\n<p>En contraste con el sexenio anterior (2012-2018), la inversi\u00f3n social en la 4T tuvo un crecimiento promedio real anual de 5.4 por ciento y en el gobierno previo s\u00f3lo creci\u00f3 1.2 por ciento. El gasto en inversi\u00f3n f\u00edsica tambi\u00e9n aument\u00f3 en la actual gesti\u00f3n federal en un promedio real anual de 7.3 por ciento, mientras que en la pasada subi\u00f3 0.1 por ciento.<\/p>\n<p>El secretario de Hacienda y Cr\u00e9dito P\u00fablico, Rogelio Ram\u00edrez de la O, explic\u00f3 que la dependencia opera con base en cuatro pilares congruentes con los principios de la Cuarta Transformaci\u00f3n: apoyo a ingresos familiares, finanzas p\u00fablicas sanas, desarrollo regional y reforzamiento de la oferta.<\/p>\n<p>Estas directrices, afirm\u00f3, conducen a una planeaci\u00f3n fiscal eficiente y responsable que respalda a los hogares m\u00e1s vulnerables mediante los Programas para el Bienestar y el aumento del salario m\u00ednimo en 114 por ciento en t\u00e9rminos reales.<\/p>\n<blockquote><p>\u201cEste modelo de equilibrio es totalmente mexicano, es de esta administraci\u00f3n. No sigue ninguna regla internacional y ninguna receta; es totalmente hechura de esta administraci\u00f3n y con el liderazgo del presidente L\u00f3pez Obrador\u201d, enfatiz\u00f3.<\/p><\/blockquote>\n<p>El presidente L\u00f3pez Obrador puntualiz\u00f3 que la siguiente administraci\u00f3n federal heredar\u00e1 finanzas p\u00fablicas sanas y presupuesto suficiente a fin de comenzar proyectos y programas sociales comprometidos para la continuidad de la Cuarta Transformaci\u00f3n.<\/p>\n<p>Asistieron al informe: el subsecretario de Hacienda y Cr\u00e9dito P\u00fablico Gabriel Yorio Gonz\u00e1lez; el jefe de la Unidad de Planeaci\u00f3n Econ\u00f3mica de la SHCP, Rodrigo Mariscal Paredes; el jefe de Oficina del secretario de Hacienda y Cr\u00e9dito P\u00fablico, Roberto Lazzeri Monta\u00f1o y el titular del Servicio de Administraci\u00f3n Tributaria (SAT), Antonio Mart\u00ednez Dagnino.<\/p>\n","protected":false},"excerpt":{"rendered":"<p>Ciudad de M\u00e9xico.- A lo largo de casi seis a\u00f1os, el Gobierno de la Cuarta Transformaci\u00f3n reconfigur\u00f3 el gasto p\u00fablico para orientar un total de 7.9 billones de pesos a los\u00a0Programas para el Bienestar\u00a0y obras p\u00fablicas de infraestructura que benefician a la poblaci\u00f3n, inform\u00f3 el subsecretario de Egresos de la Secretar\u00eda de Hacienda y Cr\u00e9dito P\u00fablico (SHCP), Juan Pablo de Botton Falc\u00f3n. En conferencia de prensa matutina con el presidente Andr\u00e9s Manuel L\u00f3pez Obrador, resalt\u00f3 que avanzan con presupuesto suficiente las pensiones para el\u00a0Bienestar de las Personas Adultas Mayores\u00a0y de&hellip;<\/p>\n","protected":false},"author":1,"featured_media":108223,"comment_status":"open","ping_status":"closed","sticky":false,"template":"","format":"standard","meta":{"footnotes":""},"categories":[3,7],"tags":[86],"class_list":["post-108222","post","type-post","status-publish","format-standard","has-post-thumbnail","hentry","category-destacadas","category-nacional","tag-andres-manuel-lopez-obrador"],"jetpack-related-posts":[],"_links":{"self":[{"href":"https:\/\/www.noticiasperfil.com\/index\/wp-json\/wp\/v2\/posts\/108222","targetHints":{"allow":["GET"]}}],"collection":[{"href":"https:\/\/www.noticiasperfil.com\/index\/wp-json\/wp\/v2\/posts"}],"about":[{"href":"https:\/\/www.noticiasperfil.com\/index\/wp-json\/wp\/v2\/types\/post"}],"author":[{"embeddable":true,"href":"https:\/\/www.noticiasperfil.com\/index\/wp-json\/wp\/v2\/users\/1"}],"replies":[{"embeddable":true,"href":"https:\/\/www.noticiasperfil.com\/index\/wp-json\/wp\/v2\/comments?post=108222"}],"version-history":[{"count":1,"href":"https:\/\/www.noticiasperfil.com\/index\/wp-json\/wp\/v2\/posts\/108222\/revisions"}],"predecessor-version":[{"id":108224,"href":"https:\/\/www.noticiasperfil.com\/index\/wp-json\/wp\/v2\/posts\/108222\/revisions\/108224"}],"wp:featuredmedia":[{"embeddable":true,"href":"https:\/\/www.noticiasperfil.com\/index\/wp-json\/wp\/v2\/media\/108223"}],"wp:attachment":[{"href":"https:\/\/www.noticiasperfil.com\/index\/wp-json\/wp\/v2\/media?parent=108222"}],"wp:term":[{"taxonomy":"category","embeddable":true,"href":"https:\/\/www.noticiasperfil.com\/index\/wp-json\/wp\/v2\/categories?post=108222"},{"taxonomy":"post_tag","embeddable":true,"href":"https:\/\/www.noticiasperfil.com\/index\/wp-json\/wp\/v2\/tags?post=108222"}],"curies":[{"name":"wp","href":"https:\/\/api.w.org\/{rel}","templated":true}]}}