{"id":108225,"date":"2024-07-31T20:15:16","date_gmt":"2024-08-01T01:15:16","guid":{"rendered":"https:\/\/www.noticiasperfil.com\/index\/?p=108225"},"modified":"2024-07-31T20:15:16","modified_gmt":"2024-08-01T01:15:16","slug":"avalan-congreso-local-que-comision-de-regularizacion-de-predios-escolares-sea-permanente","status":"publish","type":"post","link":"https:\/\/www.noticiasperfil.com\/index\/2024\/07\/31\/avalan-congreso-local-que-comision-de-regularizacion-de-predios-escolares-sea-permanente\/","title":{"rendered":"Avalan Congreso Local que Comisi\u00f3n de Regularizaci\u00f3n de Predios Escolares sea Permanente"},"content":{"rendered":"<p><img loading=\"lazy\" decoding=\"async\" data-attachment-id=\"108226\" data-permalink=\"https:\/\/www.noticiasperfil.com\/index\/2024\/07\/31\/avalan-congreso-local-que-comision-de-regularizacion-de-predios-escolares-sea-permanente\/congreso-veracruz-98\/\" data-orig-file=\"https:\/\/i0.wp.com\/www.noticiasperfil.com\/index\/wp-content\/uploads\/2024\/07\/congreso-veracruz.jpeg?fit=900%2C553&amp;ssl=1\" data-orig-size=\"900,553\" data-comments-opened=\"1\" data-image-meta=\"{&quot;aperture&quot;:&quot;0&quot;,&quot;credit&quot;:&quot;&quot;,&quot;camera&quot;:&quot;&quot;,&quot;caption&quot;:&quot;&quot;,&quot;created_timestamp&quot;:&quot;0&quot;,&quot;copyright&quot;:&quot;&quot;,&quot;focal_length&quot;:&quot;0&quot;,&quot;iso&quot;:&quot;0&quot;,&quot;shutter_speed&quot;:&quot;0&quot;,&quot;title&quot;:&quot;&quot;,&quot;orientation&quot;:&quot;1&quot;}\" data-image-title=\"congreso-veracruz\" data-image-description=\"\" data-medium-file=\"https:\/\/i0.wp.com\/www.noticiasperfil.com\/index\/wp-content\/uploads\/2024\/07\/congreso-veracruz.jpeg?fit=660%2C365&amp;ssl=1\" data-large-file=\"https:\/\/i0.wp.com\/www.noticiasperfil.com\/index\/wp-content\/uploads\/2024\/07\/congreso-veracruz.jpeg?fit=640%2C366&amp;ssl=1\" class=\"aligncenter size-full wp-image-108226\" src=\"https:\/\/i0.wp.com\/www.noticiasperfil.com\/index\/wp-content\/uploads\/2024\/07\/congreso-veracruz.jpeg?resize=640%2C393&#038;ssl=1\" alt=\"\" width=\"640\" height=\"393\" data-recalc-dims=\"1\" \/><\/p>\n<p>Xalapa, Ver.- El Pleno de la LXVI Legislatura aprob\u00f3 la iniciativa presentada el pasado 9 de julio por la diputada Eusebia Cort\u00e9s P\u00e9rez por la que se crea la Comisi\u00f3n Permanente para la Atenci\u00f3n y Seguimiento de la Regularizaci\u00f3n y Situaci\u00f3n Jur\u00eddica de los Predios Escolares.<\/p>\n<p>En la d\u00e9cima sesi\u00f3n, \u00faltima del Segundo Periodo Ordinario de Sesiones del Tercer A\u00f1o de Ejercicio Constitucional, se dio a conocer el dictamen de la Comisi\u00f3n Permanente de Gobernaci\u00f3n que adiciona la fracci\u00f3n XXVI Bis al Art\u00edculo 39 de la Ley Org\u00e1nica del Poder Legislativo, mismo que registr\u00f3 43 votos a favor, sin abstenciones o votos en contra.<\/p>\n<p>De acuerdo con lo expuesto por la instancia dictaminadora, la Comisi\u00f3n para la Atenci\u00f3n y Seguimiento de la Regularizaci\u00f3n y Situaci\u00f3n Jur\u00eddica de los Predios Escolares dejar\u00eda de forma parte de las Especiales y al convertirse en instancia de car\u00e1cter permanente garantizar\u00e1 que m\u00e1s planteles educativos regularicen su situaci\u00f3n jur\u00eddica, \u201cpero ya de manera m\u00e1s directa al poder conocer, estudiar y sobre todo dictaminar los expedientes que lleguen a esta Soberan\u00eda\u201d.<\/p>\n<p>Por otra parte, se\u00f1ala que si bien este Congreso cuenta con las Comisiones Permanentes de Hacienda Municipal y la de Desarrollo Urbano, Ordenamiento Territorial, Vivienda y Fundo Legal, la nueva Comisi\u00f3n no invadir\u00eda sus competencias, toda vez que se concentrar\u00eda en dar seguimiento concreto a la problem\u00e1tica de la situaci\u00f3n jur\u00eddica de los predios escolares, fungiendo como medio de vinculaci\u00f3n, asesor\u00eda, gesti\u00f3n y apoyo a toda la comunidad social y educativa.<\/p>\n<p>Asimismo, la y los legisladores que analizaron la propuesta consideran pertinente contar con instituciones s\u00f3lidas con un marco normativo acorde a las necesidades actuales. Ejemplifican que la Comisi\u00f3n Especial para Atenci\u00f3n y Seguimiento de la Regularizaci\u00f3n y Situaci\u00f3n Jur\u00eddica de los Predios Escolares analiz\u00f3 y estudi\u00f3 m\u00e1s de 150 expedientes y emiti\u00f3 45 Opiniones t\u00e9cnicas en el plazo de un a\u00f1o.<\/p>\n<p>Por \u00faltimo, se enfatiza que contar con la citada Comisi\u00f3n con el car\u00e1cter de Permanente se orientar\u00e1, capacitar\u00e1 y dar\u00e1 seguimiento a la problem\u00e1tica de la regularizaci\u00f3n de los predios escolares, contribuyendo en gran medida con los Objetivos de Desarrollo Sostenible 4, 5, 9 y 16 de la Agenda 2030.<\/p>\n<p>En nombre del Grupo Legislativo de Morena, la diputada Eusebia Cort\u00e9s P\u00e9rez expres\u00f3 que la bancada a la que pertenece est\u00e1 convencida que al elevar a rango de Permanente a la actual Comisi\u00f3n Especial para la Atenci\u00f3n y Seguimiento de la Regularizaci\u00f3n y Situaci\u00f3n Jur\u00eddica de los Predios Escolares, las futuras Legislaturas mantendr\u00e1n un acompa\u00f1amiento y compromiso inquebrantable con este tema que resulta trascendental en la agenda p\u00fablica.<\/p>\n<p>Por consiguiente, la Diputada agradeci\u00f3 el respaldo mostrado a la iniciativa de su autor\u00eda, \u201cagradezco el enorme inter\u00e9s que han mostrado por privilegiar a la educaci\u00f3n, entendi\u00e9ndola como una soluci\u00f3n y no como un problema\u201d.<\/p>\n<p>En el debate general particip\u00f3 el diputado Miguel David Hermida Copado.<\/p>\n","protected":false},"excerpt":{"rendered":"<p>Xalapa, Ver.- El Pleno de la LXVI Legislatura aprob\u00f3 la iniciativa presentada el pasado 9 de julio por la diputada Eusebia Cort\u00e9s P\u00e9rez por la que se crea la Comisi\u00f3n Permanente para la Atenci\u00f3n y Seguimiento de la Regularizaci\u00f3n y Situaci\u00f3n Jur\u00eddica de los Predios Escolares. En la d\u00e9cima sesi\u00f3n, \u00faltima del Segundo Periodo Ordinario de Sesiones del Tercer A\u00f1o de Ejercicio Constitucional, se dio a conocer el dictamen de la Comisi\u00f3n Permanente de Gobernaci\u00f3n que adiciona la fracci\u00f3n XXVI Bis al Art\u00edculo 39 de la Ley Org\u00e1nica del Poder&hellip;<\/p>\n","protected":false},"author":1,"featured_media":108226,"comment_status":"open","ping_status":"closed","sticky":false,"template":"","format":"standard","meta":{"footnotes":""},"categories":[3,4],"tags":[305,10492],"class_list":["post-108225","post","type-post","status-publish","format-standard","has-post-thumbnail","hentry","category-destacadas","category-estatal","tag-congreso-veracruz","tag-eusebia-cortes"],"jetpack-related-posts":[],"_links":{"self":[{"href":"https:\/\/www.noticiasperfil.com\/index\/wp-json\/wp\/v2\/posts\/108225","targetHints":{"allow":["GET"]}}],"collection":[{"href":"https:\/\/www.noticiasperfil.com\/index\/wp-json\/wp\/v2\/posts"}],"about":[{"href":"https:\/\/www.noticiasperfil.com\/index\/wp-json\/wp\/v2\/types\/post"}],"author":[{"embeddable":true,"href":"https:\/\/www.noticiasperfil.com\/index\/wp-json\/wp\/v2\/users\/1"}],"replies":[{"embeddable":true,"href":"https:\/\/www.noticiasperfil.com\/index\/wp-json\/wp\/v2\/comments?post=108225"}],"version-history":[{"count":1,"href":"https:\/\/www.noticiasperfil.com\/index\/wp-json\/wp\/v2\/posts\/108225\/revisions"}],"predecessor-version":[{"id":108227,"href":"https:\/\/www.noticiasperfil.com\/index\/wp-json\/wp\/v2\/posts\/108225\/revisions\/108227"}],"wp:featuredmedia":[{"embeddable":true,"href":"https:\/\/www.noticiasperfil.com\/index\/wp-json\/wp\/v2\/media\/108226"}],"wp:attachment":[{"href":"https:\/\/www.noticiasperfil.com\/index\/wp-json\/wp\/v2\/media?parent=108225"}],"wp:term":[{"taxonomy":"category","embeddable":true,"href":"https:\/\/www.noticiasperfil.com\/index\/wp-json\/wp\/v2\/categories?post=108225"},{"taxonomy":"post_tag","embeddable":true,"href":"https:\/\/www.noticiasperfil.com\/index\/wp-json\/wp\/v2\/tags?post=108225"}],"curies":[{"name":"wp","href":"https:\/\/api.w.org\/{rel}","templated":true}]}}